{"id":7131,"date":"2024-09-18T22:45:00","date_gmt":"2024-09-18T21:45:00","guid":{"rendered":"https:\/\/la-licorne-a-lunettes.fr\/?p=7131"},"modified":"2024-09-23T22:49:08","modified_gmt":"2024-09-23T21:49:08","slug":"dor-et-doreillers-roman-graphique","status":"publish","type":"post","link":"https:\/\/la-licorne-a-lunettes.fr\/index.php\/2024\/09\/18\/dor-et-doreillers-roman-graphique\/","title":{"rendered":"D&rsquo;Or et D&rsquo;Oreillers &#8211; roman graphique"},"content":{"rendered":"<div class=\"wp-block-image\">\n<figure class=\"alignleft size-full is-resized\"><img loading=\"lazy\" src=\"https:\/\/la-licorne-a-lunettes.fr\/wp-content\/uploads\/2024\/09\/d-or-d-oreillers-bd.jpg\" alt=\"\" class=\"wp-image-7132\" width=\"197\" height=\"257\" srcset=\"https:\/\/la-licorne-a-lunettes.fr\/wp-content\/uploads\/2024\/09\/d-or-d-oreillers-bd.jpg 460w, https:\/\/la-licorne-a-lunettes.fr\/wp-content\/uploads\/2024\/09\/d-or-d-oreillers-bd-230x300.jpg 230w\" sizes=\"(max-width: 197px) 100vw, 197px\" \/><\/figure><\/div>\n\n\n<p>\u00ab\u00a0Il est des v\u00e9rit\u00e9s sur l\u2019amour, les nuits des jeunes filles et ce qu\u2019elles font dans leur lit qu\u2019on apprend en grandissant.\u00a0\u00bb Tu es averti.e, lectrice et lecteur qui t\u2019aventure entre les pages de cet ouvrage \u00e9nigmatique.<\/p>\n\n\n\n<p>La lecture du roman de Flore Vesco avait d\u00e9j\u00e0 \u00e9t\u00e9 une exp\u00e9rience litt\u00e9raire plus que r\u00e9jouissante. Un r\u00e9cit cisel\u00e9, comme d\u2019habitude, qui met en lumi\u00e8re le parcours, souvent initiatique, de personnages incarn\u00e9s avec passion et qui bousculent nos habitudes et le carcan patriarcal \u00e9touffant.<\/p>\n\n\n\n<p>Sadima avait d\u00e9j\u00e0 puls\u00e9 intens\u00e9ment entre les lignes de cette autrice brillante qui joue avec la langue fran\u00e7aise comme avec une partition grand-huitesque. Magie, sensualit\u00e9, d\u00e9couverte des premiers \u00e9mois, plaisir et d\u00e9sir, sorcellerie et r\u00e9alit\u00e9 organique, tout dans ce roman-conte hyper moderne avait r\u00e9sonn\u00e9 profond\u00e9ment. Et quelle couverture \u00e0 l\u2019\u00e9poque&nbsp;! Un tableau onirique troublant r\u00e9alis\u00e9 avec majest\u00e9 par\u2026 par celle qui a pris le pouvoir dans cette version adapt\u00e9e en roman graphique. Et quel pouvoir&nbsp;!<\/p>\n\n\n\n<p>Pour rappel ce r\u00e9cit est le conte revisit\u00e9 avec g\u00e9nie de la d\u00e9licate Princesse au petit pois, transpos\u00e9 dans l\u2019Angleterre de Jane Austen, et convoquant autant de symboles arch\u00e9typaux comme le lit, objet de la qu\u00eate amoureuse, l\u2019hypersensibilt\u00e9 amoureuse confin\u00e9e \u00e0 l\u2019extr\u00eame et tacl\u00e9e avec humour, et la magie myst\u00e9rieuse de l\u2019amour \u00e0 tous les niveaux. Va lire ce roman de toute urgence, si tu ne l\u2019as pas encore fait\u00a0!<\/p>\n\n\n\n<!--more-->\n\n\n\n<p>En r\u00e9sum\u00e9, Lord Handerson (tu as le clin d\u2019\u0153il \u00e0 l\u2019auteur du conte&nbsp;?), riche h\u00e9ritier, a con\u00e7u un test pour choisir au mieux sa&nbsp; future \u00e9pouse. Chaque candidate est invit\u00e9e \u00e0 passer une nuit \u00e0 Blenkinsop Castle, seule, dans un lit d\u2019une hauteur invraisemblable. Et voil\u00e0 que les 3 filles de Mme Watkins accompagn\u00e9es de leur jeune femme de chambre Sadima se retrouvent, presque par hasard (dis donc), dans cette demeure \u00e9nigmatique et terriblement magn\u00e9tique. Echecs pour les ladies. Mais voici que Lord Handerson propose \u00e0 Sadima de passer l\u2019\u00e9preuve. S\u00e9duction, myst\u00e8res, ensorcellements, non-dits et rapports de force. Sadima, femme de l\u2019ombre aux col\u00e8res orageuses, va entrer dans la lumi\u00e8re et se r\u00e9v\u00e9ler.<\/p>\n\n\n\n<p>J\u2019\u00e9tais d\u00e9j\u00e0 fan de l\u2019univers de Mayalen Goust mais ici, on monte un cran dans le grandiose et le fantastique. Elle a su trouver entre les lignes de l\u2019imaginaire bouillonnant de Flore Vesco la mati\u00e8re pour insuffler sensualit\u00e9 et inqui\u00e9tude de mani\u00e8re exponentielle. Sadima convoque aussi bien l\u2019ombre que la lumi\u00e8re, tiraill\u00e9e entre la r\u00e9alit\u00e9 de cette maison forteresse dans laquelle le Lord est enferm\u00e9 et la volupt\u00e9 effervescente qui s\u2019insinue au fil des jours aupr\u00e8s de lui. Car il s\u2019agit avant tout d\u2019une histoire d\u2019amour. Chaque planche est une merveille de d\u00e9tails suggestifs enchanteurs qui enveloppent la lectrice ou le lecteur dans une atmosph\u00e8re envoutante totalement enivrante, et qui sait conserver l\u2019implicite cher \u00e0 l\u2019autrice. La palette de couleurs vives et contrast\u00e9es construisent un d\u00e9cor subjuguant, teint\u00e9 art nouveau, pour incarner cette maison si \u00e9trangement habit\u00e9e. Le portrait de Samida, d\u2019une beaut\u00e9 enivrante et au temp\u00e9rament empreint de fougue, correspond avec d\u00e9lice \u00e0 mon souvenir et toutes les sc\u00e8nes oniriques sont trait\u00e9es avec une beaut\u00e9 \u00e0 couper le souffle.<\/p>\n\n\n\n<p>Mayalen Goust a su apporter sa touche fantasmagorique au r\u00e9cit initial, proposant ainsi une r\u00e9elle cr\u00e9ation plus qu\u2019une adaptation. Elle s\u2019empare de l\u2019univers de Flore Vesco pour apporter encore plus d\u2019\u00e9paisseur aux personnages, plus de sensualit\u00e9 \u00e0 ce qui remue Sadima et son \u00ab\u00a0dr\u00f4le de Lord\u00a0\u00bb, plus de noirceur \u00e0 ce qui se trame au plus profond de cette demeure organique, plus de ce merveilleux qui intimide et excite \u00e0 la fois. Une lecture plaisir avec un grand point d\u2019exclamation\u00a0!<\/p>\n\n\n\n<p>Merci Rue de S\u00e8vres pour la d\u00e9couverte et L&rsquo;\u00e9cole des loisirs et Babelio pour la rencontre avec l&rsquo;autrice et l&rsquo;illustratrice, un moment passionnant sur la cr\u00e9ation et la naissance des personnages, agr\u00e9ment\u00e9e d&rsquo;une adorable d\u00e9dicace !<\/p>\n\n\n\n<p><\/p>\n\n\n\n<p><strong><a href=\"https:\/\/medias.edl.li\/gecko\/extrait\/prod\/9782810205912_F.pdf\" target=\"_blank\" rel=\"noreferrer noopener\">Lire un extrait en cliquant ici<\/a><\/strong><\/p>\n\n\n\n<hr class=\"wp-block-separator has-alpha-channel-opacity\"\/>\n\n\n\n<p><strong>Autrice : Flore VESCO<br>Dessinatrice : Mayalen GOUST<br>Edition &#8211; <a rel=\"noreferrer noopener\" href=\"https:\/\/www.editions-ruedesevres.fr\/D-Or-et-d-Oreillers\" target=\"_blank\">Rue de S\u00e8vres<\/a> &#8211; roman graphique &#8211; 184 pages &#8211; 20 euros<br>ISBN : 9782810205912<br>Ann\u00e9e : Septembre 2024<\/strong><\/p>\n\n\n\n<p><\/p>\n\n\n\n<p>De la m\u00eame autrice : <\/p>\n\n\n\n<p>Chez Dargaud :<br>\u2013 De Cape et de Mots avec Kerascoet (<a href=\"https:\/\/la-licorne-a-lunettes.fr\/index.php\/2022\/11\/11\/de-cape-et-de-mots-bd\/\" target=\"_blank\" rel=\"noreferrer noopener\">chroniqu\u00e9 ici<\/a>)<\/p>\n\n\n\n<p>Chez L\u2019\u00e9cole des loisirs :<br>\u2013 De d\u00e9licieux enfants (<a href=\"https:\/\/la-licorne-a-lunettes.fr\/index.php\/2024\/03\/20\/de-delicieux-enfants\/\" target=\"_blank\" rel=\"noreferrer noopener\">chroniqu\u00e9 ici<\/a>)<br>\u2013 D\u2019or et d\u2019oreilles (<a rel=\"noreferrer noopener\" href=\"https:\/\/la-licorne-a-lunettes.fr\/index.php\/2021\/03\/03\/dor-et-doreillers\/\" target=\"_blank\">chroniqu\u00e9 ici<\/a>)<br>\u2013 L\u2019Estrange Malaventure de Mirella (<a rel=\"noreferrer noopener\" href=\"https:\/\/la-licorne-a-lunettes.fr\/index.php\/2019\/04\/22\/lestrange-malaventure-de-mirella\/\" target=\"_blank\">chroniqu\u00e9 ici<\/a>)<\/p>\n\n\n\n<p>Chez Didier Jeunesse :<br>\u2013 De Cape et de Mots (<a rel=\"noreferrer noopener\" href=\"http:\/\/la-licorne-a-lunettes.fr\/index.php\/2016\/12\/22\/de-cape-et-de-mots\/\" target=\"_blank\">chroniqu\u00e9 ici<\/a>)<br>\u2013 Louis Pasteur contre les loups-garous (<a rel=\"noreferrer noopener\" href=\"http:\/\/la-licorne-a-lunettes.fr\/index.php\/2017\/01\/06\/louis-pasteur-contre-les-loups-garous\/\" target=\"_blank\">chroniqu\u00e9 ici<\/a>)<br>\u2013 Gustave Eiffel et les \u00e2mes de fer (<a rel=\"noreferrer noopener\" href=\"http:\/\/la-licorne-a-lunettes.fr\/index.php\/2018\/08\/24\/gustave-eiffel-et-les-ames-de-fer\/\" target=\"_blank\">chroniqu\u00e9 ici<\/a>)<br>\u2013 226 b\u00e9b\u00e9s<\/p>\n\n\n\n<p><\/p>\n\n\n\n<p>De la m\u00eame dessinatrice : <\/p>\n\n\n\n<p><\/p>\n\n\n\n<p><\/p>\n","protected":false},"excerpt":{"rendered":"<p>\u00ab\u00a0Il est des v\u00e9rit\u00e9s sur l\u2019amour, les nuits des jeunes filles et ce qu\u2019elles font dans leur lit qu\u2019on apprend en grandissant.\u00a0\u00bb Tu es averti.e, lectrice et lecteur qui t\u2019aventure entre les pages de cet ouvrage \u00e9nigmatique. La lecture du roman de Flore Vesco avait d\u00e9j\u00e0 \u00e9t\u00e9 une exp\u00e9rience litt\u00e9raire plus que r\u00e9jouissante. Un r\u00e9cit [&hellip;]<\/p>\n","protected":false},"author":1,"featured_media":0,"comment_status":"open","ping_status":"open","sticky":false,"template":"","format":"standard","meta":{"ngg_post_thumbnail":0},"categories":[206,202],"tags":[41,7,591,38,144,613],"_links":{"self":[{"href":"https:\/\/la-licorne-a-lunettes.fr\/index.php\/wp-json\/wp\/v2\/posts\/7131"}],"collection":[{"href":"https:\/\/la-licorne-a-lunettes.fr\/index.php\/wp-json\/wp\/v2\/posts"}],"about":[{"href":"https:\/\/la-licorne-a-lunettes.fr\/index.php\/wp-json\/wp\/v2\/types\/post"}],"author":[{"embeddable":true,"href":"https:\/\/la-licorne-a-lunettes.fr\/index.php\/wp-json\/wp\/v2\/users\/1"}],"replies":[{"embeddable":true,"href":"https:\/\/la-licorne-a-lunettes.fr\/index.php\/wp-json\/wp\/v2\/comments?post=7131"}],"version-history":[{"count":2,"href":"https:\/\/la-licorne-a-lunettes.fr\/index.php\/wp-json\/wp\/v2\/posts\/7131\/revisions"}],"predecessor-version":[{"id":7134,"href":"https:\/\/la-licorne-a-lunettes.fr\/index.php\/wp-json\/wp\/v2\/posts\/7131\/revisions\/7134"}],"wp:attachment":[{"href":"https:\/\/la-licorne-a-lunettes.fr\/index.php\/wp-json\/wp\/v2\/media?parent=7131"}],"wp:term":[{"taxonomy":"category","embeddable":true,"href":"https:\/\/la-licorne-a-lunettes.fr\/index.php\/wp-json\/wp\/v2\/categories?post=7131"},{"taxonomy":"post_tag","embeddable":true,"href":"https:\/\/la-licorne-a-lunettes.fr\/index.php\/wp-json\/wp\/v2\/tags?post=7131"}],"curies":[{"name":"wp","href":"https:\/\/api.w.org\/{rel}","templated":true}]}}