{"id":7121,"date":"2024-08-21T17:37:00","date_gmt":"2024-08-21T16:37:00","guid":{"rendered":"https:\/\/la-licorne-a-lunettes.fr\/?p=7121"},"modified":"2024-08-28T17:44:38","modified_gmt":"2024-08-28T16:44:38","slug":"plan-de-vol","status":"publish","type":"post","link":"https:\/\/la-licorne-a-lunettes.fr\/index.php\/2024\/08\/21\/plan-de-vol\/","title":{"rendered":"Plan de vol"},"content":{"rendered":"<div class=\"wp-block-image\">\n<figure class=\"alignleft size-full is-resized\"><img loading=\"lazy\" src=\"https:\/\/la-licorne-a-lunettes.fr\/wp-content\/uploads\/2024\/08\/plan_de_vol.jpg\" alt=\"\" class=\"wp-image-7122\" width=\"186\" height=\"292\" srcset=\"https:\/\/la-licorne-a-lunettes.fr\/wp-content\/uploads\/2024\/08\/plan_de_vol.jpg 300w, https:\/\/la-licorne-a-lunettes.fr\/wp-content\/uploads\/2024\/08\/plan_de_vol-191x300.jpg 191w\" sizes=\"(max-width: 186px) 100vw, 186px\" \/><\/figure><\/div>\n\n\n<p>Ayant d\u00e9vor\u00e9 \u00ab&nbsp;Le Th\u00e9or\u00e8me du Kiwi&nbsp;\u00bb qui va sortir la semaine prochaine (et donc je vous parlerai bien \u00e9videment) &#8211; le ton, le rythme, les dialogues bourr\u00e9s d\u2019humour, les situations rocambolesques &#8211; j\u2019\u00e9tais curieuse de savoir ce qu\u2019il avait \u00e9crit d\u2019autres en jeunesse, vu que je ne le connaissais que via la BD.<\/p>\n\n\n\n<p>Compl\u00e8tement par hasard en fl\u00e2nant chez mes libraires habituelles, je suis tomb\u00e9e sur ce titre dans cette collection tr\u00e8s originale, Faction. La 4<sup>e<\/sup> de couverture m\u2019a embarqu\u00e9e tout de suite, si vite que j\u2019ai omis la condition du jeune protagoniste de l\u2019histoire, Tim\u00a0: un pigeon. Mais d\u00e8s les premi\u00e8res lignes, la Pigeonit\u00e9 s\u2019est rappel\u00e9 \u00e0 moi avec force d\u00e9sopilance.<\/p>\n\n\n\n<p>On pitche un coup\u00a0: Tim est un ado comme les autres, il aime tra\u00eener en ville avec son pote Ernest (clin d\u2019\u0153il de ce pr\u00e9nom dans le prochain roman \u00e0 para\u00eetre, h\u00e9h\u00e9), aller au parc, voir grapiller des miettes de KFC. Tranquillou bilou. Jusqu\u2019au soir o\u00f9 son daron lui annonce qu\u2019il n\u2019y a plus de place au nid car sa m\u00e8re couve un nouvel \u0153uf. Brutal. Obligation de voler de ses propres ailes. Mais le gars a de la ressource, ou surtout de la suite dans les id\u00e9es, un malin le Tim, surtout depuis qu\u2019il a crois\u00e9 la route de Tristan, un type grave cool genre jardinier-botaniste qui aime cultiver sous lampes chauffantes. Une rencontre qui va changer la vie de Tim de mani\u00e8re inattendue et totalement jubilatoire.<\/p>\n\n\n\n<!--more-->\n\n\n\n<p>Je n\u2019en dis pas trop car c\u2019est vraiment un plaisir de d\u00e9couvrir comment Tim et ses potos se retrouvent dans des situations invraisemblables, au c\u0153ur de luttes entre emplum\u00e9s pr\u00eats \u00e0 toujours pour conserver le monopole de la miette urbaine. Les dialogues sont hyper dr\u00f4les, l\u2019histoire pleine de rebondissements, les personnages secondaires bien croqu\u00e9s et le plan de Tim pour s\u2019en sortir dans la vie compl\u00e8tement d\u00e9jant\u00e9. Un conseil dans la vie, faut pas emmerder les corbeaux, quoique\u2026<\/p>\n\n\n\n<hr class=\"wp-block-separator has-alpha-channel-opacity\"\/>\n\n\n\n<p><strong>Auteur : Jacky SCHWARTZMANN<br>Edition : <a rel=\"noreferrer noopener\" href=\"https:\/\/www.editionsfaction.fr\/titres\/livre\/14-plan-de-vol\" target=\"_blank\">Faction chez In8<\/a> &#8211; roman &#8211; 112 pages &#8211; 13 euros<br>ISBN : 978-2-49473-010-6<br>Ann\u00e9e : Octobre 2023<\/strong><\/p>\n\n\n\n<p><\/p>\n\n\n\n<p>Du m\u00eame auteur : <\/p>\n\n\n\n<p>&#8211; Le th\u00e9or\u00e8me du kiwi &#8211; Ecole des loisirs (<a href=\"https:\/\/la-licorne-a-lunettes.fr\/index.php\/2024\/08\/28\/le-theoreme-du-kiwi\/\" target=\"_blank\" rel=\"noreferrer noopener\">chroniqu\u00e9 ici<\/a>)<\/p>\n","protected":false},"excerpt":{"rendered":"<p>Ayant d\u00e9vor\u00e9 \u00ab&nbsp;Le Th\u00e9or\u00e8me du Kiwi&nbsp;\u00bb qui va sortir la semaine prochaine (et donc je vous parlerai bien \u00e9videment) &#8211; le ton, le rythme, les dialogues bourr\u00e9s d\u2019humour, les situations rocambolesques &#8211; j\u2019\u00e9tais curieuse de savoir ce qu\u2019il avait \u00e9crit d\u2019autres en jeunesse, vu que je ne le connaissais que via la BD. Compl\u00e8tement par [&hellip;]<\/p>\n","protected":false},"author":1,"featured_media":0,"comment_status":"open","ping_status":"open","sticky":false,"template":"","format":"standard","meta":{"ngg_post_thumbnail":0},"categories":[206,19,61],"tags":[100,564,30,23,7,6,611,34],"_links":{"self":[{"href":"https:\/\/la-licorne-a-lunettes.fr\/index.php\/wp-json\/wp\/v2\/posts\/7121"}],"collection":[{"href":"https:\/\/la-licorne-a-lunettes.fr\/index.php\/wp-json\/wp\/v2\/posts"}],"about":[{"href":"https:\/\/la-licorne-a-lunettes.fr\/index.php\/wp-json\/wp\/v2\/types\/post"}],"author":[{"embeddable":true,"href":"https:\/\/la-licorne-a-lunettes.fr\/index.php\/wp-json\/wp\/v2\/users\/1"}],"replies":[{"embeddable":true,"href":"https:\/\/la-licorne-a-lunettes.fr\/index.php\/wp-json\/wp\/v2\/comments?post=7121"}],"version-history":[{"count":2,"href":"https:\/\/la-licorne-a-lunettes.fr\/index.php\/wp-json\/wp\/v2\/posts\/7121\/revisions"}],"predecessor-version":[{"id":7124,"href":"https:\/\/la-licorne-a-lunettes.fr\/index.php\/wp-json\/wp\/v2\/posts\/7121\/revisions\/7124"}],"wp:attachment":[{"href":"https:\/\/la-licorne-a-lunettes.fr\/index.php\/wp-json\/wp\/v2\/media?parent=7121"}],"wp:term":[{"taxonomy":"category","embeddable":true,"href":"https:\/\/la-licorne-a-lunettes.fr\/index.php\/wp-json\/wp\/v2\/categories?post=7121"},{"taxonomy":"post_tag","embeddable":true,"href":"https:\/\/la-licorne-a-lunettes.fr\/index.php\/wp-json\/wp\/v2\/tags?post=7121"}],"curies":[{"name":"wp","href":"https:\/\/api.w.org\/{rel}","templated":true}]}}