{"id":7022,"date":"2024-02-24T17:44:00","date_gmt":"2024-02-24T16:44:00","guid":{"rendered":"https:\/\/la-licorne-a-lunettes.fr\/?p=7022"},"modified":"2024-03-24T17:49:52","modified_gmt":"2024-03-24T16:49:52","slug":"la-cabane","status":"publish","type":"post","link":"https:\/\/la-licorne-a-lunettes.fr\/index.php\/2024\/02\/24\/la-cabane\/","title":{"rendered":"La cabane"},"content":{"rendered":"<div class=\"wp-block-image\">\n<figure class=\"alignleft size-full is-resized\"><img loading=\"lazy\" src=\"https:\/\/la-licorne-a-lunettes.fr\/wp-content\/uploads\/2024\/03\/couvlecomtelacabanervb_9782211332613.jpg\" alt=\"\" class=\"wp-image-7023\" width=\"175\" height=\"265\" srcset=\"https:\/\/la-licorne-a-lunettes.fr\/wp-content\/uploads\/2024\/03\/couvlecomtelacabanervb_9782211332613.jpg 340w, https:\/\/la-licorne-a-lunettes.fr\/wp-content\/uploads\/2024\/03\/couvlecomtelacabanervb_9782211332613-198x300.jpg 198w\" sizes=\"(max-width: 175px) 100vw, 175px\" \/><\/figure><\/div>\n\n\n<p>Un lyc\u00e9en assis sur son lit. Dans sa chambre. Sa \u00ab\u00a0cabane\u00a0\u00bb. Rien de plus banal, en soi. Et pourtant.<br>Un lyc\u00e9en. Dans sa chambre. \u00c0 l\u2019int\u00e9rieur. Depuis 187 jours. On se questionne. Lui aussi.<br>Un rendez-vous. Aujourd\u2019hui. Le 14 mai. Un jour exceptionnel, pour lui, not\u00e9 d\u2019une croix rouge sur un calendrier. <br>Un rendez-vous avec l\u2019ext\u00e9rieur. La premi\u00e8re sortie depuis 6 mois. Forc\u00e9ment intrigant.<\/p>\n\n\n\n<p>Depuis 6 mois, cet adolescent est incapable de franchir le seuil de la porte, ni m\u00eame de tourner la poign\u00e9e. Un diagnostic est pos\u00e9 : le syndrome de la cabane. Un repli sur soi, une phobie sociale, une anxi\u00e9t\u00e9 si forte qu\u2019elle paralyse au point de suffoquer \u00e0 l\u2019approche de la porte. Ce que certains d\u2019entre nous ont ressenti apr\u00e8s le confinement et qui a un nom en japonais, Hikikomori. \u00ab&nbsp;Pr\u00e9f\u00e9rer la s\u00e9curit\u00e9 int\u00e9rieure \u00e0 l\u2019exposition au monde ext\u00e9rieur.&nbsp;\u00bb<\/p>\n\n\n\n<p>Et pourtant, dans 2 heures, il doit surmonter la panique qui le bloque chez lui et traverser le jardin, se retrouver dans la rue, atteindre la boulangerie et rentrer. Ce n\u2019est pas un jeu, c\u2019est une \u00e9preuve, et le souffle lui manque, un poids lourd sur la poitrine.<\/p>\n\n\n\n<!--more-->\n\n\n\n<p>C\u2019est un rendez-vous, quasiment en t\u00eate-\u00e0-t\u00eate avec le narrateur que nous propose Ludovic Lecomte dans ce court texte, tendu et vibrant d\u2019\u00e9motions intimes. On chemine avec le jeune gar\u00e7on pendant ces 2 heures, chapitre apr\u00e8s chapitre, num\u00e9rot\u00e9s comme un compte \u00e0 rebours. L\u2019\u00e9criture suit le rythme de ses pens\u00e9es et de ses \u00e9motions, souvent introspectif et analytique, puis parfois chaotique quand la panique monte et que son c\u0153ur s\u2019acc\u00e9l\u00e8re. La d\u00e9tresse transforme le r\u00e9cit en vers libres, l\u2019\u00e9criture traduisant elle-m\u00eame l\u2019\u00e9tat de peur paralysante du narrateur, ses douleurs au ventre et l\u2019impossibilit\u00e9 \u00e0 reprendre son souffle. Pour contrer l\u2019anxi\u00e9t\u00e9, des exercices de respiration&nbsp;: \u00abInspirer Expirer Inspirer Expirer Inspirer Bloquer Expirer Longtemps\u00bb.<\/p>\n\n\n\n<p>Des parents impuissants mais qui r\u00e9sistent \u00e0 leur mani\u00e8re, des amiti\u00e9s qui s\u2019\u00e9tiolent avec la distance et d\u2019autres qui naissent par reconnaissance, l\u2019accompagnement d\u2019une professionnelle qui aide \u00e0 mettre des mots sur des maux, une passion pour le ukulele. C\u2019est l\u2019histoire d\u2019une adolescence fragile, sensible, un passage de vie souvent difficile o\u00f9 l\u2019on peut vite se sentir perdu, et se replier sur soi-m\u00eame. C\u2019est l\u2019histoire d\u2019une entraide collective pour tenter d\u2019insuffler \u00e0 nouveau le d\u00e9sir de vivre, l\u2019histoire d\u2019un espoir de trouver un peu de lumi\u00e8re Over the rainbow.<\/p>\n\n\n\n<hr class=\"wp-block-separator has-alpha-channel-opacity\"\/>\n\n\n\n<p><strong>Auteur : Ludovic LECOMTE<br>Edition : L&rsquo;\u00e9cole des loisirs &#8211; Collection M+ &#8211; 112 pages &#8211; euros<br>ISBN : 9782211332613<br>Ann\u00e9e : Janvier 2024<\/strong><\/p>\n","protected":false},"excerpt":{"rendered":"<p>Un lyc\u00e9en assis sur son lit. Dans sa chambre. Sa \u00ab\u00a0cabane\u00a0\u00bb. Rien de plus banal, en soi. Et pourtant.Un lyc\u00e9en. Dans sa chambre. \u00c0 l\u2019int\u00e9rieur. Depuis 187 jours. On se questionne. Lui aussi.Un rendez-vous. Aujourd\u2019hui. Le 14 mai. Un jour exceptionnel, pour lui, not\u00e9 d\u2019une croix rouge sur un calendrier. Un rendez-vous avec l\u2019ext\u00e9rieur. La [&hellip;]<\/p>\n","protected":false},"author":1,"featured_media":0,"comment_status":"open","ping_status":"open","sticky":false,"template":"","format":"standard","meta":{"ngg_post_thumbnail":0},"categories":[206,19],"tags":[100,52,601,440,600,394,300,324],"_links":{"self":[{"href":"https:\/\/la-licorne-a-lunettes.fr\/index.php\/wp-json\/wp\/v2\/posts\/7022"}],"collection":[{"href":"https:\/\/la-licorne-a-lunettes.fr\/index.php\/wp-json\/wp\/v2\/posts"}],"about":[{"href":"https:\/\/la-licorne-a-lunettes.fr\/index.php\/wp-json\/wp\/v2\/types\/post"}],"author":[{"embeddable":true,"href":"https:\/\/la-licorne-a-lunettes.fr\/index.php\/wp-json\/wp\/v2\/users\/1"}],"replies":[{"embeddable":true,"href":"https:\/\/la-licorne-a-lunettes.fr\/index.php\/wp-json\/wp\/v2\/comments?post=7022"}],"version-history":[{"count":1,"href":"https:\/\/la-licorne-a-lunettes.fr\/index.php\/wp-json\/wp\/v2\/posts\/7022\/revisions"}],"predecessor-version":[{"id":7024,"href":"https:\/\/la-licorne-a-lunettes.fr\/index.php\/wp-json\/wp\/v2\/posts\/7022\/revisions\/7024"}],"wp:attachment":[{"href":"https:\/\/la-licorne-a-lunettes.fr\/index.php\/wp-json\/wp\/v2\/media?parent=7022"}],"wp:term":[{"taxonomy":"category","embeddable":true,"href":"https:\/\/la-licorne-a-lunettes.fr\/index.php\/wp-json\/wp\/v2\/categories?post=7022"},{"taxonomy":"post_tag","embeddable":true,"href":"https:\/\/la-licorne-a-lunettes.fr\/index.php\/wp-json\/wp\/v2\/tags?post=7022"}],"curies":[{"name":"wp","href":"https:\/\/api.w.org\/{rel}","templated":true}]}}