{"id":6955,"date":"2023-11-01T18:30:00","date_gmt":"2023-11-01T17:30:00","guid":{"rendered":"https:\/\/la-licorne-a-lunettes.fr\/?p=6955"},"modified":"2023-11-19T18:51:36","modified_gmt":"2023-11-19T17:51:36","slug":"nous-traverserons-des-orages","status":"publish","type":"post","link":"https:\/\/la-licorne-a-lunettes.fr\/index.php\/2023\/11\/01\/nous-traverserons-des-orages\/","title":{"rendered":"Nous traverserons des orages"},"content":{"rendered":"<div class=\"wp-block-image\">\n<figure class=\"alignleft size-large is-resized\"><img loading=\"lazy\" src=\"https:\/\/la-licorne-a-lunettes.fr\/wp-content\/uploads\/2023\/11\/Nous-traverserons-des-orages-705x1024.jpg\" alt=\"\" class=\"wp-image-6956\" width=\"186\" height=\"270\" srcset=\"https:\/\/la-licorne-a-lunettes.fr\/wp-content\/uploads\/2023\/11\/Nous-traverserons-des-orages-705x1024.jpg 705w, https:\/\/la-licorne-a-lunettes.fr\/wp-content\/uploads\/2023\/11\/Nous-traverserons-des-orages-207x300.jpg 207w, https:\/\/la-licorne-a-lunettes.fr\/wp-content\/uploads\/2023\/11\/Nous-traverserons-des-orages-768x1115.jpg 768w, https:\/\/la-licorne-a-lunettes.fr\/wp-content\/uploads\/2023\/11\/Nous-traverserons-des-orages-1058x1536.jpg 1058w, https:\/\/la-licorne-a-lunettes.fr\/wp-content\/uploads\/2023\/11\/Nous-traverserons-des-orages-1411x2048.jpg 1411w, https:\/\/la-licorne-a-lunettes.fr\/wp-content\/uploads\/2023\/11\/Nous-traverserons-des-orages-scaled.jpg 1763w\" sizes=\"(max-width: 186px) 100vw, 186px\" \/><\/figure><\/div>\n\n\n<p><em>\u00ab&nbsp;Est-ce que le monde serait moins violent si les hommes pleuraient plus souvent&nbsp;?&nbsp;\u00bb<\/em><\/p>\n\n\n\n<p>C\u2019est le constat que je fais depuis tant d\u2019ann\u00e9e, comme beaucoup, et qui, face \u00e0 cette violence perp\u00e9tuelle, alimente une col\u00e8re int\u00e9rieure que j\u2019ai de plus en plus de mal \u00e0 contenir. Mais la col\u00e8re n\u2019est pas constructive si elle n\u2019est pas force de propositions, source de solutions et d\u2019actions. La litt\u00e9rature est une source.<\/p>\n\n\n\n<p>Et comme dirait le narrateur de cette fresque historique et familiale qui m\u2019a tant \u00e9mue&nbsp;: <em>\u00ab&nbsp;Ecrire est une fa\u00e7on de reprendre un peu le dessus sur l\u2019absurde violence du monde, tu ne penses pas&nbsp;?&nbsp;\u00bb<\/em><\/p>\n\n\n\n<p>Car encore une fois, Anne-Laure Bondoux nous offre un r\u00e9cit d\u2019une grande intensit\u00e9, cisel\u00e9 avec justesse et qui touche au plus profond du c\u0153ur.<\/p>\n\n\n\n<p>Apr\u00e8s \u00ab&nbsp;L\u2019aube sera grandiose&nbsp;\u00bb (cours lire ce texte incroyable stp si tu ne l\u2019as pas d\u00e9j\u00e0 fait) o\u00f9 nous suivions essentiellement des parcours de femmes, l\u2019autrice nous emm\u00e8ne ici au travers des \u00e9poques suivre le destin des hommes d\u2019une famille, la famille Balagu\u00e8re, la bien nomm\u00e9e.<\/p>\n\n\n\n<p><em>\u00ab\u00a0C\u2019est l\u2019histoire d\u2019une famille, d\u2019une maison et d\u2019un pays.\u00a0Elle commence \u00e0 la veille d\u2019une guerre plan\u00e9taire, dans une ferme de hameau qu\u2019on appelle les Chaumes. Elle s\u2019ach\u00e8vera un si\u00e8cle plus tard, au m\u00eame endroit, \u00e0 l\u2019heure o\u00f9 une autre guerre menace de s\u2019\u00e9tendre.(\u2026)\u00a0\u00bb<\/em> Entre ces deux \u00e9poques, on verra vivre ici<em> \u00ab\u00a0quatre g\u00e9n\u00e9rations d\u2019une famille tourment\u00e9e par des secrets et hant\u00e9e par des morts sans s\u00e9pulture.\u00a0\u00bb<\/em> Et <em>\u00ab\u00a0entre ces deux \u00e9poques, nous traverserons des orages.\u00a0\u00bb<\/em><\/p>\n\n\n\n<!--more-->\n\n\n\n<p>Chapitre apr\u00e8s chapitre, on suit ces hommes dot\u00e9s traditionnellement de pr\u00e9noms d\u2019arbres &#8211; Cytise, Anz\u00eame, Charme, Alo\u00e8s, Olivier et Saule \u2013 tenter de comprendre leurs racines respectives, les liens qui les relient g\u00e9n\u00e9ration apr\u00e8s g\u00e9n\u00e9ration, leurs forces et leurs faiblesses, leurs secrets et leurs v\u00e9rit\u00e9s. On suit leur cheminement de vie avec en filigrane l\u2019\u00e9volution de la soci\u00e9t\u00e9 et des conflits mondiaux qui bouleversent leurs projets. C\u2019est d\u2019une tr\u00e8s grande force et en m\u00eame temps d\u2019une infinie pudeur. Les sentiments m\u00eal\u00e9s de ces personnages nous renvoient \u00e0 ce que nous sommes, des petits bouts d\u2019humanit\u00e9 qui cherchent \u00e0 faire famille, malgr\u00e9 tout, \u00e0 exister, \u00e0 r\u00e9sister, \u00e0 se trouver intimement, malgr\u00e9 tout le tumulte de ces orages int\u00e9rieurs et ext\u00e9rieurs contre lesquels ils se fracassent.<\/p>\n\n\n\n<p>On ne peut r\u00e9sumer en quelques lignes cette saga absolument passionnante o\u00f9 les destins individuels se m\u00ealent \u00e0 la grande histoire. Mais je ne peux que vivement vous inciter \u00e0 plonger au c\u0153ur de cette famille, \u00e0 marcher aux c\u00f4t\u00e9s de ces hommes bless\u00e9s par la violence du monde, \u00e0 \u00e9couter leurs confidences, leur d\u00e9sarroi, leur flamme et leur fougue, leur mani\u00e8re d\u2019avancer malgr\u00e9 cette mal\u00e9diction familiale qu\u2019ils imaginent coll\u00e9e \u00e0 eu inexorablement. Et puis, il y a toute cette incroyable palette de personnages f\u00e9minins (ah Christiane&nbsp;!) et masculins (ah Daniel&nbsp;!) qu\u2019ils croisent avec un m\u00e9lange de douceur et de fracas, des figures croqu\u00e9es avec une infinie justesse et beaucoup d\u2019amour qui m\u2019ont particuli\u00e8rement touch\u00e9es.<\/p>\n\n\n\n<p>Comme le dit le narrateur, et l\u2019autrice \u00e0 travers lui, \u00ab&nbsp;la litt\u00e9rature est une consolation&nbsp;\u00bb et ces phrases qui coulent au fil des pages sont ses consolations, et peut-\u00eatre d\u2019une certaine mani\u00e8re aussi les n\u00f4tres.<\/p>\n\n\n\n<p>Alors voil\u00e0, ces portraits vont vous harponner \u00e9poque apr\u00e8s \u00e9poque, vous tirer larmes, sourires et m\u00eame rires, vous faire vibrer, vous questionner, vous donner envie d\u2019\u00e9crire ou de briser des silences, vous donner envie de vivre pleinement chaque instant. C\u2019est une chance de donner \u00e0 lire une histoire qui peut parler \u00e0 chacun de nous, c\u2019est la force de la litt\u00e9rature. Et comme le dit l\u2019un des hommes de cette famille&nbsp;: <em>\u00ab Quand je lis, je deviens sourd et aveugle au reste du monde. Quand je lis, l\u2019univers se d\u00e9ploie, je sens passer \u00e0 travers moi des si\u00e8cles d\u2019histoire, des g\u00e9ographies lointaines, la lame glac\u00e9e du chagrin et l\u2019incandescence de l\u2019amour. Tout est plus intense.&nbsp;\u00bb<\/em> Et c\u2019est un coup de c\u0153ur intense, sans aucun doute.<\/p>\n\n\n\n<hr class=\"wp-block-separator has-alpha-channel-opacity\"\/>\n\n\n\n<p><strong>Autrice : Anne-Laure BONDOUX<br>Edition : <a rel=\"noreferrer noopener\" href=\"https:\/\/www.gallimard-jeunesse.fr\/9782075129626\/nous-traverserons-des-orages.html\" target=\"_blank\">Gallimard Jeunesse<\/a> &#8211; roman &#8211; 496 pages &#8211; 19,50 euros<br>ISBN : <strong>9782075129626<\/strong><br>Ann\u00e9e : Septembre 2023<\/strong><\/p>\n\n\n\n<p><\/p>\n\n\n\n<p>De la m\u00eame autrice : <br>&#8211; L&rsquo;aube sera grandiose<br>&#8211; Les larmes de l&rsquo;assassin<br>&#8211; La tribu de Vasco<br>&#8211; Tant que nous sommes vivants<br>&#8211; Et je danse aussi, avec Jean-Claude Mourlevat<br>&#8211; Valentine et la belle saison, avec Jean-Claude Mourlevat<br>&#8211; Le temps des miracles<br>&#8211; Le destin de Linus Hoppe<br>&#8211; La vie comme elle vient<br>&#8211; P\u00e9pites<br>&#8211; L&rsquo;autre moiti\u00e9 de moi-m\u00eame<\/p>\n","protected":false},"excerpt":{"rendered":"<p>\u00ab&nbsp;Est-ce que le monde serait moins violent si les hommes pleuraient plus souvent&nbsp;?&nbsp;\u00bb C\u2019est le constat que je fais depuis tant d\u2019ann\u00e9e, comme beaucoup, et qui, face \u00e0 cette violence perp\u00e9tuelle, alimente une col\u00e8re int\u00e9rieure que j\u2019ai de plus en plus de mal \u00e0 contenir. Mais la col\u00e8re n\u2019est pas constructive si elle n\u2019est pas [&hellip;]<\/p>\n","protected":false},"author":1,"featured_media":0,"comment_status":"open","ping_status":"open","sticky":false,"template":"","format":"standard","meta":{"ngg_post_thumbnail":0},"categories":[206,19,61,325],"tags":[41,7,58,156,27,210],"_links":{"self":[{"href":"https:\/\/la-licorne-a-lunettes.fr\/index.php\/wp-json\/wp\/v2\/posts\/6955"}],"collection":[{"href":"https:\/\/la-licorne-a-lunettes.fr\/index.php\/wp-json\/wp\/v2\/posts"}],"about":[{"href":"https:\/\/la-licorne-a-lunettes.fr\/index.php\/wp-json\/wp\/v2\/types\/post"}],"author":[{"embeddable":true,"href":"https:\/\/la-licorne-a-lunettes.fr\/index.php\/wp-json\/wp\/v2\/users\/1"}],"replies":[{"embeddable":true,"href":"https:\/\/la-licorne-a-lunettes.fr\/index.php\/wp-json\/wp\/v2\/comments?post=6955"}],"version-history":[{"count":2,"href":"https:\/\/la-licorne-a-lunettes.fr\/index.php\/wp-json\/wp\/v2\/posts\/6955\/revisions"}],"predecessor-version":[{"id":6961,"href":"https:\/\/la-licorne-a-lunettes.fr\/index.php\/wp-json\/wp\/v2\/posts\/6955\/revisions\/6961"}],"wp:attachment":[{"href":"https:\/\/la-licorne-a-lunettes.fr\/index.php\/wp-json\/wp\/v2\/media?parent=6955"}],"wp:term":[{"taxonomy":"category","embeddable":true,"href":"https:\/\/la-licorne-a-lunettes.fr\/index.php\/wp-json\/wp\/v2\/categories?post=6955"},{"taxonomy":"post_tag","embeddable":true,"href":"https:\/\/la-licorne-a-lunettes.fr\/index.php\/wp-json\/wp\/v2\/tags?post=6955"}],"curies":[{"name":"wp","href":"https:\/\/api.w.org\/{rel}","templated":true}]}}