{"id":6849,"date":"2022-01-08T18:54:00","date_gmt":"2022-01-08T17:54:00","guid":{"rendered":"https:\/\/la-licorne-a-lunettes.fr\/?p=6849"},"modified":"2023-05-08T19:00:34","modified_gmt":"2023-05-08T18:00:34","slug":"et-le-ciel-se-voila-de-fureur","status":"publish","type":"post","link":"https:\/\/la-licorne-a-lunettes.fr\/index.php\/2022\/01\/08\/et-le-ciel-se-voila-de-fureur\/","title":{"rendered":"Et le ciel se voila de fureur"},"content":{"rendered":"<div class=\"wp-block-image\">\n<figure class=\"alignleft size-full is-resized\"><img loading=\"lazy\" src=\"https:\/\/la-licorne-a-lunettes.fr\/wp-content\/uploads\/2023\/05\/couvlethanhetleciel.jpg\" alt=\"\" class=\"wp-image-6850\" width=\"197\" height=\"290\" srcset=\"https:\/\/la-licorne-a-lunettes.fr\/wp-content\/uploads\/2023\/05\/couvlethanhetleciel.jpg 340w, https:\/\/la-licorne-a-lunettes.fr\/wp-content\/uploads\/2023\/05\/couvlethanhetleciel-204x300.jpg 204w\" sizes=\"(max-width: 197px) 100vw, 197px\" \/><\/figure><\/div>\n\n\n<p>Quel titre, quelle lecture, quel souffle, quelle \u00e9pop\u00e9e\u00a0! Un voyage chaotique au XIXe si\u00e8cle qui laisse un go\u00fbt de poudre sur la langue, l\u2019\u00e9cho de cavalcades enfi\u00e9vr\u00e9es dans les oreilles, la poussi\u00e8re des terres de l\u2019Ouest am\u00e9ricain au creux des mains, l\u2019odeur m\u00e9tallique du sang vers\u00e9 au nom d\u2019une vengeance \u00e0 fleur de narines et la chaleur d\u2019un amour familial qui palpite plus fort malgr\u00e9 tout au fond du c\u0153ur.<\/p>\n\n\n\n<p>\u00ab&nbsp;Tout a commenc\u00e9 par une roue&nbsp;bris\u00e9e.&nbsp;\u00bb<\/p>\n\n\n\n<p>Quel incipit&nbsp;! Quasiment aussi puissant qu\u2019 \u00ab&nbsp;Au commencement \u00e9tait le Verbe&nbsp;\u00bb, n\u2019est-ce pas&nbsp;? Et cette r\u00e9f\u00e9rence n&rsquo;est pas un hasard.<\/p>\n\n\n\n<p>Le r\u00e9cit s\u2019ouvre sur un horizon\u00a0: la confidence d\u2019une femme \u00e0 une autre femme, une transmission exclusive apr\u00e8s plus de 100 ans, le d\u00e9p\u00f4t d\u2019une m\u00e9moire familiale incroyable. Nous sommes en 1977, et ce que Lisbeth, 116 ans, s\u2019appr\u00eate \u00e0 confier \u00e0 cette jeune journaliste pourrait bien \u00eatre plus que le r\u00e9cit d\u2019une simple femme\u2026 Les souvenirs remontent progressivement et vont emporter les r\u00e9cipiendaires, reporter comme lecteur, dans une aventure explosive \u00e0 couper le souffle.<\/p>\n\n\n\n<!--more-->\n\n\n\n<p>&nbsp;\u00ab&nbsp;1865, c\u2019\u00e9tait hier. Je n\u2019ai qu\u2019\u00e0 fermer les yeux pour que d\u00e9filent les souvenirs. Je sens le vent br\u00fblant des plaines du Wyoming caresser mon visage.&nbsp;\u00bb<br>\u00ab&nbsp;Mon r\u00e9cit est celui d\u2019une famille. Probablement la famille la plus incroyable qui ait jamais foul\u00e9 le sol am\u00e9ricain. Une famille comme il doit en exister qu\u2019une par si\u00e8cle.&nbsp;\u00bb<\/p>\n\n\n\n<p>\u00ab&nbsp;Mon r\u00e9cit est celui d\u2019un continent. Celui d\u2019une vengeance \u00e9galement.&nbsp;\u00cates-vous pr\u00eate&nbsp;?&nbsp;\u00bb<\/p>\n\n\n\n<p>Mieux vaut vous pr\u00e9venir en effet, car le voyage va \u00eatre intense. Montez dans ce chariot en direction du Far West aux c\u00f4t\u00e9s de 5 filles et d\u2019un gar\u00e7on aveugle&nbsp;: Abigail, Lisbeth, Samantha, Ellen, Maureen et Anton&nbsp;! Une famille d\u2019enfants perdus et recueillis par un p\u00e8re hors normes, Hidalgo, une fine g\u00e2chette fran\u00e7aise qui ne se r\u00e9soudrait jamais \u00e0 abandonner des orphelins \u00e0 leur sort.<\/p>\n\n\n\n<p>Il est question de r\u00eaves du Nouveau Monde, d\u2019une destin\u00e9e \u00e0 laquelle on cherche \u00e0 \u00e9chapper, de la conqu\u00eate de l\u2019Ouest, bien s\u00fbr, terre de dangers o\u00f9 les hommes sont des \u00eatres brutaux et sans vergogne. Il est question de liens familiaux tiss\u00e9s au plus profond des tripes, de combats sauvages pour survivre, de conditions humaines mises \u00e0 mal, d\u2019une chasse \u00e0 l\u2019homme implacable dans un univers sauvage et hostile, de courage et d\u2019honneur, de fant\u00f4mes du pass\u00e9 qui resurgissent inexorablement, de la spirale infernale dans laquelle la vengeance vous entra\u00eene malgr\u00e9 vous. Et il est question de la place des femmes&nbsp;: \u00ab Il para\u00eet que les femmes ont une place en ce monde, mais qu\u2019elles mettront un peu plus de temps \u00e0 la trouver. \u00bb Une r\u00e9flexion qui invite \u00e0 se plonger sans attendre dans ce road-trip riche en \u00e9motions pour se laisser prendre par ce r\u00e9cit ench\u00e2ss\u00e9, celui \u2013 touchant &#8211; d\u2019une femme \u00e0 l\u2019\u00e9coute d\u2019une autre, celui &#8211; passionnant &#8211; des racines obscures et tr\u00e9pidantes d\u2019une famille h\u00e9ro\u00efque.<\/p>\n\n\n\n<p>Une brochette de personnages terriblement attachants ou diablement effrayants, une \u00e9criture au plus pr\u00e8s des \u00e9motions, juste, pour retranscrire le trouble des protagonistes \u00e0 travers le temps, des carnets de croquis donnant l\u2019impression que le livre que vous tenez en main est en fait le recueil original des aventures des filles d\u2019Hidalgo, des clins d\u2019\u0153il \u00e0 la litt\u00e9rature et aux films de westerns de r\u00e9f\u00e9rence qui ancrent le propos, des dialogues cisel\u00e9s au couteau qui claquent comme des balles de r\u00e9volver.<\/p>\n\n\n\n<p>\u00ab\u00a0Rien n\u2019est plus troublant qu\u2019une trajectoire.\u00a0\u00bb Quelle aura \u00e9t\u00e9 la leur\u00a0! Quelle aurait-\u00e9t\u00e9 la v\u00f4tre\u00a0?<\/p>\n\n\n\n<hr class=\"wp-block-separator has-alpha-channel-opacity\"\/>\n\n\n\n<p><strong>Auteur : Ta\u00ef-Marc LE-THANH<br>Edition : <a rel=\"noreferrer noopener\" href=\"https:\/\/www.ecoledesloisirs.fr\/livre\/ciel-se-voila-fureur\" target=\"_blank\">\u00e9cole des loisirs<\/a> &#8211; M+ &#8211; roman &#8211; 369 pages &#8211; 15,50 euros<br>ISBN : 9782211318204<br>Ann\u00e9e : Janvier 2022<\/strong><\/p>\n\n\n\n<p>Du m\u00eame auteur : <\/p>\n\n\n\n<p>\u2013\u00a0Parfois j&rsquo;aimerai que ma vie ressemble \u00e0 une com\u00e9die musicale (Actes Sud Jeunesse) (<a href=\"https:\/\/la-licorne-a-lunettes.fr\/index.php\/2023\/05\/02\/parfois-jaimerai-que-ma-vie-ressemble-a-une-comedie-musicale\/\" target=\"_blank\" rel=\"noreferrer noopener\">chroniqu\u00e9 ici<\/a>)<br>\u2013\u00a0<em>Jonah<\/em>\u00a0(6 tomes) chez Didier Jeunesse<br>\u2013\u00a0<em>Roslend<\/em>\u00a0(3 tomes) chez Didier Jeunesse<br>\u2013\u00a0<em>Le jardin des \u00e9pitaphes<\/em>\u00a0(2 tomes) chez Didier Jeunesse<br>\u2013\u00a0<em>Les Sept de Babylone<\/em>\u00a0(Slalom)<\/p>\n","protected":false},"excerpt":{"rendered":"<p>Quel titre, quelle lecture, quel souffle, quelle \u00e9pop\u00e9e\u00a0! Un voyage chaotique au XIXe si\u00e8cle qui laisse un go\u00fbt de poudre sur la langue, l\u2019\u00e9cho de cavalcades enfi\u00e9vr\u00e9es dans les oreilles, la poussi\u00e8re des terres de l\u2019Ouest am\u00e9ricain au creux des mains, l\u2019odeur m\u00e9tallique du sang vers\u00e9 au nom d\u2019une vengeance \u00e0 fleur de narines et [&hellip;]<\/p>\n","protected":false},"author":1,"featured_media":0,"comment_status":"open","ping_status":"open","sticky":false,"template":"","format":"standard","meta":{"ngg_post_thumbnail":0},"categories":[206,19,61,325],"tags":[23,472,7,58,574,459,338,357,171],"_links":{"self":[{"href":"https:\/\/la-licorne-a-lunettes.fr\/index.php\/wp-json\/wp\/v2\/posts\/6849"}],"collection":[{"href":"https:\/\/la-licorne-a-lunettes.fr\/index.php\/wp-json\/wp\/v2\/posts"}],"about":[{"href":"https:\/\/la-licorne-a-lunettes.fr\/index.php\/wp-json\/wp\/v2\/types\/post"}],"author":[{"embeddable":true,"href":"https:\/\/la-licorne-a-lunettes.fr\/index.php\/wp-json\/wp\/v2\/users\/1"}],"replies":[{"embeddable":true,"href":"https:\/\/la-licorne-a-lunettes.fr\/index.php\/wp-json\/wp\/v2\/comments?post=6849"}],"version-history":[{"count":1,"href":"https:\/\/la-licorne-a-lunettes.fr\/index.php\/wp-json\/wp\/v2\/posts\/6849\/revisions"}],"predecessor-version":[{"id":6851,"href":"https:\/\/la-licorne-a-lunettes.fr\/index.php\/wp-json\/wp\/v2\/posts\/6849\/revisions\/6851"}],"wp:attachment":[{"href":"https:\/\/la-licorne-a-lunettes.fr\/index.php\/wp-json\/wp\/v2\/media?parent=6849"}],"wp:term":[{"taxonomy":"category","embeddable":true,"href":"https:\/\/la-licorne-a-lunettes.fr\/index.php\/wp-json\/wp\/v2\/categories?post=6849"},{"taxonomy":"post_tag","embeddable":true,"href":"https:\/\/la-licorne-a-lunettes.fr\/index.php\/wp-json\/wp\/v2\/tags?post=6849"}],"curies":[{"name":"wp","href":"https:\/\/api.w.org\/{rel}","templated":true}]}}