{"id":6808,"date":"2023-04-26T17:41:00","date_gmt":"2023-04-26T16:41:00","guid":{"rendered":"https:\/\/la-licorne-a-lunettes.fr\/?p=6808"},"modified":"2023-05-08T18:06:33","modified_gmt":"2023-05-08T17:06:33","slug":"derriere-le-rideau","status":"publish","type":"post","link":"https:\/\/la-licorne-a-lunettes.fr\/index.php\/2023\/04\/26\/derriere-le-rideau\/","title":{"rendered":"Derri\u00e8re le rideau"},"content":{"rendered":"<div class=\"wp-block-image\">\n<figure class=\"alignleft size-large is-resized\"><img loading=\"lazy\" src=\"https:\/\/la-licorne-a-lunettes.fr\/wp-content\/uploads\/2023\/05\/9782205200980-couv-1-780x1024.jpg\" alt=\"\" class=\"wp-image-6819\" width=\"210\" height=\"276\" srcset=\"https:\/\/la-licorne-a-lunettes.fr\/wp-content\/uploads\/2023\/05\/9782205200980-couv-1-780x1024.jpg 780w, https:\/\/la-licorne-a-lunettes.fr\/wp-content\/uploads\/2023\/05\/9782205200980-couv-1-228x300.jpg 228w, https:\/\/la-licorne-a-lunettes.fr\/wp-content\/uploads\/2023\/05\/9782205200980-couv-1-768x1009.jpg 768w, https:\/\/la-licorne-a-lunettes.fr\/wp-content\/uploads\/2023\/05\/9782205200980-couv-1-1169x1536.jpg 1169w, https:\/\/la-licorne-a-lunettes.fr\/wp-content\/uploads\/2023\/05\/9782205200980-couv-1-1559x2048.jpg 1559w, https:\/\/la-licorne-a-lunettes.fr\/wp-content\/uploads\/2023\/05\/9782205200980-couv-1-scaled.jpg 1949w\" sizes=\"(max-width: 210px) 100vw, 210px\" \/><\/figure><\/div>\n\n\n<p>Le rideau se l\u00e8ve sur une enfance. Une enfance qui pousse en 1937, en pleine mont\u00e9e de l&rsquo;inhumanisme qui conduira au pire de cette 2de Guerre Mondiale.<\/p>\n\n\n\n<p>Ya\u00ebl a 8 ans, un \u00e2ge qu&rsquo;on aimerait \u00eatre pr\u00e9serv\u00e9 des horreurs des adultes. Elle vit dans un village proven\u00e7al avec sa petite s\u0153ur Emilie et sa famille. Une famille dont elle ne comprend pas encore les secrets ou du moins les non-dits.<\/p>\n\n\n\n<p>Il est question d&rsquo;un rideau qui cache une certaine v\u00e9rit\u00e9, de la signification d&rsquo;\u00eatre goy ou juif.<\/p>\n\n\n\n<p>Il est question d&rsquo;identit\u00e9 en construction qui va \u00eatre confront\u00e9e \u00e0 la violence et l&rsquo;aveuglement id\u00e9ologique.<\/p>\n\n\n\n<p>Il est question d&rsquo;une prise de conscience de la douloureuse r\u00e9alit\u00e9 de cette p\u00e9riode trouble et sid\u00e9rante.<\/p>\n\n\n\n<p>Il est aussi question d&rsquo;\u00e9tapes dans la vie d&rsquo;une jeune fille, de fragilit\u00e9 et de forces, de peurs et d&rsquo;espoir, d&rsquo;injustices sanglantes.<\/p>\n\n\n\n<!--more-->\n\n\n\n<p>Le trait graphique, simple et direct, sans \u00eatre simpliste alterne des planches aux compositions vari\u00e9es, qui donnent le rythme. Tant\u00f4t m\u00e9ditatif, tant\u00f4t intimiste, tant\u00f4t testimoniale. Des cases qui s&rsquo;ouvrent pour offrir une respiration, des pleines pages comme des tableaux. Une tonalit\u00e9 douce de couleurs, ocre, vert amande, gris ombre, rouge velour sculpt\u00e9es selon un trait cisel\u00e9.<\/p>\n\n\n\n<p>Un r\u00e9cit profond\u00e9ment touchant port\u00e9 par la voix de Ya\u00ebl, une voix qui traduit toute l&rsquo;incompr\u00e9hension de l&rsquo;horreur de cette guerre et toute la na\u00efvet\u00e9 de l&rsquo;enfance qui percute une r\u00e9alit\u00e9 d\u00e9chirante. <\/p>\n\n\n\n<p>Touch\u00e9e.<\/p>\n\n\n<p><iframe loading=\"lazy\" src=\"https:\/\/www.westory.fr\/dargaud\/lire-en-ligne\/derriere-le-rideau\/0\/derriere-le-rideau?token=guckphiXqfu4HftA9au4AKVdi1VrLPrs\" width=\"800\" height=\"600\" frameborder=\"0\" scrolling=\"no\" allowfullscreen=\"\"><\/iframe><\/p>\n\n\n\n<hr class=\"wp-block-separator has-alpha-channel-opacity\"\/>\n\n\n\n<p><strong>Sc\u00e9nariste-Dessinatrice : Sara DEL GIUDICE<br>Edition : <a rel=\"noreferrer noopener\" href=\"https:\/\/www.dargaud.com\/bd\/derriere-le-rideau-bda5416360\" target=\"_blank\">Dargaud<\/a> &#8211; BD Roman Graphique &#8211; 140 pages &#8211; 19 euros<br>ISBN : 9782205200980<br>Ann\u00e9e : Avril 2022<\/strong><\/p>\n","protected":false},"excerpt":{"rendered":"<p>Le rideau se l\u00e8ve sur une enfance. Une enfance qui pousse en 1937, en pleine mont\u00e9e de l&rsquo;inhumanisme qui conduira au pire de cette 2de Guerre Mondiale. Ya\u00ebl a 8 ans, un \u00e2ge qu&rsquo;on aimerait \u00eatre pr\u00e9serv\u00e9 des horreurs des adultes. Elle vit dans un village proven\u00e7al avec sa petite s\u0153ur Emilie et sa famille. [&hellip;]<\/p>\n","protected":false},"author":1,"featured_media":0,"comment_status":"open","ping_status":"open","sticky":false,"template":"","format":"standard","meta":{"ngg_post_thumbnail":0},"categories":[206,167,48,202],"tags":[161,58,156,565,399,210],"_links":{"self":[{"href":"https:\/\/la-licorne-a-lunettes.fr\/index.php\/wp-json\/wp\/v2\/posts\/6808"}],"collection":[{"href":"https:\/\/la-licorne-a-lunettes.fr\/index.php\/wp-json\/wp\/v2\/posts"}],"about":[{"href":"https:\/\/la-licorne-a-lunettes.fr\/index.php\/wp-json\/wp\/v2\/types\/post"}],"author":[{"embeddable":true,"href":"https:\/\/la-licorne-a-lunettes.fr\/index.php\/wp-json\/wp\/v2\/users\/1"}],"replies":[{"embeddable":true,"href":"https:\/\/la-licorne-a-lunettes.fr\/index.php\/wp-json\/wp\/v2\/comments?post=6808"}],"version-history":[{"count":6,"href":"https:\/\/la-licorne-a-lunettes.fr\/index.php\/wp-json\/wp\/v2\/posts\/6808\/revisions"}],"predecessor-version":[{"id":6822,"href":"https:\/\/la-licorne-a-lunettes.fr\/index.php\/wp-json\/wp\/v2\/posts\/6808\/revisions\/6822"}],"wp:attachment":[{"href":"https:\/\/la-licorne-a-lunettes.fr\/index.php\/wp-json\/wp\/v2\/media?parent=6808"}],"wp:term":[{"taxonomy":"category","embeddable":true,"href":"https:\/\/la-licorne-a-lunettes.fr\/index.php\/wp-json\/wp\/v2\/categories?post=6808"},{"taxonomy":"post_tag","embeddable":true,"href":"https:\/\/la-licorne-a-lunettes.fr\/index.php\/wp-json\/wp\/v2\/tags?post=6808"}],"curies":[{"name":"wp","href":"https:\/\/api.w.org\/{rel}","templated":true}]}}