{"id":6668,"date":"2022-09-11T18:51:43","date_gmt":"2022-09-11T17:51:43","guid":{"rendered":"https:\/\/la-licorne-a-lunettes.fr\/?p=6668"},"modified":"2022-09-11T18:51:44","modified_gmt":"2022-09-11T17:51:44","slug":"plus-jamais-petite","status":"publish","type":"post","link":"https:\/\/la-licorne-a-lunettes.fr\/index.php\/2022\/09\/11\/plus-jamais-petite\/","title":{"rendered":"Plus jamais petite"},"content":{"rendered":"<div class=\"wp-block-image\">\n<figure class=\"alignleft size-full is-resized\"><img loading=\"lazy\" src=\"https:\/\/la-licorne-a-lunettes.fr\/wp-content\/uploads\/2022\/09\/Plus-jamais-petite.jpg\" alt=\"\" class=\"wp-image-6669\" width=\"185\" height=\"278\" srcset=\"https:\/\/la-licorne-a-lunettes.fr\/wp-content\/uploads\/2022\/09\/Plus-jamais-petite.jpg 400w, https:\/\/la-licorne-a-lunettes.fr\/wp-content\/uploads\/2022\/09\/Plus-jamais-petite-200x300.jpg 200w\" sizes=\"(max-width: 185px) 100vw, 185px\" \/><\/figure><\/div>\n\n\n<p>Quel titre\u00a0saisissant ! Le constat d\u00e9finitif de la fin d&rsquo;une enfance en trois mots. Quel texte percutant\u00a0! Quelle justesse que cette voix vibrante qui dit l\u2019innommable !<\/p>\n\n\n\n<p>La sortie d\u2019un texte de S\u00e9verine Vidal est comme un rendez-vous avec un proche, on se r\u00e9jouit de la rencontre, on \u00e9coute la confidence, on partage un moment d\u2019intimit\u00e9 et on ressort enrichi int\u00e9rieurement.<\/p>\n\n\n\n<p>Comme souvent avec la collection Court Toujours, je choisi d\u2019\u00e9couter le texte pour une lecture plus immersive. Un r\u00e9cit initiatique qui prend aux tripes? Un moment charni\u00e8re de vie adolescente&nbsp;? C\u2019est exactement \u00e7a, encore une fois.<\/p>\n\n\n\n<p>Il s\u2019agit d\u2019une voix qui s\u2019\u00e9l\u00e8ve, celle de Lucie.<\/p>\n\n\n\n<p>Lucie attend, seule, dehors sur un banc, devant la porte de la maison d\u2019arr\u00eat o\u00f9 est enferm\u00e9 son p\u00e8re. Elle a d\u00e9cid\u00e9, cette fois, d\u2019y aller. D\u00e9termin\u00e9e, elle esp\u00e8re que la confrontation lui permettra de se lib\u00e9rer de ses souvenirs douloureux, de son enfance g\u00e2ch\u00e9e, de ce\u00a0p\u00e8re monstrueux qui n\u2019en est pas un. Mais est-elle pr\u00eate \u00e0 affronter celui qui lui a fait tant de mal\u00a0? Et moi, impuissante lectrice, suis-je pr\u00eate \u00e0 me confronter \u00e0 la douleur de Lucie abus\u00e9e\u00a0?<\/p>\n\n\n\n<!--more-->\n\n\n\n<p>Premi\u00e8re ligne&nbsp;: \u00ab&nbsp;J\u2019attends mon heure&nbsp;\u00bb. Le ton est donn\u00e9. Ce sera fort, ce sera rude, ce sera une lecture les dents et la gorge serr\u00e9es. Il y aura un avant et un apr\u00e8s.<\/p>\n\n\n\n<p>\u00c0 quelques minutes du face \u00e0 face, Lucie convoque \u00ab\u00a0cette m\u00e9moire en morceaux\u00a0\u00bb de son enfance et s\u2019adresse directement \u00e0 cet homme destructeur qu\u2019elle ne peut appeler Papa. <\/p>\n\n\n\n<p>Page apr\u00e8s page, on \u00e9coute en apn\u00e9e ces souvenirs d\u00e9chirants froidement analys\u00e9s qui mettent en lumi\u00e8re l\u2019impensable. C\u2019est gla\u00e7ant de r\u00e9alit\u00e9 et de lucidit\u00e9, mais sans aucun voyeurisme. <\/p>\n\n\n\n<p>Avec une grande pudeur et beaucoup de courage, la voix de Lucie s\u2019intensifie. On la sent anim\u00e9e d\u2019une pulsion de vie pour sortir enfin de l\u2019obscurit\u00e9, la t\u00eate haute. Un filet de lumi\u00e8re peut-il percer\u00a0? <\/p>\n\n\n\n<p>Une \u00e9criture droite qui vient du c\u0153ur et qui touche directement comme un coup \u00e0 l\u2019estomac. Lib\u00e9rer la parole encore une fois pour que la vie gagne. Merci pour ce texte puissant qui touche profond\u00e9ment.<\/p>\n\n\n\n<hr class=\"wp-block-separator has-alpha-channel-opacity\"\/>\n\n\n\n<p><strong>Autrice : S\u00e9verine VIDAL<br>Edition : Nathan &#8211; Collection Court Toujours &#8211; 64 pages &#8211; 8 euros (premi\u00e8re \u00e9dition 2010)<br>ISBN : 9782092494172<br>Ann\u00e9e : Septembre 2022<\/strong><\/p>\n\n\n\n<p>De la m\u00eame autrice : <br><br>\u2013 Le go\u00fbt du temps dans la bouche &#8211; Litt\u00e9rature Adulte (<a rel=\"noreferrer noopener\" href=\"https:\/\/la-licorne-a-lunettes.fr\/index.php\/2022\/01\/06\/le-gout-du-temps-dans-la-bouche\/\" target=\"_blank\">Chroniqu\u00e9 ici<\/a>)<br>\u2013 Sous ta peau le feu \u2013 Nathan (<a rel=\"noreferrer noopener\" href=\"http:\/\/la-licorne-a-lunettes.fr\/index.php\/2021\/08\/26\/sous-ta-peau-le-feu\/\" target=\"_blank\">Chroniqu\u00e9 ici<\/a>)<br>\u2013 Tu reverras ton fr\u00e8re \u2013 Collection Court Toujours Nathan (<a rel=\"noreferrer noopener\" href=\"http:\/\/la-licorne-a-lunettes.fr\/index.php\/2021\/06\/03\/tu-reverras-ton-frere\/\" target=\"_blank\">Chroniqu\u00e9 ici<\/a>)<br>\u2013 George Sand Fille du si\u00e8cle avec Kim Consigny (Delcourt BD) (<a rel=\"noreferrer noopener\" href=\"http:\/\/la-licorne-a-lunettes.fr\/index.php\/2021\/05\/21\/george-sand-fille-du-siecle\/\" target=\"_blank\">Chroniqu\u00e9 ici<\/a>)<br>\u2013 L\u2019\u00e9t\u00e9 des pers\u00e9ides \u2013 Nathan (<a rel=\"noreferrer noopener\" href=\"http:\/\/la-licorne-a-lunettes.fr\/index.php\/2021\/03\/02\/lete-des-perseides\/\" target=\"_blank\">Chroniqu\u00e9 ici<\/a>)<br>\u2013 Le plongeon avec Victor Pinel chez Grand Angle (BD) \u2013 (<a rel=\"noreferrer noopener\" href=\"http:\/\/la-licorne-a-lunettes.fr\/index.php\/2021\/01\/24\/le-plongeon\/\" target=\"_blank\">Chroniqu\u00e9 ici<\/a>)<br>\u2013 La maison de la plage avec Victor Pinel ( BD) \u2013 (<a rel=\"noreferrer noopener\" href=\"http:\/\/la-licorne-a-lunettes.fr\/index.php\/2019\/05\/30\/la-maison-de-la-plage\/\" target=\"_blank\">Chroniqu\u00e9 ici<\/a>)<br>\u2013 Mon h\u00e9ro\u00efne \u2013 Collection Court Toujours Nathan (<a rel=\"noreferrer noopener\" href=\"http:\/\/la-licorne-a-lunettes.fr\/index.php\/2020\/09\/13\/son-heroine\/\" target=\"_blank\">Chroniqu\u00e9 ici<\/a>)<br>\u2013 P\u00ebppo chez Bayard (<a rel=\"noreferrer noopener\" href=\"http:\/\/la-licorne-a-lunettes.fr\/index.php\/2018\/08\/21\/peppo\/\" target=\"_blank\">Chroniqu\u00e9 ici<\/a>)<br>\u2013 L\u2019\u00e9cole \u00e0 l\u2019envers chez Nathan<br>\u2013 Nos coeurs tordus (1 et 2) \u2013 Bayard<br>\u2013 Magic F\u00e9lix chez Jungle<br>\u2013 L\u2019affaire du tag, illustr\u00e9 par\u00a0Gilles Freluche \u2013\u00a0Larousse<br>\u2013 Les aventures de Robinson et Crouton, illustr\u00e9 par\u00a0Vincent Sorel \u2013 Auzou<br>\u2013\u00a0Frileux, l\u2019ours qui n\u2019aimait pas l\u2019hiver, illustr\u00e9 par\u00a0Marc Majewski \u2013\u00a0Sarbacane<br>\u2013 Tandem ,\u00a0illustrations Ir\u00e8ne Bonacina \u2013\u00a0La Joie de Lire<br>\u2013 16 nuances de premi\u00e8re fois \u2013 Eyrolles \u2013 Collectif<br>\u2013 June et Jo toujours, illustr\u00e9 par Am\u00e9lie Graux \u2013\u00a0Gallimard Giboul\u00e9es<br>\u2013\u00a0L\u2019insupportable journ\u00e9e (g\u00e9niale) de Michel, illustr\u00e9 par Tanguy Loridant \u2013\u00a0Le Diplodocus<br>\u2013 Les aventures de Tiago, illustr\u00e9 par Laurent Audouin \u2013 Magnard Jeunesse<br>\u2013 J\u2019ai \u00a0vu un lion ; Je veux un grand fr\u00e8re ; \u00a0\u2013 Milan<br>\u2013 Gustave et C\u00e9leste avec Anne-Ga\u00eblle Balpe, illustr\u00e9 par\u00a0<a href=\"http:\/\/lapalissade.fr\/nos-auteurs\/terkel-risbjerg\/\">Terkel Risbjerg<\/a>\u00a0\u2013 La Palissade<br>\u2013 Sur mon fil \u2013 Milan<br>\u2013\u00a0Les petites mar\u00e9es\u00a0avec Victor L. Pinel \u2013\u00a0Les enfants rouges\u00a0<br>\u2013 L\u2019attrape lune avec Barroux \u2013 Mango Jeunesse<br>\u2013 La Dr\u00f4le d\u2019\u00e9vasion\u00a0\u2013 Sarbacane<br>\u2013 L\u2018oeil du pigeon,\u00a0illustr\u00e9 par Guillaume Plantevin \u2013\u00a0Sarbacane<br>\u2013 La Dr\u00f4le d\u2019exp\u00e9dition\u00a0\u2013 Sarbacane<br>\u2013 Quelqu\u2019un qu\u2019on aime -Sarbacane<br>\u2013 Ma t\u00eate ailleurs avec Pauline Comis \u2013 Kilowatt<br>\u2013 Philo m\u00e8ne la danse \u2013 Talents Hauts<br>\u2013 Il \u00e9tait deux fois dans l\u2019Ouest \u2013 Sarbacane<br>\u2013\u00a0Huit saisons et des poussi\u00e8res \u2013\u00a0illustrations Anne Montel \u2013\u00a0Les P\u2019tits b\u00e9rets<br>\u2013 J\u2019aime mes cauchemars \u2013 illustr\u00e9 par Am\u00e9lie Graux \u2013\u00a0Gallimard Giboul\u00e9es<br>\u2013 Sale temps pour la tribu\u00a0avec Sandrine Beau et Anne-Ga\u00eblle Balpe, illustr\u00e9 par Jess Pauwels \u2013\u00a0Frimousse<br>\u2013 Mon secret rit tout le temps, illustrations Vanessa Hi\u00e9 \u2013\u00a0Kilowatt<br>\u2013 Billie du Bayou\u00a0illustr\u00e9 par Ronan Badel \u2013 Editions Elan Vert<br>\u2013 Les aventures de Prune !, illustrations Kris di Giacomo \u2013\u00a0Frimousse<br><\/p>\n","protected":false},"excerpt":{"rendered":"<p>Quel titre\u00a0saisissant ! Le constat d\u00e9finitif de la fin d&rsquo;une enfance en trois mots. Quel texte percutant\u00a0! Quelle justesse que cette voix vibrante qui dit l\u2019innommable ! La sortie d\u2019un texte de S\u00e9verine Vidal est comme un rendez-vous avec un proche, on se r\u00e9jouit de la rencontre, on \u00e9coute la confidence, on partage un moment [&hellip;]<\/p>\n","protected":false},"author":1,"featured_media":0,"comment_status":"open","ping_status":"open","sticky":false,"template":"","format":"standard","meta":{"ngg_post_thumbnail":0},"categories":[206,322,19,61],"tags":[7,58,536,169,210],"_links":{"self":[{"href":"https:\/\/la-licorne-a-lunettes.fr\/index.php\/wp-json\/wp\/v2\/posts\/6668"}],"collection":[{"href":"https:\/\/la-licorne-a-lunettes.fr\/index.php\/wp-json\/wp\/v2\/posts"}],"about":[{"href":"https:\/\/la-licorne-a-lunettes.fr\/index.php\/wp-json\/wp\/v2\/types\/post"}],"author":[{"embeddable":true,"href":"https:\/\/la-licorne-a-lunettes.fr\/index.php\/wp-json\/wp\/v2\/users\/1"}],"replies":[{"embeddable":true,"href":"https:\/\/la-licorne-a-lunettes.fr\/index.php\/wp-json\/wp\/v2\/comments?post=6668"}],"version-history":[{"count":1,"href":"https:\/\/la-licorne-a-lunettes.fr\/index.php\/wp-json\/wp\/v2\/posts\/6668\/revisions"}],"predecessor-version":[{"id":6670,"href":"https:\/\/la-licorne-a-lunettes.fr\/index.php\/wp-json\/wp\/v2\/posts\/6668\/revisions\/6670"}],"wp:attachment":[{"href":"https:\/\/la-licorne-a-lunettes.fr\/index.php\/wp-json\/wp\/v2\/media?parent=6668"}],"wp:term":[{"taxonomy":"category","embeddable":true,"href":"https:\/\/la-licorne-a-lunettes.fr\/index.php\/wp-json\/wp\/v2\/categories?post=6668"},{"taxonomy":"post_tag","embeddable":true,"href":"https:\/\/la-licorne-a-lunettes.fr\/index.php\/wp-json\/wp\/v2\/tags?post=6668"}],"curies":[{"name":"wp","href":"https:\/\/api.w.org\/{rel}","templated":true}]}}