{"id":6393,"date":"2021-07-25T18:24:12","date_gmt":"2021-07-25T17:24:12","guid":{"rendered":"http:\/\/la-licorne-a-lunettes.fr\/?p=6393"},"modified":"2021-07-25T18:24:48","modified_gmt":"2021-07-25T17:24:48","slug":"selma-et-samir","status":"publish","type":"post","link":"https:\/\/la-licorne-a-lunettes.fr\/index.php\/2021\/07\/25\/selma-et-samir\/","title":{"rendered":"Selma et Samir"},"content":{"rendered":"\n<div class=\"wp-block-image\"><figure class=\"alignleft size-large is-resized\"><img loading=\"lazy\" src=\"http:\/\/la-licorne-a-lunettes.fr\/wp-content\/uploads\/2021\/07\/Couv-Selma-et-Samir.jpg\" alt=\"\" class=\"wp-image-6394\" width=\"230\" height=\"307\" srcset=\"https:\/\/la-licorne-a-lunettes.fr\/wp-content\/uploads\/2021\/07\/Couv-Selma-et-Samir.jpg 400w, https:\/\/la-licorne-a-lunettes.fr\/wp-content\/uploads\/2021\/07\/Couv-Selma-et-Samir-225x300.jpg 225w\" sizes=\"(max-width: 230px) 100vw, 230px\" \/><\/figure><\/div>\n\n\n\n<p>Toujours fid\u00e8le \u00e0 la douceur des mots de Mymi Doinet, je me suis plong\u00e9e dans l\u2019histoire touchante de Samir et Selma. <\/p>\n\n\n\n<p>Comme pour \u00ab\u00a0Un piano pour Pavel\u00a0\u00bb, \u00ab\u00a0Coco n\u2019est pas zinzin\u00a0\u00bb et \u00ab\u00a0Ma vie de dico\u00a0\u00bb, Mymi donne la parole aux objets ou animaux pour raconter l\u2019histoire des personnages d\u2019un point de vue ext\u00e9rieur. <\/p>\n\n\n\n<p>Souvent l\u2019occasion d\u2019aborder des sujets forts qui la touche particuli\u00e8rement comme les errances de foyer en foyer d&rsquo;un jeune orphelin, la maladie d\u2019Alzheimer ou encore ici les conditions des migrants et notamment celles des enfants.<\/p>\n\n\n\n<p>Samir a 12 ans et il raconte dans ses po\u00e9sies son histoire, son voyage p\u00e9rilleux qui l\u2019a amen\u00e9 en France, loin de sa \u00ab&nbsp;Nah\u00e9ma&nbsp;\u00bb au Mali, sa grand-m\u00e8re qu\u2019il aime tant.<\/p>\n\n\n\n<p>Selma a 11 ans et prend r\u00e9guli\u00e8rement des photos de son univers pour en montrer la beaut\u00e9, jusqu\u2019au jour o\u00f9 son appareil capture le regard profond et triste de Samir.<\/p>\n\n\n\n<!--more-->\n\n\n\n<p>Leurs objets personnels et un go\u00e9land attentionn\u00e9 nous racontent chacun \u00e0 leur tour, et de leur point de vue, leur rencontre et cette amiti\u00e9 naissante autour de l\u2019histoire de Samir. <\/p>\n\n\n\n<p>Il est question de famille, d\u2019entraide et de solidarit\u00e9, d\u2019acceptation des diff\u00e9rences et de ces liens invisibles qui nous relient tous, quelles que soient nos origines. Comment savoir si les proches de Samir vont bien, pourra-t-il les retrouver\u00a0? Comment l\u2019art, la musique et l\u2019amiti\u00e9 permettront-ils de l\u2019aider dans ses recherches avec Selma\u00a0? <\/p>\n\n\n\n<p>Il faudra aller lire ce roman illustr\u00e9 pour jeunes lecteurs pour le d\u00e9couvrir\u00a0! Vous y retrouverez toute la po\u00e9sie de Mymi qui sait si bien jouer avec les mots et les sonorit\u00e9s pour m\u00ealer humour et r\u00e9alisme, les exemples de mots-valises invent\u00e9s par Selma en sont autant d\u2019exemples\u00a0: \u00ab\u00a0feu d\u2019artifruits\u00a0\u00bb, \u00ab\u00a0libellune\u00a0\u00bb ou \u00ab\u00a0merveillable\u00a0\u00bb. <\/p>\n\n\n\n<p>On retrouve le graphique tout en douceur de Nicolas Tr\u00e8ve qui avait illustr\u00e9 \u00ab\u00a0Coco n\u2019est pas zinzin\u00a0\u00bb et qui s\u2019accorde parfaitement avec les mots de Mymi.<\/p>\n\n\n\n<p>D\u00e9j\u00e0 en librairie ! <\/p>\n\n\n\n<figure class=\"wp-container-2 wp-block-gallery-1 wp-block-gallery columns-3 is-cropped\"><ul class=\"blocks-gallery-grid\"><li class=\"blocks-gallery-item\"><figure><img loading=\"lazy\" width=\"928\" height=\"615\" src=\"http:\/\/la-licorne-a-lunettes.fr\/wp-content\/uploads\/2021\/07\/selma-1.jpg\" alt=\"\" data-id=\"6395\" data-full-url=\"http:\/\/la-licorne-a-lunettes.fr\/wp-content\/uploads\/2021\/07\/selma-1.jpg\" data-link=\"http:\/\/la-licorne-a-lunettes.fr\/?attachment_id=6395\" class=\"wp-image-6395\" srcset=\"https:\/\/la-licorne-a-lunettes.fr\/wp-content\/uploads\/2021\/07\/selma-1.jpg 928w, https:\/\/la-licorne-a-lunettes.fr\/wp-content\/uploads\/2021\/07\/selma-1-300x199.jpg 300w, https:\/\/la-licorne-a-lunettes.fr\/wp-content\/uploads\/2021\/07\/selma-1-768x509.jpg 768w\" sizes=\"(max-width: 928px) 100vw, 928px\" \/><\/figure><\/li><li class=\"blocks-gallery-item\"><figure><img loading=\"lazy\" width=\"928\" height=\"611\" src=\"http:\/\/la-licorne-a-lunettes.fr\/wp-content\/uploads\/2021\/07\/selma-2.jpg\" alt=\"\" data-id=\"6396\" data-full-url=\"http:\/\/la-licorne-a-lunettes.fr\/wp-content\/uploads\/2021\/07\/selma-2.jpg\" data-link=\"http:\/\/la-licorne-a-lunettes.fr\/?attachment_id=6396\" class=\"wp-image-6396\" srcset=\"https:\/\/la-licorne-a-lunettes.fr\/wp-content\/uploads\/2021\/07\/selma-2.jpg 928w, https:\/\/la-licorne-a-lunettes.fr\/wp-content\/uploads\/2021\/07\/selma-2-300x198.jpg 300w, https:\/\/la-licorne-a-lunettes.fr\/wp-content\/uploads\/2021\/07\/selma-2-768x506.jpg 768w\" sizes=\"(max-width: 928px) 100vw, 928px\" \/><\/figure><\/li><li class=\"blocks-gallery-item\"><figure><img loading=\"lazy\" width=\"950\" height=\"627\" src=\"http:\/\/la-licorne-a-lunettes.fr\/wp-content\/uploads\/2021\/07\/selma-3.jpg\" alt=\"\" data-id=\"6397\" data-full-url=\"http:\/\/la-licorne-a-lunettes.fr\/wp-content\/uploads\/2021\/07\/selma-3.jpg\" data-link=\"http:\/\/la-licorne-a-lunettes.fr\/?attachment_id=6397\" class=\"wp-image-6397\" srcset=\"https:\/\/la-licorne-a-lunettes.fr\/wp-content\/uploads\/2021\/07\/selma-3.jpg 950w, https:\/\/la-licorne-a-lunettes.fr\/wp-content\/uploads\/2021\/07\/selma-3-300x198.jpg 300w, https:\/\/la-licorne-a-lunettes.fr\/wp-content\/uploads\/2021\/07\/selma-3-768x507.jpg 768w\" sizes=\"(max-width: 950px) 100vw, 950px\" \/><\/figure><\/li><li class=\"blocks-gallery-item\"><figure><img loading=\"lazy\" width=\"930\" height=\"613\" src=\"http:\/\/la-licorne-a-lunettes.fr\/wp-content\/uploads\/2021\/07\/Selma-4.jpg\" alt=\"\" data-id=\"6398\" data-full-url=\"http:\/\/la-licorne-a-lunettes.fr\/wp-content\/uploads\/2021\/07\/Selma-4.jpg\" data-link=\"http:\/\/la-licorne-a-lunettes.fr\/?attachment_id=6398\" class=\"wp-image-6398\" srcset=\"https:\/\/la-licorne-a-lunettes.fr\/wp-content\/uploads\/2021\/07\/Selma-4.jpg 930w, https:\/\/la-licorne-a-lunettes.fr\/wp-content\/uploads\/2021\/07\/Selma-4-300x198.jpg 300w, https:\/\/la-licorne-a-lunettes.fr\/wp-content\/uploads\/2021\/07\/Selma-4-768x506.jpg 768w\" sizes=\"(max-width: 930px) 100vw, 930px\" \/><\/figure><\/li><\/ul><\/figure>\n\n\n\n<p><em>L\u00e0-bas, Grand-M\u00e8re,<br>\u00e0 l&rsquo;autre bout de la Terre,<br>respires-tu encore ?<br>Parfois, j&rsquo;en doute fort&#8230;<br>Oui, ma douce Nah\u00e9ma,<br>es-tu toujours l\u00e0\u00a0? <br>As-tu surv\u00e9cu \u00e0 la mis\u00e8re<br>et \u00e0 la plus r\u00e9voltante des guerres ?<br>Je crains d\u2019apprendre le pire,<br>et pour tenter de m\u2019endormir,<br>je comptes tes rides \u00e0 distance<br>et j\u2019implore la chance\u2026<\/em><\/p>\n\n\n\n<p><\/p>\n\n\n\n<p>Merci \u00e0 Nathan pour la d\u00e9couverte de cet ouvrage !<\/p>\n\n\n\n<hr class=\"wp-block-separator\"\/>\n\n\n\n<p><strong>Autrice : Mymi Doinet<br>Illustrateur : Nicolas Tr\u00e8ve<br>Edition : <a rel=\"noreferrer noopener\" href=\"https:\/\/site.nathan.fr\/livres\/selma-et-samir-roman-de-7-11-ans-9782092492970.html\" target=\"_blank\">Nathan<\/a> &#8211; Premiers romans &#8211; 64 pages &#8211; 7,20 euros<br>ISBN : 9782092492970<br>Ann\u00e9e : Juillet 2021<\/strong><\/p>\n\n\n\n<p>De m\u00eame duo : <br>&#8211; Coco n&rsquo;est pas zinzin (<a rel=\"noreferrer noopener\" href=\"http:\/\/la-licorne-a-lunettes.fr\/index.php\/2019\/03\/10\/coco-nest-pas-zinzin\/\" target=\"_blank\">chroniqu\u00e9 ici<\/a>)<br><br>De la m\u00eame autrice (s\u00e9lection) chez Nathan (bibliographie s\u00e9lective) :\u00a0<br>&#8211; Ma vie de Dico (<a rel=\"noreferrer noopener\" href=\"http:\/\/la-licorne-a-lunettes.fr\/index.php\/2020\/10\/24\/ma-vie-de-dico\/\" target=\"_blank\">chroniqu\u00e9 ici<\/a>)<br>\u2013\u00a0<em>Un piano pour Pavel<\/em>\u00a0illustr\u00e9 par Amandine Laprun (<a rel=\"noreferrer noopener\" href=\"http:\/\/la-licorne-a-lunettes.fr\/index.php\/2017\/02\/15\/un-piano-pour-pavel\/\" target=\"_blank\">chroniqu\u00e9 ici<\/a>)\u00a0<br>\u2013 La collection\u00a0<em>Les Copains du CP<\/em>\u00a0illustr\u00e9e par Nathalie Choux<br>\u2013 La s\u00e9rie\u00a0<em>Les animaux de Lou<\/em>\u00a0et\u00a0<em>Les Docs de Lou<\/em>\u00a0illustr\u00e9s M\u00e9lanie Allag (<a rel=\"noreferrer noopener\" href=\"http:\/\/la-licorne-a-lunettes.fr\/index.php\/2016\/04\/16\/les-animaux-de-lou-dou-tu-viens-petit-chien\/\" target=\"_blank\">chroniqu\u00e9 ici<\/a>)<br>\u2013 La s\u00e9rie\u00a0<em>Les aventures\u00a0d\u2019Anouk et Benji<\/em>\u00a0illustr\u00e9e par Glen Chaperon (<a rel=\"noreferrer noopener\" href=\"http:\/\/la-licorne-a-lunettes.fr\/index.php\/2016\/04\/08\/les-aventures-danouk-et-benji-enquete-sur-la-croisette\/\" target=\"_blank\">chroniqu\u00e9 ici<\/a>)<br>\u2013 La collection\u00a0<em>La Tour Eiffel<\/em>\u00a0illustr\u00e9e par M\u00e9lanie Roubineau (<a rel=\"noreferrer noopener\" href=\"http:\/\/la-licorne-a-lunettes.fr\/index.php\/2016\/04\/05\/la-tour-eiffel-a-des-ailes\/\" target=\"_blank\">chroniqu\u00e9 ici<\/a>)<br>\u2013\u00a0<em>Pas touche \u00e0 Charly !<\/em>\u00a0illustr\u00e9 par Glen Chaperon<br>\u2013\u00a0<em>Sauve qui pou<\/em>\u00a0avec Ga\u00e9tan Doremus\u00a0<br>\u2013\u00a0<em>Vive la pluie<\/em>\u00a0illustr\u00e9 par Marc Boutavant (<a rel=\"noreferrer noopener\" href=\"http:\/\/la-licorne-a-lunettes.fr\/index.php\/2016\/03\/29\/vive-la-pluie\/\" target=\"_blank\">chroniqu\u00e9 ici<\/a>)<\/p>\n\n\n\n<p>Chez Rageot :<br>\u2013&nbsp;<em>Tu cherches l\u2019embrouille, Nina Panzanouille !<\/em>&nbsp;(<a href=\"http:\/\/la-licorne-a-lunettes.fr\/index.php\/2018\/11\/03\/tu-cherches-lembrouille-nina-panzanouille\/\" target=\"_blank\" rel=\"noreferrer noopener\">chroniqu\u00e9 ici<\/a>)<\/p>\n","protected":false},"excerpt":{"rendered":"<p>Toujours fid\u00e8le \u00e0 la douceur des mots de Mymi Doinet, je me suis plong\u00e9e dans l\u2019histoire touchante de Samir et Selma. Comme pour \u00ab\u00a0Un piano pour Pavel\u00a0\u00bb, \u00ab\u00a0Coco n\u2019est pas zinzin\u00a0\u00bb et \u00ab\u00a0Ma vie de dico\u00a0\u00bb, Mymi donne la parole aux objets ou animaux pour raconter l\u2019histoire des personnages d\u2019un point de vue ext\u00e9rieur. Souvent [&hellip;]<\/p>\n","protected":false},"author":1,"featured_media":0,"comment_status":"open","ping_status":"open","sticky":false,"template":"","format":"standard","meta":{"ngg_post_thumbnail":0},"categories":[3,11,19],"tags":[52,444,37,198,71,80],"_links":{"self":[{"href":"https:\/\/la-licorne-a-lunettes.fr\/index.php\/wp-json\/wp\/v2\/posts\/6393"}],"collection":[{"href":"https:\/\/la-licorne-a-lunettes.fr\/index.php\/wp-json\/wp\/v2\/posts"}],"about":[{"href":"https:\/\/la-licorne-a-lunettes.fr\/index.php\/wp-json\/wp\/v2\/types\/post"}],"author":[{"embeddable":true,"href":"https:\/\/la-licorne-a-lunettes.fr\/index.php\/wp-json\/wp\/v2\/users\/1"}],"replies":[{"embeddable":true,"href":"https:\/\/la-licorne-a-lunettes.fr\/index.php\/wp-json\/wp\/v2\/comments?post=6393"}],"version-history":[{"count":4,"href":"https:\/\/la-licorne-a-lunettes.fr\/index.php\/wp-json\/wp\/v2\/posts\/6393\/revisions"}],"predecessor-version":[{"id":6402,"href":"https:\/\/la-licorne-a-lunettes.fr\/index.php\/wp-json\/wp\/v2\/posts\/6393\/revisions\/6402"}],"wp:attachment":[{"href":"https:\/\/la-licorne-a-lunettes.fr\/index.php\/wp-json\/wp\/v2\/media?parent=6393"}],"wp:term":[{"taxonomy":"category","embeddable":true,"href":"https:\/\/la-licorne-a-lunettes.fr\/index.php\/wp-json\/wp\/v2\/categories?post=6393"},{"taxonomy":"post_tag","embeddable":true,"href":"https:\/\/la-licorne-a-lunettes.fr\/index.php\/wp-json\/wp\/v2\/tags?post=6393"}],"curies":[{"name":"wp","href":"https:\/\/api.w.org\/{rel}","templated":true}]}}