{"id":6011,"date":"2021-03-07T23:50:00","date_gmt":"2021-03-07T22:50:00","guid":{"rendered":"http:\/\/la-licorne-a-lunettes.fr\/?p=6011"},"modified":"2021-03-07T23:50:00","modified_gmt":"2021-03-07T22:50:00","slug":"ne-moublie-pas","status":"publish","type":"post","link":"https:\/\/la-licorne-a-lunettes.fr\/index.php\/2021\/03\/07\/ne-moublie-pas\/","title":{"rendered":"Ne m&rsquo;oublie pas"},"content":{"rendered":"\n<div class=\"wp-block-image\"><figure class=\"alignleft size-large is-resized\"><img loading=\"lazy\" src=\"http:\/\/la-licorne-a-lunettes.fr\/wp-content\/uploads\/2021\/03\/garin-ne-moublie-pas-3-770x1024.jpg\" alt=\"\" class=\"wp-image-6013\" width=\"217\" height=\"288\" srcset=\"https:\/\/la-licorne-a-lunettes.fr\/wp-content\/uploads\/2021\/03\/garin-ne-moublie-pas-3-770x1024.jpg 770w, https:\/\/la-licorne-a-lunettes.fr\/wp-content\/uploads\/2021\/03\/garin-ne-moublie-pas-3-226x300.jpg 226w, https:\/\/la-licorne-a-lunettes.fr\/wp-content\/uploads\/2021\/03\/garin-ne-moublie-pas-3-768x1022.jpg 768w, https:\/\/la-licorne-a-lunettes.fr\/wp-content\/uploads\/2021\/03\/garin-ne-moublie-pas-3.jpg 902w\" sizes=\"(max-width: 217px) 100vw, 217px\" \/><\/figure><\/div>\n\n\n\n<p>En exergue, une citation du roman Les Ann\u00e9es d\u2019Annie Ernaux. R\u00e9cit d\u2019\u00e9poques qui s\u2019encha\u00eenent, de morceaux de vie, de traces qu\u2019on ne veut pas oublier et pourtant \u00ab\u00a0s\u2019annuleront subitement les milliers de mots qui ont servi \u00e0 nommer les choses, les visages des gens, les actes et les sentiments\u00a0\u00bb. Il est question de m\u00e9moire, de celle qui nous \u00e9chappera.<\/p>\n\n\n\n<p>D\u00e8s la couverture, l\u2019\u00e9motion saisit. Des teintes de nostalgie et de douceur, et un titre tragique qui r\u00e9sonne, comme un appel au secours, comme une ultime requ\u00eate.<\/p>\n\n\n\n<p>Marie-Louise, la grand-m\u00e8re de Cl\u00e9mence atteinte d\u2019Alzheimer, vient de faire \u00e0 nouveau une fugue depuis la maison de retraite o\u00f9 elle est prise en charge. Une de trop pour le centre qui annonce \u00e0 Cl\u00e9mence et sa m\u00e8re qu\u2019un traitement chimique va lui \u00eatre administr\u00e9 pour \u00e9viter qu\u2019elle cherche \u00e0 s\u2019\u00e9chapper afin de retrouver sa maison d\u2019enfance en bord de mer. Insupportable d\u00e9cision pour Cl\u00e9mence qui entretient une relation tr\u00e8s proche avec sa Mamycha. Une fois revenue au centre, Cl\u00e9mence constate que sa grand-m\u00e8re est abrutie par les m\u00e9dicaments. Un v\u00e9ritable \u00e9lectrochoc qui la pousse, par d\u00e9sespoir, \u00e0 l\u2019embarquer dans une escapade en voiture loin de cet enfer. Changement de tonalit\u00e9\u00a0: un interrogatoire dans un commissariat, Cl\u00e9mence est accus\u00e9e d\u2019avoir enlev\u00e9 sa grand-m\u00e8re. Et les flash-back de ce road-trip impr\u00e9vu se d\u00e9roulent sous nos yeux page apr\u00e8s page, dans un enchainement de situations plus \u00e9mouvantes les unes que les autres.<\/p>\n\n\n\n<!--more-->\n\n\n\n<p>Un tr\u00e8s grand coup de c\u0153ur pour ce roman graphique qui prend au c\u0153ur, qui creuse au fond de nous pour toucher cette vibrante humanit\u00e9 qui nous relie \u00e0 nos anciens. Quelle preuve d\u2019amour que de vouloir rendre \u00e0 sa grand-m\u00e8re un peu du bonheur qu\u2019elle a perdu, un peu de ce temps o\u00f9 elle \u00e9tait heureuse, dans un touchant retour des choses. Il est question d\u2019amour avant tout, de pulsion de vie, de qu\u00eate de dignit\u00e9 pour ces \u00eatres fragilis\u00e9s qui nous ont construit. <\/p>\n\n\n\n<figure class=\"wp-container-2 wp-block-gallery-1 wp-block-gallery columns-3 is-cropped\"><ul class=\"blocks-gallery-grid\"><li class=\"blocks-gallery-item\"><figure><img loading=\"lazy\" width=\"768\" height=\"1024\" src=\"http:\/\/la-licorne-a-lunettes.fr\/wp-content\/uploads\/2021\/03\/garin-ne-moublie-pas-10-1-768x1024.jpg\" alt=\"\" data-id=\"6018\" data-full-url=\"http:\/\/la-licorne-a-lunettes.fr\/wp-content\/uploads\/2021\/03\/garin-ne-moublie-pas-10-1.jpg\" data-link=\"http:\/\/la-licorne-a-lunettes.fr\/?attachment_id=6018\" class=\"wp-image-6018\" srcset=\"https:\/\/la-licorne-a-lunettes.fr\/wp-content\/uploads\/2021\/03\/garin-ne-moublie-pas-10-1-768x1024.jpg 768w, https:\/\/la-licorne-a-lunettes.fr\/wp-content\/uploads\/2021\/03\/garin-ne-moublie-pas-10-1-225x300.jpg 225w, https:\/\/la-licorne-a-lunettes.fr\/wp-content\/uploads\/2021\/03\/garin-ne-moublie-pas-10-1.jpg 900w\" sizes=\"(max-width: 768px) 100vw, 768px\" \/><\/figure><\/li><li class=\"blocks-gallery-item\"><figure><img loading=\"lazy\" width=\"768\" height=\"1024\" src=\"http:\/\/la-licorne-a-lunettes.fr\/wp-content\/uploads\/2021\/03\/garin-ne-moublie-pas-6-768x1024.jpg\" alt=\"\" data-id=\"6016\" data-full-url=\"http:\/\/la-licorne-a-lunettes.fr\/wp-content\/uploads\/2021\/03\/garin-ne-moublie-pas-6.jpg\" data-link=\"http:\/\/la-licorne-a-lunettes.fr\/?attachment_id=6016\" class=\"wp-image-6016\" srcset=\"https:\/\/la-licorne-a-lunettes.fr\/wp-content\/uploads\/2021\/03\/garin-ne-moublie-pas-6-768x1024.jpg 768w, https:\/\/la-licorne-a-lunettes.fr\/wp-content\/uploads\/2021\/03\/garin-ne-moublie-pas-6-225x300.jpg 225w, https:\/\/la-licorne-a-lunettes.fr\/wp-content\/uploads\/2021\/03\/garin-ne-moublie-pas-6.jpg 900w\" sizes=\"(max-width: 768px) 100vw, 768px\" \/><\/figure><\/li><li class=\"blocks-gallery-item\"><figure><img loading=\"lazy\" width=\"768\" height=\"1024\" src=\"http:\/\/la-licorne-a-lunettes.fr\/wp-content\/uploads\/2021\/03\/garin-ne-moublie-pas-7-768x1024.jpg\" alt=\"\" data-id=\"6017\" data-full-url=\"http:\/\/la-licorne-a-lunettes.fr\/wp-content\/uploads\/2021\/03\/garin-ne-moublie-pas-7.jpg\" data-link=\"http:\/\/la-licorne-a-lunettes.fr\/?attachment_id=6017\" class=\"wp-image-6017\" srcset=\"https:\/\/la-licorne-a-lunettes.fr\/wp-content\/uploads\/2021\/03\/garin-ne-moublie-pas-7-768x1024.jpg 768w, https:\/\/la-licorne-a-lunettes.fr\/wp-content\/uploads\/2021\/03\/garin-ne-moublie-pas-7-225x300.jpg 225w, https:\/\/la-licorne-a-lunettes.fr\/wp-content\/uploads\/2021\/03\/garin-ne-moublie-pas-7.jpg 900w\" sizes=\"(max-width: 768px) 100vw, 768px\" \/><\/figure><\/li><li class=\"blocks-gallery-item\"><figure><img loading=\"lazy\" width=\"743\" height=\"1024\" src=\"http:\/\/la-licorne-a-lunettes.fr\/wp-content\/uploads\/2021\/03\/garin-ne-moublie-pas-1-743x1024.jpeg\" alt=\"\" data-id=\"6015\" data-full-url=\"http:\/\/la-licorne-a-lunettes.fr\/wp-content\/uploads\/2021\/03\/garin-ne-moublie-pas-1.jpeg\" data-link=\"http:\/\/la-licorne-a-lunettes.fr\/?attachment_id=6015\" class=\"wp-image-6015\" srcset=\"https:\/\/la-licorne-a-lunettes.fr\/wp-content\/uploads\/2021\/03\/garin-ne-moublie-pas-1-743x1024.jpeg 743w, https:\/\/la-licorne-a-lunettes.fr\/wp-content\/uploads\/2021\/03\/garin-ne-moublie-pas-1-218x300.jpeg 218w, https:\/\/la-licorne-a-lunettes.fr\/wp-content\/uploads\/2021\/03\/garin-ne-moublie-pas-1-768x1059.jpeg 768w, https:\/\/la-licorne-a-lunettes.fr\/wp-content\/uploads\/2021\/03\/garin-ne-moublie-pas-1.jpeg 774w\" sizes=\"(max-width: 743px) 100vw, 743px\" \/><\/figure><\/li><\/ul><\/figure>\n\n\n\n<p><\/p>\n\n\n\n<p>Ce n\u2019est pas un documentaire sur la maladie, car chaque personne est frapp\u00e9e diff\u00e9remment, et chaque famille r\u00e9agit \u00e0 sa mani\u00e8re. C\u2019est une fuite hors du temps, vitale, unique et intime entre une petite fille et sa grand-m\u00e8re, la main dans la main, le regard attendrissant de l\u2019une sur le cr\u00e9puscule de la vie de l\u2019autre. \u00ab&nbsp;Trop tard arrive plus vite qu\u2019on le croit&nbsp;\u00bb. Un voyage int\u00e9rieur pour Cl\u00e9mence confront\u00e9e au doute, au trouble, au danger, \u00e0 des responsabilit\u00e9s in\u00e9dites, pour l\u2019amour de sa grand-m\u00e8re.<\/p>\n\n\n\n<p>Malgr\u00e9 le sujet lourd, le r\u00e9cit est piquet\u00e9 de sayn\u00e8tes pleines d\u2019humour qui illustrent avec sensibilit\u00e9 le quotidien compl\u00e8tement chahut\u00e9 par l\u2019urgence de la destination \u00e0 atteindre et les moments de connivence inesp\u00e9r\u00e9s entre ces deux femmes. Plus de 200 pages, un temps n\u00e9cessaire pour installer progressivement le contexte et la psychologie des personnages, pour prendre le temps de la narration qui alterne moments d\u2019introspections et situations tr\u00e9pidantes. Un d\u00e9tail qui bouleverse&nbsp;: on ne voit jamais les yeux de Marie-Louise derri\u00e8re les verres blancs de ces lunettes, symbole de son absence de la r\u00e9alit\u00e9, sauf une fois, et \u00e7a vous chavire le c\u0153ur.<\/p>\n\n\n\n<p>Graphiquement, c\u2019est tr\u00e8s r\u00e9ussi. Une gamme chromatique chaleureuse, dans un esprit aquarelle mais revisit\u00e9 par des jeux de lumi\u00e8res judicieux, qui apporte beaucoup de modernit\u00e9 et de rythme. La double temporalit\u00e9 du r\u00e9cit ajoute de l\u2019\u00e9paisseur \u00e0 l\u2019intrigue. La qualit\u00e9 de l\u2019impression est au rendez-vous&nbsp;!<\/p>\n\n\n\n<p>Il y a des moments o\u00f9 les livres se r\u00e9pondent\u00a0: \u00c2ge tendre de Cl\u00e9mentine Beauvais et cet ado propuls\u00e9 parmi les r\u00e9sidents de cette unit\u00e9 Mn\u00e9mosyne si touchants, Le Plongeon de S\u00e9verine Vidal et l\u2019entr\u00e9e d\u2019Yvonne dans cet EHPAD qu\u2019elle secoue par son envie de vivre, et Ne m\u2019oublie pas o\u00f9 Cl\u00e9mence embarque sa grand-m\u00e8re atteinte d\u2019Alzheimer dans un m\u00e9morable et \u00e9mouvant road-trip. Des ouvrages qui traitent de ces relations interg\u00e9n\u00e9rationnelles et qui mettent en avant nos anciens, si peu visibles. C\u2019est la f\u00eate des Grand-M\u00e8res\u00a0? Alors, une pens\u00e9e pour les miennes, des femmes libres.<\/p>\n\n\n\n<figure class=\"wp-block-embed-youtube wp-block-embed is-type-video is-provider-youtube wp-embed-aspect-16-9 wp-has-aspect-ratio\"><div class=\"wp-block-embed__wrapper\">\n<div class=\"olsen-light-responsive-embed\"><iframe loading=\"lazy\" title=\"Alix Garin raconte &quot;Ne m&#039;oublie pas&quot; - 8 romans graphiques\" width=\"665\" height=\"374\" src=\"https:\/\/www.youtube.com\/embed\/1kzTqAYIoIg?feature=oembed\" frameborder=\"0\" allow=\"accelerometer; autoplay; clipboard-write; encrypted-media; gyroscope; picture-in-picture\" allowfullscreen><\/iframe><\/div>\n<\/div><\/figure>\n\n\n\n<hr class=\"wp-block-separator\"\/>\n\n\n\n<p><strong>Autrice\/Dessinatrice : Alix GARIN<br>Edition  : <a rel=\"noreferrer noopener\" href=\"https:\/\/www.comixtrip.fr\/bibliotheque\/ne-moublie-pas-garin-alzheimer\/\" target=\"_blank\">Le Lombard<\/a> &#8211; 220 pages, 22,50 euros<br>Ann\u00e9e : Janvier 2021<\/strong><\/p>\n","protected":false},"excerpt":{"rendered":"<p>En exergue, une citation du roman Les Ann\u00e9es d\u2019Annie Ernaux. R\u00e9cit d\u2019\u00e9poques qui s\u2019encha\u00eenent, de morceaux de vie, de traces qu\u2019on ne veut pas oublier et pourtant \u00ab\u00a0s\u2019annuleront subitement les milliers de mots qui ont servi \u00e0 nommer les choses, les visages des gens, les actes et les sentiments\u00a0\u00bb. Il est question de m\u00e9moire, de [&hellip;]<\/p>\n","protected":false},"author":1,"featured_media":0,"comment_status":"open","ping_status":"open","sticky":false,"template":"","format":"standard","meta":{"ngg_post_thumbnail":0},"categories":[206,167,48,202,61],"tags":[41,7,58,389,347,28],"_links":{"self":[{"href":"https:\/\/la-licorne-a-lunettes.fr\/index.php\/wp-json\/wp\/v2\/posts\/6011"}],"collection":[{"href":"https:\/\/la-licorne-a-lunettes.fr\/index.php\/wp-json\/wp\/v2\/posts"}],"about":[{"href":"https:\/\/la-licorne-a-lunettes.fr\/index.php\/wp-json\/wp\/v2\/types\/post"}],"author":[{"embeddable":true,"href":"https:\/\/la-licorne-a-lunettes.fr\/index.php\/wp-json\/wp\/v2\/users\/1"}],"replies":[{"embeddable":true,"href":"https:\/\/la-licorne-a-lunettes.fr\/index.php\/wp-json\/wp\/v2\/comments?post=6011"}],"version-history":[{"count":2,"href":"https:\/\/la-licorne-a-lunettes.fr\/index.php\/wp-json\/wp\/v2\/posts\/6011\/revisions"}],"predecessor-version":[{"id":6019,"href":"https:\/\/la-licorne-a-lunettes.fr\/index.php\/wp-json\/wp\/v2\/posts\/6011\/revisions\/6019"}],"wp:attachment":[{"href":"https:\/\/la-licorne-a-lunettes.fr\/index.php\/wp-json\/wp\/v2\/media?parent=6011"}],"wp:term":[{"taxonomy":"category","embeddable":true,"href":"https:\/\/la-licorne-a-lunettes.fr\/index.php\/wp-json\/wp\/v2\/categories?post=6011"},{"taxonomy":"post_tag","embeddable":true,"href":"https:\/\/la-licorne-a-lunettes.fr\/index.php\/wp-json\/wp\/v2\/tags?post=6011"}],"curies":[{"name":"wp","href":"https:\/\/api.w.org\/{rel}","templated":true}]}}