{"id":5992,"date":"2021-03-02T23:35:03","date_gmt":"2021-03-02T22:35:03","guid":{"rendered":"http:\/\/la-licorne-a-lunettes.fr\/?p=5992"},"modified":"2021-03-03T00:01:34","modified_gmt":"2021-03-02T23:01:34","slug":"lete-des-perseides","status":"publish","type":"post","link":"https:\/\/la-licorne-a-lunettes.fr\/index.php\/2021\/03\/02\/lete-des-perseides\/","title":{"rendered":"L&rsquo;\u00e9t\u00e9 des Pers\u00e9ides"},"content":{"rendered":"\n<div class=\"wp-block-image\"><figure class=\"alignleft size-large is-resized\"><img loading=\"lazy\" src=\"http:\/\/la-licorne-a-lunettes.fr\/wp-content\/uploads\/2021\/03\/Ete-perseides-683x1024.jpg\" alt=\"\" class=\"wp-image-5994\" width=\"201\" height=\"300\" srcset=\"https:\/\/la-licorne-a-lunettes.fr\/wp-content\/uploads\/2021\/03\/Ete-perseides-683x1024.jpg 683w, https:\/\/la-licorne-a-lunettes.fr\/wp-content\/uploads\/2021\/03\/Ete-perseides-200x300.jpg 200w\" sizes=\"(max-width: 201px) 100vw, 201px\" \/><\/figure><\/div>\n\n\n\n<p>J\u2019ai fini depuis quelques temps ce texte si particulier et les personnages me hantent encore.<\/p>\n\n\n\n<p>D\u00e9cid\u00e9ment, S\u00e9verine Vidal r\u00e9ussi \u00e0 nous faire voyager quel que soit le format qu\u2019elle choisi. Road-trip, confessions, souvenirs de famille, ode \u00e0 l\u2019enfance, introspection adolescente ou cri de libert\u00e9 d\u2019une vieillesse qui r\u00e9siste, toutes ces voix portent en elles des parcours de vie qui interrogent l\u2019intime et nous parlent au c\u0153ur.<\/p>\n\n\n\n<p>D\u00e8s l\u2019ouverture, les citations choisies m&rsquo;ont donn\u00e9 envie de plonger&nbsp;: \u00ab&nbsp;J\u2019ai v\u00e9cu pour vous cette vie Et je vous aime \u00e0 travers temps&nbsp;\u00bb Lo\u00efc Lantoine et ces mots d\u2019Annie Ernaux confiant que \u00ab&nbsp;la distance qui s\u00e9pare le pass\u00e9 du pr\u00e9sent se mesure peut-\u00eatre \u00e0 la lumi\u00e8re r\u00e9pandue sur le sol entre les ombres&nbsp;\u00bb.<\/p>\n\n\n\n<p>Car dans ce r\u00e9cit, il est question de temps justement, d\u2019un temps qui courre face \u00e0 un danger imminent, d\u2019un temps qui file vers un orage qui gronde, d\u2019un temps distendu, \u00e9clat\u00e9, qui relie des vies malgr\u00e9 elles, inexorablement.<\/p>\n\n\n\n<p>C\u2019est l\u2019histoire de Jonas et d\u2019Ana, deux \u00eatres diablement attachants, lanc\u00e9s myst\u00e9rieusement l\u2019un vers l\u2019autre, dans cet univers inqui\u00e9tant des Everglades apr\u00e8s une temp\u00eate magn\u00e9tique hors du commun. Des ph\u00e9nom\u00e8nes inexplicables se multiplient, les gens disparaissent \u00e9trangement, comme Evans, le coll\u00e8gue de Jonas. \u00ab&nbsp;Volatilis\u00e9&nbsp;\u00bb. Cela reste incompr\u00e9hensible, si bien que cette tension, cette \u00e9lectricit\u00e9 ambiante nous plonge au fil des pages dans une atmosph\u00e8re pr\u00e9occupante. \u00ab&nbsp;Restez chez vous, ne sortez sous aucun pr\u00e9texte&nbsp;\u00bb. Un vent de panique monte, la rumeur enfle, la ville semble gagn\u00e9e par le chaos. Le rythme s\u2019acc\u00e9l\u00e8re, les dialogues trahissent le trouble g\u00e9n\u00e9ral dans lequel sont projet\u00e9s les personnages malgr\u00e9 eux. Une course contre le temps s\u2019enclenche pour retrouver les disparus. Jonas part \u00e0 la recherche d\u2019Evans et Ana percute alors le chemin de Jonas. Tout les oppose, lui fils adoptif choy\u00e9, elle adolescente solitaire, deux abandonn\u00e9s qui semblent pourtant bien se connaitre et se rejoignent dans une (en)qu\u00eate&nbsp;qui les lie au-del\u00e0 de ce qu\u2019ils imaginent.<\/p>\n\n\n\n<!--more-->\n\n\n\n<p>J\u2019ai \u00e9t\u00e9 conquise par ce duo bouleversant, romanesque, au c\u0153ur de l\u2019intrigue. La tension que ressentent les personnages, si palpable, est ce qui nous tient en haleine. Tout comme eux, on ne comprend pas ce qui se passe, on est pris dans ce tourbillon inconnu, on ressent ce danger imminent accentu\u00e9 par la menace de ce sh\u00e9rif Betley \u00e0 leur trousse, on se dirige avec eux vers ce point de rendez-vous. On suit avec eux ces \u00e9toiles, ce rep\u00e8re des Pers\u00e9ides, si \u00e9vocateur&nbsp;! Et quelle brochettes de personnages secondaires&nbsp;dont les chapitres flashback s\u00e8ment en \u00e9cho des indices sur ces croisements de chemins. J\u2019ai \u00e9t\u00e9 d\u00e9stabilis\u00e9e et surprise tout au long de ce sc\u00e9nario haletant. Il est question de liens familiaux, d\u2019amour, de transmission, d\u2019une part d\u2019invisible et de surnaturel qui nous \u00e9blouie.<br>Un texte qui marque, diff\u00e9rent, o\u00f9 les sens des protagonistes sont mis \u00e0 rude \u00e9preuve, secouant leurs convictions, \u00e9branlant leurs croyances. Les \u00e9l\u00e9ments se mettent en place progressivement, subtilement, entre les lignes parfois. On t\u00e2tonne pour essayer de tirer les fils, on doute comme eux, on suit le cheminement de Jonas et d\u2019Ana, contre le temps, entre pass\u00e9 et pr\u00e9sent, et l\u2019on reste \u00e9merveill\u00e9 d\u2019un voyage aussi intense une fois la derni\u00e8re page tourn\u00e9e.<\/p>\n\n\n\n<p><\/p>\n\n\n\n<p>Merci Nathan et S\u00e9verine Vidal pour cette d\u00e9couverte.<\/p>\n\n\n\n<hr class=\"wp-block-separator\"\/>\n\n\n\n<p><strong>Autrice : S\u00e9verine VIDAL<br>Edition : <a rel=\"noreferrer noopener\" href=\"https:\/\/www.nathan.fr\/catalogue\/fiche-produit.asp?ean13=9782092591536\" target=\"_blank\">Nathan<\/a> &#8211; 272 pages &#8211; 14,95 euros<br>ISBN : ISBN&nbsp;:&nbsp;978-2-09-259153-6<br>Ann\u00e9e : Janvier 2021<\/strong><\/p>\n\n\n\n<p>&#8212;<\/p>\n\n\n\n<p>De la m\u00eame autrice : <br>&#8211; Le plongeon avec Victor Pinel chez Grand Angle (BD)  &#8211; (<a rel=\"noreferrer noopener\" href=\"http:\/\/la-licorne-a-lunettes.fr\/index.php\/2021\/01\/24\/le-plongeon\/\" target=\"_blank\">Chroniqu\u00e9 ici<\/a>)<br>&#8211; La maison de la plage avec Victor Pinel ( BD) &#8211; (<a rel=\"noreferrer noopener\" href=\"http:\/\/la-licorne-a-lunettes.fr\/index.php\/2019\/05\/30\/la-maison-de-la-plage\/\" target=\"_blank\">Chroniqu\u00e9 ici<\/a>)<br>&#8211; Mon h\u00e9ro\u00efne &#8211; Collection Court Toujours Nathan (<a href=\"http:\/\/la-licorne-a-lunettes.fr\/index.php\/2020\/09\/13\/son-heroine\/\" target=\"_blank\" rel=\"noreferrer noopener\">Chroniqu\u00e9 ici<\/a>)<br>&#8211; P\u00ebppo chez Bayard (<a rel=\"noreferrer noopener\" href=\"http:\/\/la-licorne-a-lunettes.fr\/index.php\/2018\/08\/21\/peppo\/\" target=\"_blank\">Chroniqu\u00e9 ici<\/a>)<br>&#8211; L&rsquo;\u00e9cole \u00e0 l&rsquo;envers chez Nathan<br>\u2013 Nos coeurs tordus (1 et 2) \u2013 Bayard<br>\u2013 Magic F\u00e9lix chez Jungle<br>\u2013 L\u2019affaire du tag, illustr\u00e9 par\u00a0Gilles Freluche \u2013\u00a0Larousse<br>\u2013 Les aventures de Robinson et Crouton, illustr\u00e9 par\u00a0Vincent Sorel \u2013 Auzou<br>\u2013\u00a0Frileux, l\u2019ours qui n\u2019aimait pas l\u2019hiver, illustr\u00e9 par\u00a0Marc Majewski \u2013\u00a0Sarbacane<br>\u2013 Tandem ,\u00a0illustrations Ir\u00e8ne Bonacina \u2013\u00a0La Joie de Lire<br>\u2013 16 nuances de premi\u00e8re fois \u2013 Eyrolles \u2013 Collectif<br>\u2013 June et Jo toujours, illustr\u00e9 par Am\u00e9lie Graux \u2013\u00a0Gallimard Giboul\u00e9es<br>\u2013\u00a0L\u2019insupportable journ\u00e9e (g\u00e9niale) de Michel, illustr\u00e9 par Tanguy Loridant \u2013\u00a0Le Diplodocus<br>\u2013 Les aventures de Tiago, illustr\u00e9 par Laurent Audouin \u2013 Magnard Jeunesse<br>\u2013 J\u2019ai \u00a0vu un lion ; Je veux un grand fr\u00e8re ; \u00a0\u2013 Milan<br>\u2013 Gustave et C\u00e9leste avec Anne-Ga\u00eblle Balpe, illustr\u00e9 par\u00a0<a href=\"http:\/\/lapalissade.fr\/nos-auteurs\/terkel-risbjerg\/\">Terkel Risbjerg<\/a>\u00a0\u2013 La Palissade<br>\u2013 Sur mon fil \u2013 Milan<br>\u2013\u00a0Les petites mar\u00e9es\u00a0avec Victor L. Pinel \u2013\u00a0Les enfants rouges\u00a0<br>\u2013 L\u2019attrape lune avec Barroux \u2013 Mango Jeunesse<br>\u2013 La Dr\u00f4le d\u2019\u00e9vasion\u00a0\u2013 Sarbacane<br>\u2013 L\u2018oeil du pigeon,\u00a0illustr\u00e9 par Guillaume Plantevin \u2013\u00a0Sarbacane<br>\u2013 La Dr\u00f4le d\u2019exp\u00e9dition\u00a0\u2013 Sarbacane<br>\u2013 Quelqu\u2019un qu\u2019on aime -Sarbacane<br>\u2013 Ma t\u00eate ailleurs avec Pauline Comis \u2013 Kilowatt<br>\u2013 Philo m\u00e8ne la danse \u2013 Talents Hauts<br>\u2013 Il \u00e9tait deux fois dans l\u2019Ouest \u2013 Sarbacane<br>\u2013\u00a0Huit saisons et des poussi\u00e8res \u2013\u00a0illustrations Anne Montel \u2013\u00a0Les P\u2019tits b\u00e9rets<br>\u2013 J\u2019aime mes cauchemars \u2013 illustr\u00e9 par Am\u00e9lie Graux \u2013\u00a0Gallimard Giboul\u00e9es<br>\u2013 Sale temps pour la tribu\u00a0avec Sandrine Beau et Anne-Ga\u00eblle Balpe, illustr\u00e9 par Jess Pauwels \u2013\u00a0Frimousse<br>\u2013 Mon secret rit tout le temps, illustrations Vanessa Hi\u00e9 \u2013\u00a0Kilowatt<br>\u2013 Billie du Bayou\u00a0illustr\u00e9 par Ronan Badel \u2013 Editions Elan Vert<br>\u2013 Les aventures de Prune !, illustrations Kris di Giacomo \u2013\u00a0Frimousse<\/p>\n\n\n\n<figure class=\"wp-block-table\"><table><tbody><tr><td><\/td><\/tr><\/tbody><\/table><\/figure>\n","protected":false},"excerpt":{"rendered":"<p>J\u2019ai fini depuis quelques temps ce texte si particulier et les personnages me hantent encore. D\u00e9cid\u00e9ment, S\u00e9verine Vidal r\u00e9ussi \u00e0 nous faire voyager quel que soit le format qu\u2019elle choisi. Road-trip, confessions, souvenirs de famille, ode \u00e0 l\u2019enfance, introspection adolescente ou cri de libert\u00e9 d\u2019une vieillesse qui r\u00e9siste, toutes ces voix portent en elles des [&hellip;]<\/p>\n","protected":false},"author":1,"featured_media":0,"comment_status":"open","ping_status":"open","sticky":false,"template":"","format":"standard","meta":{"ngg_post_thumbnail":0},"categories":[206,19,61],"tags":[41,37,144,477,28],"_links":{"self":[{"href":"https:\/\/la-licorne-a-lunettes.fr\/index.php\/wp-json\/wp\/v2\/posts\/5992"}],"collection":[{"href":"https:\/\/la-licorne-a-lunettes.fr\/index.php\/wp-json\/wp\/v2\/posts"}],"about":[{"href":"https:\/\/la-licorne-a-lunettes.fr\/index.php\/wp-json\/wp\/v2\/types\/post"}],"author":[{"embeddable":true,"href":"https:\/\/la-licorne-a-lunettes.fr\/index.php\/wp-json\/wp\/v2\/users\/1"}],"replies":[{"embeddable":true,"href":"https:\/\/la-licorne-a-lunettes.fr\/index.php\/wp-json\/wp\/v2\/comments?post=5992"}],"version-history":[{"count":4,"href":"https:\/\/la-licorne-a-lunettes.fr\/index.php\/wp-json\/wp\/v2\/posts\/5992\/revisions"}],"predecessor-version":[{"id":6002,"href":"https:\/\/la-licorne-a-lunettes.fr\/index.php\/wp-json\/wp\/v2\/posts\/5992\/revisions\/6002"}],"wp:attachment":[{"href":"https:\/\/la-licorne-a-lunettes.fr\/index.php\/wp-json\/wp\/v2\/media?parent=5992"}],"wp:term":[{"taxonomy":"category","embeddable":true,"href":"https:\/\/la-licorne-a-lunettes.fr\/index.php\/wp-json\/wp\/v2\/categories?post=5992"},{"taxonomy":"post_tag","embeddable":true,"href":"https:\/\/la-licorne-a-lunettes.fr\/index.php\/wp-json\/wp\/v2\/tags?post=5992"}],"curies":[{"name":"wp","href":"https:\/\/api.w.org\/{rel}","templated":true}]}}