{"id":5739,"date":"2020-09-25T10:41:00","date_gmt":"2020-09-25T09:41:00","guid":{"rendered":"http:\/\/la-licorne-a-lunettes.fr\/?p=5739"},"modified":"2020-10-12T10:42:17","modified_gmt":"2020-10-12T09:42:17","slug":"berlingot-et-vermicelle","status":"publish","type":"post","link":"https:\/\/la-licorne-a-lunettes.fr\/index.php\/2020\/09\/25\/berlingot-et-vermicelle\/","title":{"rendered":"Berlingot et Vermicelle"},"content":{"rendered":"\n<div class=\"wp-block-image\"><figure class=\"alignleft size-large is-resized\"><img loading=\"lazy\" src=\"https:\/\/la-licorne-a-lunettes.fr\/wp-content\/uploads\/2020\/10\/couvberlingot.jpg\" alt=\"\" class=\"wp-image-5741\" width=\"197\" height=\"302\" srcset=\"https:\/\/la-licorne-a-lunettes.fr\/wp-content\/uploads\/2020\/10\/couvberlingot.jpg 340w, https:\/\/la-licorne-a-lunettes.fr\/wp-content\/uploads\/2020\/10\/couvberlingot-196x300.jpg 196w\" sizes=\"(max-width: 197px) 100vw, 197px\" \/><\/figure><\/div>\n\n\n\n<p>Quand on les regarde, Berlingot et Vermicelle illustrent bien l\u2019expression \u00ab\u00a0les deux font\u00a0la paire\u00a0\u00bb malgr\u00e9 leurs diff\u00e9rences. Et pourtant, cela n\u2019a pas toujours \u00e9t\u00e9 une route tranquille pour ces deux chaussures, un peu hors du commun. Pas facile de se parler quand on est en mouvement, les occasions sont rares. Il faut parfois improviser quelques croque-en-jambes aux d\u00e9pends du propri\u00e9taire pour discuter. (Joli clin d\u2019\u0153il \u00e0 la Paire de Chaussures des contes de la rue Broca).<\/p>\n\n\n\n<p>Il aura fallu un hiver pour que le duo se retrouve au placard, apprenne \u00e0 mieux se conna\u00eetre et voit na\u00eetre des sentiments l\u2019un pour l\u2019autre. Mmmh \u00e7a fleure bon l\u2019amour naissant\u2026 Mais l\u2019ennui de devoir rester \u00e0 l\u2019int\u00e9rieur les pousse \u00e0 tenter une escapade, seuls, dehors, alors que l\u2019orage gronde.<\/p>\n\n\n\n<p>Fallait-il vraiment s\u2019encombrer d\u2019un parapluie\u00a0? Pourquoi partir \u00e0 droite alors que c\u2019est plus court \u00e0 gauche\u00a0? De mauvaise humeur, le ton monte et la dispute aboutit \u00e0 une s\u00e9paration, chacun part de son c\u00f4t\u00e9. Et voil\u00e0 qu\u2019il se met \u00e0 pleuvoir des cordes, le niveau de l\u2019eau dans le caniveau monte et emporte Berlingot loin de Vermicelle. Elle qui n\u2019avait imagin\u00e9 mettre un pied devant l\u2019autre sans lui, comment pourrait-elle continuer l\u2019aventure. Arrivera-t-elle \u00e0 rattraper son alter-godillot\u00a0? Pourront-ils s\u2019enlacer \u00e0 nouveau\u00a0? Peut-on s\u2019aimer encore si l\u2019on n\u2019est pas d\u2019accord\u00a0?<\/p>\n\n\n\n<!--more-->\n\n\n\n<p><br>Quel bonheur de voir na\u00eetre de nouveaux personnages des mains du Papa de Pico Bogue et d\u2019Ana-Ana ! On retrouve tout le talent d\u2019Alexis Dormal pour croquer les expressions si cocasses de ces adorables petites godasses d\u2019amour vivant une aventure qui les changera \u00e0 tout jamais. Le r\u00e9cit alterne un texte tendre teint\u00e9 de r\u00e9flexion philosophique et des images pleines d\u2019humour aux couleurs chaleureuses, entre album-roman illustr\u00e9 et sayn\u00e8tes fa\u00e7on BD.<br><br>Encore une bien belle histoire dans cette collection Mouche o\u00f9 les textes sont faciles \u00e0 prendre en main pour des premiers lecteurs et que toute la famille peut d\u00e9vorer.<\/p>\n\n\n\n<p>Merci Ecole des Loisirs pour cette d\u00e9couverte et pour faire entrer dans votre catalogue un illustrateur aussi talentueux que Alexis Dormal.<\/p>\n\n\n\n<hr class=\"wp-block-separator\"\/>\n\n\n\n<p><strong>Auteur : Emmanuel BERGOUGNIOUX\u00a0<br>Illustrateur : Alexis DORMAL<br>Edition : <a rel=\"noreferrer noopener\" href=\"https:\/\/www.ecoledesloisirs.fr\/livre\/berlingot-vermicelle\" target=\"_blank\">Ecole des loisirs<\/a> &#8211; Collection Mouche Premier Roman &#8211; 7,50 euros<br>Ann\u00e9e : Ao\u00fbt 2020<\/strong><\/p>\n","protected":false},"excerpt":{"rendered":"<p>Quand on les regarde, Berlingot et Vermicelle illustrent bien l\u2019expression \u00ab\u00a0les deux font\u00a0la paire\u00a0\u00bb malgr\u00e9 leurs diff\u00e9rences. Et pourtant, cela n\u2019a pas toujours \u00e9t\u00e9 une route tranquille pour ces deux chaussures, un peu hors du commun. Pas facile de se parler quand on est en mouvement, les occasions sont rares. Il faut parfois improviser quelques [&hellip;]<\/p>\n","protected":false},"author":1,"featured_media":0,"comment_status":"open","ping_status":"open","sticky":false,"template":"","format":"standard","meta":{"ngg_post_thumbnail":0},"categories":[3,11,19,61],"tags":[41,23,6],"_links":{"self":[{"href":"https:\/\/la-licorne-a-lunettes.fr\/index.php\/wp-json\/wp\/v2\/posts\/5739"}],"collection":[{"href":"https:\/\/la-licorne-a-lunettes.fr\/index.php\/wp-json\/wp\/v2\/posts"}],"about":[{"href":"https:\/\/la-licorne-a-lunettes.fr\/index.php\/wp-json\/wp\/v2\/types\/post"}],"author":[{"embeddable":true,"href":"https:\/\/la-licorne-a-lunettes.fr\/index.php\/wp-json\/wp\/v2\/users\/1"}],"replies":[{"embeddable":true,"href":"https:\/\/la-licorne-a-lunettes.fr\/index.php\/wp-json\/wp\/v2\/comments?post=5739"}],"version-history":[{"count":3,"href":"https:\/\/la-licorne-a-lunettes.fr\/index.php\/wp-json\/wp\/v2\/posts\/5739\/revisions"}],"predecessor-version":[{"id":5743,"href":"https:\/\/la-licorne-a-lunettes.fr\/index.php\/wp-json\/wp\/v2\/posts\/5739\/revisions\/5743"}],"wp:attachment":[{"href":"https:\/\/la-licorne-a-lunettes.fr\/index.php\/wp-json\/wp\/v2\/media?parent=5739"}],"wp:term":[{"taxonomy":"category","embeddable":true,"href":"https:\/\/la-licorne-a-lunettes.fr\/index.php\/wp-json\/wp\/v2\/categories?post=5739"},{"taxonomy":"post_tag","embeddable":true,"href":"https:\/\/la-licorne-a-lunettes.fr\/index.php\/wp-json\/wp\/v2\/tags?post=5739"}],"curies":[{"name":"wp","href":"https:\/\/api.w.org\/{rel}","templated":true}]}}