{"id":5680,"date":"2020-10-12T09:24:35","date_gmt":"2020-10-12T08:24:35","guid":{"rendered":"http:\/\/la-licorne-a-lunettes.fr\/?p=5680"},"modified":"2020-10-12T12:26:13","modified_gmt":"2020-10-12T11:26:13","slug":"age-tendre","status":"publish","type":"post","link":"https:\/\/la-licorne-a-lunettes.fr\/index.php\/2020\/10\/12\/age-tendre\/","title":{"rendered":"\u00c2ge tendre"},"content":{"rendered":"\n<div class=\"wp-block-image\"><figure class=\"alignleft size-large is-resized\"><img loading=\"lazy\" src=\"https:\/\/la-licorne-a-lunettes.fr\/wp-content\/uploads\/2020\/10\/ge-tendre-3-643x1024.jpg\" alt=\"\" class=\"wp-image-5684\" width=\"195\" height=\"310\" srcset=\"https:\/\/la-licorne-a-lunettes.fr\/wp-content\/uploads\/2020\/10\/ge-tendre-3-643x1024.jpg 643w, https:\/\/la-licorne-a-lunettes.fr\/wp-content\/uploads\/2020\/10\/ge-tendre-3-188x300.jpg 188w, https:\/\/la-licorne-a-lunettes.fr\/wp-content\/uploads\/2020\/10\/ge-tendre-3-768x1223.jpg 768w, https:\/\/la-licorne-a-lunettes.fr\/wp-content\/uploads\/2020\/10\/ge-tendre-3-965x1536.jpg 965w, https:\/\/la-licorne-a-lunettes.fr\/wp-content\/uploads\/2020\/10\/ge-tendre-3.jpg 1200w\" sizes=\"(max-width: 195px) 100vw, 195px\" \/><\/figure><\/div>\n\n\n\n<p>On l\u2019attendait avec impatience, la nouvelle cr\u00e9ation effervescente de Cl\u00e9mentine Beauvais&nbsp;! Et, encore une fois, le plaisir est au rendez-vous. Pour paraphraser Valentin&nbsp;: \u00ab&nbsp;<strong>Mes impressions ont \u00e9t\u00e9 : positivement positives \u00e0 la lecture de ce subtil ouvrage.&nbsp;\u00bb<\/strong><\/p>\n\n\n\n<p>Un cocktail d\u2019humour et de r\u00e9flexions sur notre soci\u00e9t\u00e9 vu par un adolescent, ok, mais ce n\u2019est que la partie \u00e9merg\u00e9e de cet iceberg litt\u00e9raire. Car au fil des pages, la voix du narrateur va se m\u00e9tamorphoser et ouvrir la porte sur une profondeur intime qui bouleverse. Il est question d\u2019adolescence et de vieillesse, de m\u00e9moire et d\u2019identit\u00e9, de relations interg\u00e9n\u00e9rationnelles, de la place qu\u2019on essaye de se faire dans la soci\u00e9t\u00e9, du regard des autres sur ce qu\u2019on est, du bonheur \u00e0 construire et \u00e0 reconstruire. \u00ab&nbsp;Tout est sur l\u2019amour, le temps, la perte des choses.&nbsp;\u00bb<\/p>\n\n\n\n<p>La Pr\u00e9sidente de la R\u00e9publique l\u2019a d\u00e9cid\u00e9&nbsp;: tout \u00e9l\u00e8ve doit faire, entre sa 3<sup>e<\/sup> et sa 2de, une ann\u00e9e de service civique quelque part en France. Valentin Lemonnier, sensible et facilement d\u00e9stabilis\u00e9 en \u00ab&nbsp;soci\u00e9t\u00e9&nbsp;\u00bb, se retrouve contre toute attente dans un centre pour personnes \u00e2g\u00e9es atteintes d\u2019Alzheimer reconstitu\u00e9 pour ressembler \u00e0 un village des ann\u00e9es 60. Panique pour Valentin qui, plong\u00e9 dans cet univers totalement d\u00e9sar\u00e7onnant, va se mettre lui-m\u00eame dans une situation impossible&nbsp;: trouver un sosie de Fran\u00e7oise Hardy qui viendra chanter \u00ab&nbsp;la maison o\u00f9 j\u2019ai grandi&nbsp;\u00bb pour une pensionnaire, Mme Laurel&nbsp;\ud83d\ude09<\/p>\n\n\n\n<p>Facile pour quelqu\u2019un qui pr\u00e9tend \u00eatre fan total de la chanteuse (alors qu\u2019il n\u2019en a jamais entendu parler.) Et pourtant, le pouvoir de la voix de Fran\u00e7oise va \u00eatre un extraordinaire \u00e9l\u00e9ment d\u00e9clencheur dans la vie de Valentin.<\/p>\n\n\n\n<!--more-->\n\n\n\n<p>R\u00e9interrogeant r\u00e9guli\u00e8rement la forme du r\u00e9cit dans ses ouvrages, Cl\u00e9mentine Beauvais innove ici avec un roman sous la forme d\u2019un rapport de stage. Cela pourrait rendre la lecture aride, technique et caricaturale mais d\u00e8s les premi\u00e8res pages, le cadre se fissure pour laisser passer un autre r\u00e9cit&nbsp;: la voix d\u2019un Valentin qui se d\u00e9couvre au fur et \u00e0 mesure des \u00e9v\u00e9nements qu\u2019il vit au contact des pensionnaires et de leurs encadrants, et notamment d\u2019une femme, Sola Perr\u00e9, m\u00e9decin un peu atypique et responsable de son stage.<\/p>\n\n\n\n<blockquote class=\"wp-block-quote\"><p>\u00ab&nbsp;Elle a un style de management qui ne convient pas \u00e0 mes besoins et ne r\u00e9alise pas mes potentialit\u00e9s.&nbsp;\u00bb<\/p><\/blockquote>\n\n\n\n<p>Autre effet de style impos\u00e9 par le rapport de stage, l\u2019ajout de notes r\u00e9trospectives par le narrateur qui transforme le t\u00e9moignage en confidence. Le second Valentin, qui a pris du recul, commente en apart\u00e9 le premier Valentin, ce qui cr\u00e9\u00e9 une double connivence avec le lecteur. L\u2019effet de distorsion narrative est un levier comique diablement efficace. L\u2019humour sous la forme de l\u2019autod\u00e9rision apr\u00e8s-coup est habilement distill\u00e9 \u00e7a et l\u00e0, relativisant les mont\u00e9es d\u2019anxi\u00e9t\u00e9 de Valentin, ses jugements comme ses maladresses. Le Valentin qui s\u2019auto-analyse est un t\u00e9moin hors champs qui participe au rythme de la narration, taquin mais bienveillant.<\/p>\n\n\n\n<p>Et quel humour dans la retranscription des dialogues entre les personnages&nbsp;! Car oui, on peut mettre des dialogues dans un rapport de stage d\u2019abord&nbsp;! Totalement d\u00e9sopilant, plein de justesse et de sensibilit\u00e9. Un r\u00e9gal&nbsp;! Et l\u2019intertextualit\u00e9 est jubilatoire, plein de petits clins d\u2019oeil litt\u00e9raires se glissent entre les lignes : Les Petites Reines avec Hakima qui est pass\u00e9e au centre avant lui, Le Petit Prince quand Valentin \u00e9voque un soliflore offert par M la Mar\u00e2tre en constatant <em>\u00ab\u00a0Qui voudrait seulement une seule fleur unique ?&nbsp;\u00bb <\/em>ou encore Marie-Aude Murail sur la tenue des journaux intimes.<\/p>\n\n\n\n<p>Et puis, au fil des pages, l\u2019\u00e9motion prend le pas sur les descriptions de ces rocambolesques mois de stage, au jour le jour. Le travail d\u2019\u00e9criture devient journal intime o\u00f9 le lecteur d\u00e9couvre un Valentin qui s\u2019ouvre, qui se remplit de son exp\u00e9rience au contact des autres, \u00e0 son plus grand \u00e9tonnement. S\u2019occuper des pensionnaires de l\u2019unit\u00e9 Mn\u00e9mosyne, les soigner, est une r\u00e9v\u00e9lation. \u00abPeut-\u00eatre que loin quelque part dans leur cerveau tout rong\u00e9, il y a mes mots qui viennent mettre des petites caresses.&nbsp;\u00bb<\/p>\n\n\n\n<p>Plus on d\u00e9couvre Valentin, plus il en devient attachant et plus son regard sur son entourage nous touche, que ce soit au centre avec Octavio, avec le groupe des autres ados en service civil comme Vadim et Bouchra, ou avec sa famille \u00e9clat\u00e9e. Avec ses mots t\u00e2tonnants, ses difficult\u00e9s \u00e0 retranscrire dans un style qui se doit \u00ab&nbsp;formel&nbsp;\u00bb ce qu\u2019il ressent de fa\u00e7on pr\u00e9cise parfois, la voix int\u00e9rieure de Valentin nous am\u00e8ne \u00e0 nous interroger sur l\u2019essentiel&nbsp;: la vie, la mort, l\u2019amour, autrui et soi.<\/p>\n\n\n\n<blockquote class=\"wp-block-quote\"><p>\u00ab&nbsp;Mon&nbsp;\u00bb dans \u00ab&nbsp;Mon amour&nbsp;\u00bb, \u00ab&nbsp;c\u2019est pour dire, tout ce que j\u2019ai en moi d\u2019amour est avec toi et tu l\u2019emportes partout o\u00f9 tu vas.&nbsp;\u00bb<\/p><\/blockquote>\n\n\n\n<p>Si Valentin parle de lui, il parle aussi pour Sola. Cette femme porte un myst\u00e8re qui l\u2019intrigue. Sous couvert de r\u00e9aliser une Biographie de Carri\u00e8re, Valentin lib\u00e8re sa parole. D\u00e8s lors que Sola d\u00e9cadenasse son histoire, le ton change, plus grave, plus introspectif, plus m\u00e9lancolique. Valentin ne m\u00e8ne plus la danse de son r\u00e9cit, il est d\u00e9bord\u00e9 par celui, \u00e9mouvant, bouleversant, de Sola. Plong\u00e9e en enfance, l\u00e0 o\u00f9 se situe l\u2019origine de tout pour elle. Une rencontre d\u00e9cisive pour Valentin qui \u00ab&nbsp;s\u2019agrandit&nbsp;\u00bb \u00e0 son contact et qui donne tout son sens \u00e0 la chanson choisie de Fran\u00e7oise Hardy&nbsp;: l\u2019unit\u00e9 Mnemosyne, cette \u00ab&nbsp;maison&nbsp;\u00bb o\u00f9 lui il aussi il a \u00ab&nbsp;grandit&nbsp;\u00bb.<\/p>\n\n\n\n<blockquote class=\"wp-block-quote\"><p>\u00ab&nbsp;Ce qui m\u2019a frapp\u00e9 aussi, c\u2019est que Sola avait l\u2019air extr\u00eamement heureuse, exemple : plus souriante ; plus rose ; plus ronde. (Je ne crois pas qu\u2019il y avait un filtre sur la photo, alors l\u2019explication est n\u00e9cessairement \u00e0 chercher dans la r\u00e9alit\u00e9.)&nbsp;\u00bb<\/p><\/blockquote>\n\n\n\n<p>Ce roman mettant en sc\u00e8ne ces vies qui se croisent et s\u2019enrichissent au contact les unes des autres palpite d\u2019une une vibrante sensibilit\u00e9. Les \u00e9chos intimes des personnages r\u00e9sonnent fort entre eux et font de ce&nbsp;r\u00e9cit, ce \u00ab&nbsp;message personnel&nbsp;\u00bb, une belle histoire humaine, o\u00f9 nous, lecteurices, sommes touch\u00e9.e.s en plein c\u0153ur, bien au-del\u00e0 de ce qu\u2019on pouvait imaginer.<\/p>\n\n\n\n<blockquote class=\"wp-block-quote\"><p>\u00ab&nbsp;Le samedi soir, on a fait une mega teuf \u00e0 la maisonnette. Les filles ont pleur\u00e9 ouvertement et les gar\u00e7ons fermement.&nbsp;\u00bb<\/p><\/blockquote>\n\n\n\n<hr class=\"wp-block-separator\"\/>\n\n\n\n<p><strong>Autrice : Cl\u00e9mentine BEAUVAIS<br>Edition : <a rel=\"noreferrer noopener\" href=\"https:\/\/editions-sarbacane.com\/romans\/age-tendre\" target=\"_blank\">Sarbacane<\/a> &#8211; Collection Xprim &#8211; 392 pages  &#8211; 17 euros<br>Ann\u00e9e : Ao\u00fbt 2020<\/strong><\/p>\n\n\n\n<hr class=\"wp-block-separator\"\/>\n\n\n\n<p>De la m\u00eame autrice :\u00a0<br>\u2013 Brexit Romance (<a rel=\"noreferrer noopener\" href=\"http:\/\/la-licorne-a-lunettes.fr\/index.php\/2018\/08\/15\/brexit-romance\/\" target=\"_blank\">chroniqu\u00e9 ici<\/a>) (Sarbacane)<br>\u2013 Io, pour l\u2019amour de Zeus (Nathan)<br>\u2013 Songe \u00e0 la douceur (2016 \u2013 Sarbacane)<br>\u2013 Va jouer avec le petit gar\u00e7on (2016 \u2013 Sarbacane)<br>\u2013 Les Petites Reines (2015 \u2013 Sarbacane)<br>\u2013 Carambol\u2019Ange (2015 \u2013 Sarbacane)<br>\u2013 Comme des images (2014\u00a0\u2013 Sarbacane)<br>\u2013 La louve (album \u2013 2014 \u2013 Alice Editions)<br>\u2013 La Pouilleuse (2012 &#8211; Sarbacane) (<a href=\"https:\/\/la-licorne-a-lunettes.fr\/index.php\/2019\/03\/31\/la-pouilleuse\/\">Chroniqu\u00e9 ici<\/a>)<br>\u2013 Ameline, joueuse de fl\u00fbte (album \u2013 2018 \u2013 Alice Editions)<br>\u2013 Les royales baby-sitters (2015 \u2013 Hachette Jeunesse)<br>\u2013 Bibi Scott (2017 \u2013 Rageot)<br>\u2013 La plume de Marie (2011 \u2013 Talents Hauts)\u00a0<br>\u2013 Les petites filles top-mod\u00e8les (2010 \u2013 Talents Hauts)\u00a0<\/p>\n\n\n\n<p>Ses traductions :<br>\u2013 Swimming Pool de Sarah Crossnan (<a href=\"http:\/\/la-licorne-a-lunettes.fr\/index.php\/2018\/11\/24\/swimming-pool\/\" target=\"_blank\" rel=\"noreferrer noopener\">chroniqu\u00e9 ici<\/a>)<br>\u2013 Ins\u00e9parable de Sarah Crossnan<br>\u2013 Caribou Baby de Meg Rosof (<a href=\"http:\/\/la-licorne-a-lunettes.fr\/index.php\/2018\/12\/26\/caribou-baby\/\" target=\"_blank\" rel=\"noreferrer noopener\">chroniqu\u00e9 ici<\/a>)<\/p>\n","protected":false},"excerpt":{"rendered":"<p>On l\u2019attendait avec impatience, la nouvelle cr\u00e9ation effervescente de Cl\u00e9mentine Beauvais&nbsp;! Et, encore une fois, le plaisir est au rendez-vous. Pour paraphraser Valentin&nbsp;: \u00ab&nbsp;Mes impressions ont \u00e9t\u00e9 : positivement positives \u00e0 la lecture de ce subtil ouvrage.&nbsp;\u00bb Un cocktail d\u2019humour et de r\u00e9flexions sur notre soci\u00e9t\u00e9 vu par un adolescent, ok, mais ce n\u2019est que [&hellip;]<\/p>\n","protected":false},"author":1,"featured_media":0,"comment_status":"open","ping_status":"open","sticky":false,"template":"","format":"standard","meta":{"ngg_post_thumbnail":0},"categories":[206,19,61],"tags":[100,52,296,6,347],"_links":{"self":[{"href":"https:\/\/la-licorne-a-lunettes.fr\/index.php\/wp-json\/wp\/v2\/posts\/5680"}],"collection":[{"href":"https:\/\/la-licorne-a-lunettes.fr\/index.php\/wp-json\/wp\/v2\/posts"}],"about":[{"href":"https:\/\/la-licorne-a-lunettes.fr\/index.php\/wp-json\/wp\/v2\/types\/post"}],"author":[{"embeddable":true,"href":"https:\/\/la-licorne-a-lunettes.fr\/index.php\/wp-json\/wp\/v2\/users\/1"}],"replies":[{"embeddable":true,"href":"https:\/\/la-licorne-a-lunettes.fr\/index.php\/wp-json\/wp\/v2\/comments?post=5680"}],"version-history":[{"count":4,"href":"https:\/\/la-licorne-a-lunettes.fr\/index.php\/wp-json\/wp\/v2\/posts\/5680\/revisions"}],"predecessor-version":[{"id":5802,"href":"https:\/\/la-licorne-a-lunettes.fr\/index.php\/wp-json\/wp\/v2\/posts\/5680\/revisions\/5802"}],"wp:attachment":[{"href":"https:\/\/la-licorne-a-lunettes.fr\/index.php\/wp-json\/wp\/v2\/media?parent=5680"}],"wp:term":[{"taxonomy":"category","embeddable":true,"href":"https:\/\/la-licorne-a-lunettes.fr\/index.php\/wp-json\/wp\/v2\/categories?post=5680"},{"taxonomy":"post_tag","embeddable":true,"href":"https:\/\/la-licorne-a-lunettes.fr\/index.php\/wp-json\/wp\/v2\/tags?post=5680"}],"curies":[{"name":"wp","href":"https:\/\/api.w.org\/{rel}","templated":true}]}}