{"id":5614,"date":"2020-06-12T16:41:54","date_gmt":"2020-06-12T15:41:54","guid":{"rendered":"http:\/\/la-licorne-a-lunettes.fr\/?p=5614"},"modified":"2020-06-12T17:26:23","modified_gmt":"2020-06-12T16:26:23","slug":"jeannot","status":"publish","type":"post","link":"https:\/\/la-licorne-a-lunettes.fr\/index.php\/2020\/06\/12\/jeannot\/","title":{"rendered":"Jeannot"},"content":{"rendered":"\n<div class=\"wp-block-image\"><figure class=\"alignleft size-large is-resized\"><img loading=\"lazy\" src=\"http:\/\/la-licorne-a-lunettes.fr\/wp-content\/uploads\/2020\/06\/jeannot-couv.jpg\" alt=\"\" class=\"wp-image-5615\" width=\"253\" height=\"336\" srcset=\"https:\/\/la-licorne-a-lunettes.fr\/wp-content\/uploads\/2020\/06\/jeannot-couv.jpg 397w, https:\/\/la-licorne-a-lunettes.fr\/wp-content\/uploads\/2020\/06\/jeannot-couv-226x300.jpg 226w\" sizes=\"(max-width: 253px) 100vw, 253px\" \/><\/figure><\/div>\n\n\n\n<p>Ayant suivi semaine apr\u00e8s semaine la cr\u00e9ation des illustrations de&nbsp;Carole Maurel&nbsp;, j\u2019attendais avec impatience de tenir entre mes mains les pages de l\u2019univers de Jeannot, ce nouveau personnage cr\u00e9\u00e9 par&nbsp;Lo\u00efc Cl\u00e9ment.<\/p>\n\n\n\n<p>Apr\u00e8s Chaussette, Le Voleur de souhaits et Chaque jour Dracula, voici donc l\u2019histoire d\u2019un autre conte des c\u0153urs perdus. <\/p>\n\n\n\n<p>&#x1f343;  Avant, pour Jeannot, la vie \u00e9tait belle, simple, heureuse. Et puis apr\u00e8s un drame terrible, sa vie bascule.&nbsp;Ph\u00e9nom\u00e8ne \u00e9trange, \u00e0 partir de ce moment l\u00e0, il se met \u00e0 entendre ce que disent les plantes, les arbres. <\/p>\n\n\n\n<p>Devient-il fou ou entend-il r\u00e9ellement ces voix v\u00e9g\u00e9tales&nbsp;? Cela pourrait para\u00eetre f\u00e9\u00e9rique, mais pour Jeannot c\u2019est une mal\u00e9diction, tant leur paroles lui semblent inutiles, voire nuisibles&nbsp;: \u00ab&nbsp;b\u00eates comme leurs racines&nbsp;\u00bb. <\/p>\n\n\n\n<!--more-->\n\n\n\n<blockquote class=\"wp-block-quote\"><p>\u00ab&nbsp;Et surtout, se rappeler les sourires avant la fin du jour. \u00bb<\/p><\/blockquote>\n\n\n\n<p>Ce que pourrait en penser les gens, Jeannot s\u2019en fiche bien. Les gens ne l\u2019int\u00e9ressent plus, son c\u0153ur semble ferm\u00e9, dans l\u2019obscurit\u00e9. Une col\u00e8re int\u00e9rieure palpite en lui en permanence que seul le rangement peut apaiser. Dans son jardin, deux arbres s\u2019enlacent comme des amoureux, leurs branches se nouent et cette passion effront\u00e9e r\u00e9volte Jeannot. Alors il taille, il coupe, il s\u00e9pare, froidement. <\/p>\n\n\n\n<figure class=\"wp-container-2 wp-block-gallery-1 wp-block-gallery columns-3 is-cropped\"><ul class=\"blocks-gallery-grid\"><li class=\"blocks-gallery-item\"><figure><img loading=\"lazy\" width=\"776\" height=\"1024\" src=\"https:\/\/la-licorne-a-lunettes.fr\/wp-content\/uploads\/2020\/06\/jeannot-1-776x1024.jpg\" alt=\"\" data-id=\"5628\" data-full-url=\"https:\/\/la-licorne-a-lunettes.fr\/wp-content\/uploads\/2020\/06\/jeannot-1.jpg\" data-link=\"https:\/\/la-licorne-a-lunettes.fr\/index.php\/2020\/06\/12\/jeannot\/jeannot-1\/\" class=\"wp-image-5628\" srcset=\"https:\/\/la-licorne-a-lunettes.fr\/wp-content\/uploads\/2020\/06\/jeannot-1-776x1024.jpg 776w, https:\/\/la-licorne-a-lunettes.fr\/wp-content\/uploads\/2020\/06\/jeannot-1-227x300.jpg 227w, https:\/\/la-licorne-a-lunettes.fr\/wp-content\/uploads\/2020\/06\/jeannot-1-768x1014.jpg 768w, https:\/\/la-licorne-a-lunettes.fr\/wp-content\/uploads\/2020\/06\/jeannot-1-1164x1536.jpg 1164w, https:\/\/la-licorne-a-lunettes.fr\/wp-content\/uploads\/2020\/06\/jeannot-1.jpg 1500w\" sizes=\"(max-width: 776px) 100vw, 776px\" \/><\/figure><\/li><li class=\"blocks-gallery-item\"><figure><img loading=\"lazy\" width=\"776\" height=\"1024\" src=\"https:\/\/la-licorne-a-lunettes.fr\/wp-content\/uploads\/2020\/06\/jeannot-3-776x1024.jpg\" alt=\"\" data-id=\"5625\" data-full-url=\"https:\/\/la-licorne-a-lunettes.fr\/wp-content\/uploads\/2020\/06\/jeannot-3.jpg\" data-link=\"https:\/\/la-licorne-a-lunettes.fr\/index.php\/2020\/06\/12\/jeannot\/jeannot-3\/\" class=\"wp-image-5625\" srcset=\"https:\/\/la-licorne-a-lunettes.fr\/wp-content\/uploads\/2020\/06\/jeannot-3-776x1024.jpg 776w, https:\/\/la-licorne-a-lunettes.fr\/wp-content\/uploads\/2020\/06\/jeannot-3-227x300.jpg 227w, https:\/\/la-licorne-a-lunettes.fr\/wp-content\/uploads\/2020\/06\/jeannot-3-768x1014.jpg 768w, https:\/\/la-licorne-a-lunettes.fr\/wp-content\/uploads\/2020\/06\/jeannot-3-1164x1536.jpg 1164w, https:\/\/la-licorne-a-lunettes.fr\/wp-content\/uploads\/2020\/06\/jeannot-3.jpg 1500w\" sizes=\"(max-width: 776px) 100vw, 776px\" \/><\/figure><\/li><li class=\"blocks-gallery-item\"><figure><img loading=\"lazy\" width=\"776\" height=\"1024\" src=\"https:\/\/la-licorne-a-lunettes.fr\/wp-content\/uploads\/2020\/06\/jeannot-2-776x1024.jpg\" alt=\"\" data-id=\"5626\" data-full-url=\"https:\/\/la-licorne-a-lunettes.fr\/wp-content\/uploads\/2020\/06\/jeannot-2.jpg\" data-link=\"https:\/\/la-licorne-a-lunettes.fr\/index.php\/2020\/06\/12\/jeannot\/jeannot-2\/\" class=\"wp-image-5626\" srcset=\"https:\/\/la-licorne-a-lunettes.fr\/wp-content\/uploads\/2020\/06\/jeannot-2-776x1024.jpg 776w, https:\/\/la-licorne-a-lunettes.fr\/wp-content\/uploads\/2020\/06\/jeannot-2-227x300.jpg 227w, https:\/\/la-licorne-a-lunettes.fr\/wp-content\/uploads\/2020\/06\/jeannot-2-768x1014.jpg 768w, https:\/\/la-licorne-a-lunettes.fr\/wp-content\/uploads\/2020\/06\/jeannot-2-1164x1536.jpg 1164w, https:\/\/la-licorne-a-lunettes.fr\/wp-content\/uploads\/2020\/06\/jeannot-2.jpg 1500w\" sizes=\"(max-width: 776px) 100vw, 776px\" \/><\/figure><\/li><li class=\"blocks-gallery-item\"><figure><img loading=\"lazy\" width=\"776\" height=\"1024\" src=\"https:\/\/la-licorne-a-lunettes.fr\/wp-content\/uploads\/2020\/06\/jeannot-4-776x1024.jpg\" alt=\"\" data-id=\"5624\" data-full-url=\"https:\/\/la-licorne-a-lunettes.fr\/wp-content\/uploads\/2020\/06\/jeannot-4.jpg\" data-link=\"https:\/\/la-licorne-a-lunettes.fr\/index.php\/2020\/06\/12\/jeannot\/jeannot-4\/\" class=\"wp-image-5624\" srcset=\"https:\/\/la-licorne-a-lunettes.fr\/wp-content\/uploads\/2020\/06\/jeannot-4-776x1024.jpg 776w, https:\/\/la-licorne-a-lunettes.fr\/wp-content\/uploads\/2020\/06\/jeannot-4-227x300.jpg 227w, https:\/\/la-licorne-a-lunettes.fr\/wp-content\/uploads\/2020\/06\/jeannot-4-768x1014.jpg 768w, https:\/\/la-licorne-a-lunettes.fr\/wp-content\/uploads\/2020\/06\/jeannot-4-1164x1536.jpg 1164w, https:\/\/la-licorne-a-lunettes.fr\/wp-content\/uploads\/2020\/06\/jeannot-4.jpg 1500w\" sizes=\"(max-width: 776px) 100vw, 776px\" \/><\/figure><\/li><\/ul><\/figure>\n\n\n\n<p>&#x1f343; Et puis une rencontre, cette vielle dame sur le banc dans le parc, Josette ou plut\u00f4t une certaine \u00ab&nbsp;Chaussette&nbsp;\u00bb. Deux tristesses qui se percutent par hasard et qui s\u2019apprivoisent jour apr\u00e8s jour. Le bonheur peut-il rena\u00eetre&nbsp;et effacer la ranc\u0153ur ? Peut-on avoir une deuxi\u00e8me chance&nbsp;? Peut-on faire le deuil du pass\u00e9 pour s\u2019autoriser de profiter du pr\u00e9sent&nbsp;?<br><br>Il faudra lire ce touchant r\u00e9cit illustr\u00e9 avec pudeur pour le savoir. Les mots de Lo\u00efc Cl\u00e9ment, entre monologue int\u00e9rieur et po\u00e9sie musicale, lib\u00e8re la voix de ce Jeannot enferm\u00e9 dans ses souvenirs. Le travail sur la lumi\u00e8re de Carole Maurel et le jeu des regards des personnages donnent une dimension intemporelle \u00e0 cette histoire pleine d\u2019\u00e9motions. Jeannot, cela peut \u00eatre toi, Josette cela peut \u00eatre moi\u2026 <\/p>\n\n\n\n<p>Voir les premi\u00e8res pages <a rel=\"noreferrer noopener\" href=\"https:\/\/www.editions-delcourt.fr\/jeunesse\/previews\/contes-des-coeurs-perdus-jeannot.html\" target=\"_blank\">en cliquant ici<\/a><\/p>\n\n\n\n<hr class=\"wp-block-separator has-text-color has-background has-vivid-cyan-blue-background-color has-vivid-cyan-blue-color\"\/>\n\n\n\n<p><strong>Auteur : Lo\u00efc CLEMENT<br>Illustratrice : Carole MAUREL<br>Edition : <a rel=\"noreferrer noopener\" href=\"https:\/\/www.editions-delcourt.fr\/serie\/contes-des-coeurs-perdus-jeannot.html\" target=\"_blank\">Delcourt Jeunesse<\/a> &#8211; BD &#8211; 42 pages &#8211; 10,95 euros<br>Ann\u00e9e : Juin 2020<\/strong><\/p>\n\n\n\n<hr class=\"wp-block-separator\"\/>\n\n\n\n<p><\/p>\n\n\n\n<p><strong>Du m\u00eame auteur :<\/strong><\/p>\n\n\n\n<p>\u2013 <strong>Chaque jour Dracula<\/strong> illustr\u00e9 par Cl\u00e9ment LEFEVRE (<a rel=\"noreferrer noopener\" href=\"http:\/\/la-licorne-a-lunettes.fr\/index.php\/2018\/06\/03\/chaque-jour-dracula\/\" target=\"_blank\">chroniqu\u00e9 ici<\/a>) <br>\u2013 <strong>Chaussette <\/strong>illustr\u00e9 par Anne Montel chez\u00a0<a rel=\"noreferrer noopener\" href=\"https:\/\/www.editions-delcourt.fr\/serie\/chaussette.html\" target=\"_blank\">Delcourt<\/a><br>\u2013 <strong>Le voleur de souhaits<\/strong> illustr\u00e9 par Gatignol chez Delcourt<br>\u2013 <strong>Les jours sucr\u00e9s<\/strong> illustr\u00e9 par Anne Montel chez\u00a0<a rel=\"noreferrer noopener\" href=\"http:\/\/www.dargaud.com\/bd\/Jours-sucres\" target=\"_blank\">Dargaud<\/a><br>\u2013 <strong>Le temps des mitaines (T1 et 2) <\/strong>illustr\u00e9 parAnne Montel chez\u00a0<a rel=\"noreferrer noopener\" href=\"http:\/\/www.didier-jeunesse.com\/livre\/le-temps-des-mitaines\/\" target=\"_blank\">Didier Jeunesse<\/a><\/p>\n\n\n\n<p><\/p>\n\n\n\n<p><\/p>\n\n\n\n<p><\/p>\n","protected":false},"excerpt":{"rendered":"<p>Ayant suivi semaine apr\u00e8s semaine la cr\u00e9ation des illustrations de&nbsp;Carole Maurel&nbsp;, j\u2019attendais avec impatience de tenir entre mes mains les pages de l\u2019univers de Jeannot, ce nouveau personnage cr\u00e9\u00e9 par&nbsp;Lo\u00efc Cl\u00e9ment. Apr\u00e8s Chaussette, Le Voleur de souhaits et Chaque jour Dracula, voici donc l\u2019histoire d\u2019un autre conte des c\u0153urs perdus. &#x1f343; Avant, pour Jeannot, la [&hellip;]<\/p>\n","protected":false},"author":1,"featured_media":0,"comment_status":"open","ping_status":"open","sticky":false,"template":"","format":"standard","meta":{"ngg_post_thumbnail":0},"categories":[4,48],"tags":[41,58,95,266],"_links":{"self":[{"href":"https:\/\/la-licorne-a-lunettes.fr\/index.php\/wp-json\/wp\/v2\/posts\/5614"}],"collection":[{"href":"https:\/\/la-licorne-a-lunettes.fr\/index.php\/wp-json\/wp\/v2\/posts"}],"about":[{"href":"https:\/\/la-licorne-a-lunettes.fr\/index.php\/wp-json\/wp\/v2\/types\/post"}],"author":[{"embeddable":true,"href":"https:\/\/la-licorne-a-lunettes.fr\/index.php\/wp-json\/wp\/v2\/users\/1"}],"replies":[{"embeddable":true,"href":"https:\/\/la-licorne-a-lunettes.fr\/index.php\/wp-json\/wp\/v2\/comments?post=5614"}],"version-history":[{"count":13,"href":"https:\/\/la-licorne-a-lunettes.fr\/index.php\/wp-json\/wp\/v2\/posts\/5614\/revisions"}],"predecessor-version":[{"id":5653,"href":"https:\/\/la-licorne-a-lunettes.fr\/index.php\/wp-json\/wp\/v2\/posts\/5614\/revisions\/5653"}],"wp:attachment":[{"href":"https:\/\/la-licorne-a-lunettes.fr\/index.php\/wp-json\/wp\/v2\/media?parent=5614"}],"wp:term":[{"taxonomy":"category","embeddable":true,"href":"https:\/\/la-licorne-a-lunettes.fr\/index.php\/wp-json\/wp\/v2\/categories?post=5614"},{"taxonomy":"post_tag","embeddable":true,"href":"https:\/\/la-licorne-a-lunettes.fr\/index.php\/wp-json\/wp\/v2\/tags?post=5614"}],"curies":[{"name":"wp","href":"https:\/\/api.w.org\/{rel}","templated":true}]}}