{"id":5586,"date":"2020-01-19T18:09:04","date_gmt":"2020-01-19T17:09:04","guid":{"rendered":"http:\/\/la-licorne-a-lunettes.fr\/?p=5586"},"modified":"2020-02-16T18:19:02","modified_gmt":"2020-02-16T17:19:02","slug":"quand-vient-la-vague","status":"publish","type":"post","link":"https:\/\/la-licorne-a-lunettes.fr\/index.php\/2020\/01\/19\/quand-vient-la-vague\/","title":{"rendered":"Quand vient la vague"},"content":{"rendered":"<p><img loading=\"lazy\" class=\"alignleft size-medium wp-image-5592\" src=\"http:\/\/la-licorne-a-lunettes.fr\/wp-content\/uploads\/2020\/01\/quand-vient-la-vague-207x300.jpeg\" alt=\"\" width=\"207\" height=\"300\" srcset=\"https:\/\/la-licorne-a-lunettes.fr\/wp-content\/uploads\/2020\/01\/quand-vient-la-vague-207x300.jpeg 207w, https:\/\/la-licorne-a-lunettes.fr\/wp-content\/uploads\/2020\/01\/quand-vient-la-vague.jpeg 600w\" sizes=\"(max-width: 207px) 100vw, 207px\" \/>Mais quel dernier chapitre ! Une famille, un fr\u00e8re, une soeur, une disparition, un myst\u00e8re\u2026 Et puis une qu\u00eate parall\u00e8le.<br \/>\nNina a disparu depuis plusieurs mois. Cl\u00e9ment, son fr\u00e8re, se \u00ab r\u00e9veille \u00bb enfin, prend conscience du manque li\u00e9 \u00e0 l\u2019absence inexpliqu\u00e9e de sa soeur et part \u00e0 sa recherche. Une histoire de famille qui questionne les liens du sang. Chapitre apr\u00e8s chapitre, le lecteur suit le cheminement du fr\u00e8re et celui de la soeur, en parall\u00e8le, d\u00e9cal\u00e9 dans le temps.&nbsp;<\/p>\n<p>Chacun \u00e0 leur tour, avec leur fa\u00e7on de penser et de r\u00e9agir, ils sont confront\u00e9s \u00e0 de rudes r\u00e9v\u00e9lations, bouscul\u00e9s dans leurs convictions, dans leur sch\u00e9ma familial, amical et amoureux. Le temps d\u2019une vague qui les submerge m\u00e9taphoriquement l\u2019un apr\u00e8s l\u2019autre, et leur vie est remise en question.<\/p>\n<p>Un r\u00e9cit qui interroge le regard de l\u2019autre sur soi, le myst\u00e8re qui entoure les proches finalement. Connait-on vraiment les gens avec lesquels on vit ? Ses parents, ses fr\u00e8re et soeur ?&nbsp;<\/p>\n<p>Comme un road-trip entre Lacanau, Bordeaux et Paris \u00e0 la recherche de la v\u00e9rit\u00e9, Nina et Cl\u00e9ment sont d\u00e9termin\u00e9s \u00e0 la trouver car elle leur est due, \u00ab on vous doit la transparence \u00bb soit-disant\u2026<\/p>\n<p><!--more-->Un r\u00e9cit juste sur les sentiments troubl\u00e9s de l\u2019adolescence, \u00e0 la fronti\u00e8re du monde adulte et ses responsabilit\u00e9s, o\u00f9 un \u00e9l\u00e9ment inattendu va fracasser la routine d\u2019une famille qui se pensait \u00ab normale \u00bb.<br \/>\nCl\u00e9ment, comme Nina, se cherche, doute, alterne entre col\u00e8re et d\u00e9sespoir, pr\u00eat \u00e0 saisir le moindre signe d\u2019espoir qui le raccrochera \u00e0 une vie qui est pr\u00eate \u00e0 exploser en mille morceaux.&nbsp;<\/p>\n<p>Un roman haletant, \u00e0 deux voix, \u00e0 quatre mains, o\u00f9 le point de vue et les r\u00e9actions de l\u2019un r\u00e9v\u00e8lent ceux de l\u2019autre, comme un \u00e9cho. Entre bord d\u2019oc\u00e9an tumultueux et ville labyrinthe o\u00f9 les identit\u00e9s se noient dans la masse.<\/p>\n<p>Une brochette de personnages attachants, \u00e0 fleur de peau, sensibles et vibrants, libres et vivants. Au del\u00e0 de la douleur, un espoir de renaissance qui embarque le lecteur dans cette course poursuite anim\u00e9e par les liens fort de l\u2019amiti\u00e9 et du sang.<\/p>\n<p>&nbsp;<\/p>\n<p>Lire un extrait <a href=\"https:\/\/www.liseuse-hachette.fr\/file\/47017?fullscreen=1&amp;editeur=rageot\" target=\"_blank\" rel=\"noopener\">en cliquant ici<\/a><\/p>\n<p>&#8212;&#8212;&#8211;<\/p>\n<p><strong>Auteurs : Manon FARGETTON &amp; Jean-Christophe TIXIER<\/strong><br \/>\n<strong>Edition : <a href=\"https:\/\/www.rageot.fr\/livre\/quand-vient-la-vague-9782700256383\" target=\"_blank\" rel=\"noopener\">Rageot<\/a> &#8211; 288 pages&nbsp; &#8211; 15,90 euros<\/strong><br \/>\n<strong>Ann\u00e9e : Janvier 2018<\/strong><\/p>\n<p>Des m\u00eames auteurs :&nbsp;<br \/>\n&#8211; En plein vol (Rageot) (<a href=\"http:\/\/la-licorne-a-lunettes.fr\/index.php\/2020\/02\/16\/en-plein-vol\/\" target=\"_blank\" rel=\"noopener\">chroniqu\u00e9 ici<\/a>)<\/p>\n<p>De Manon Fargetton :<br \/>\n<i><span id=\"kobo.4.1\" class=\"koboSpan\">&#8211; L\u2019Int\u00e9grale Le suivant sur la liste<br \/>\n<\/span><\/i><i><span id=\"kobo.5.1\" class=\"koboSpan\">&#8211; Le livre de toutes les r\u00e9ponses sauf une<br \/>\n<\/span><\/i><i><span id=\"kobo.6.1\" class=\"koboSpan\">&#8211; June&nbsp;<\/span><\/i><span id=\"kobo.7.1\" class=\"koboSpan\">(trilogie)<br \/>\n<\/span><i><span id=\"kobo.8.1\" class=\"koboSpan\">&#8211; Nos vies en l\u2019air<\/span><\/i><\/p>\n<p class=\"int_collec\"><span id=\"kobo.9.1\" class=\"koboSpan\">De Jean-Christophe Tixier&nbsp;:<br \/>\n<\/span><i><span id=\"kobo.10.1\" class=\"koboSpan\">&#8211; Demain il sera trop tard<br \/>\n<\/span><\/i><i><span id=\"kobo.11.1\" class=\"koboSpan\">&#8211; Lancer l\u2019alerte<br \/>\n<\/span><\/i><i><span id=\"kobo.12.1\" class=\"koboSpan\">&#8211; La travers\u00e9e<br \/>\n<\/span><\/i><i><span id=\"kobo.13.1\" class=\"koboSpan\">&#8211; Traqu\u00e9s sur la lande<br \/>\n<\/span><\/i><i><span id=\"kobo.14.1\" class=\"koboSpan\">&#8211; Foul\u00e9e d\u2019enfer<br \/>\n<\/span><\/i><i><span id=\"kobo.15.1\" class=\"koboSpan\">&#8211; Un dossard pour l\u2019enfer<br \/>\n<\/span><\/i><i><span id=\"kobo.16.1\" class=\"koboSpan\">&#8211; Sept ans plus tard<\/span><\/i><\/p>\n","protected":false},"excerpt":{"rendered":"<p>Mais quel dernier chapitre ! Une famille, un fr\u00e8re, une soeur, une disparition, un myst\u00e8re\u2026 Et puis une qu\u00eate parall\u00e8le. Nina a disparu depuis plusieurs mois. Cl\u00e9ment, son fr\u00e8re, se \u00ab r\u00e9veille \u00bb enfin, prend conscience du manque li\u00e9 \u00e0 l\u2019absence inexpliqu\u00e9e de sa soeur et part \u00e0 sa recherche. Une histoire de famille qui [&hellip;]<\/p>\n","protected":false},"author":1,"featured_media":0,"comment_status":"open","ping_status":"open","sticky":false,"template":"","format":"standard","meta":{"ngg_post_thumbnail":0},"categories":[206,19],"tags":[52,41,58,190,210],"_links":{"self":[{"href":"https:\/\/la-licorne-a-lunettes.fr\/index.php\/wp-json\/wp\/v2\/posts\/5586"}],"collection":[{"href":"https:\/\/la-licorne-a-lunettes.fr\/index.php\/wp-json\/wp\/v2\/posts"}],"about":[{"href":"https:\/\/la-licorne-a-lunettes.fr\/index.php\/wp-json\/wp\/v2\/types\/post"}],"author":[{"embeddable":true,"href":"https:\/\/la-licorne-a-lunettes.fr\/index.php\/wp-json\/wp\/v2\/users\/1"}],"replies":[{"embeddable":true,"href":"https:\/\/la-licorne-a-lunettes.fr\/index.php\/wp-json\/wp\/v2\/comments?post=5586"}],"version-history":[{"count":5,"href":"https:\/\/la-licorne-a-lunettes.fr\/index.php\/wp-json\/wp\/v2\/posts\/5586\/revisions"}],"predecessor-version":[{"id":5595,"href":"https:\/\/la-licorne-a-lunettes.fr\/index.php\/wp-json\/wp\/v2\/posts\/5586\/revisions\/5595"}],"wp:attachment":[{"href":"https:\/\/la-licorne-a-lunettes.fr\/index.php\/wp-json\/wp\/v2\/media?parent=5586"}],"wp:term":[{"taxonomy":"category","embeddable":true,"href":"https:\/\/la-licorne-a-lunettes.fr\/index.php\/wp-json\/wp\/v2\/categories?post=5586"},{"taxonomy":"post_tag","embeddable":true,"href":"https:\/\/la-licorne-a-lunettes.fr\/index.php\/wp-json\/wp\/v2\/tags?post=5586"}],"curies":[{"name":"wp","href":"https:\/\/api.w.org\/{rel}","templated":true}]}}