{"id":5433,"date":"2019-09-03T17:03:19","date_gmt":"2019-09-03T16:03:19","guid":{"rendered":"http:\/\/la-licorne-a-lunettes.fr\/?p=5433"},"modified":"2019-09-04T17:24:16","modified_gmt":"2019-09-04T16:24:16","slug":"cette-annee-jai-cantine","status":"publish","type":"post","link":"https:\/\/la-licorne-a-lunettes.fr\/index.php\/2019\/09\/03\/cette-annee-jai-cantine\/","title":{"rendered":"Cette ann\u00e9e j&rsquo;ai cantine !"},"content":{"rendered":"<p><img loading=\"lazy\" class=\"alignleft size-medium wp-image-5434\" src=\"http:\/\/la-licorne-a-lunettes.fr\/wp-content\/uploads\/2019\/09\/cette-annee-jai-cantine-262x300.jpeg\" alt=\"\" width=\"262\" height=\"300\" srcset=\"https:\/\/la-licorne-a-lunettes.fr\/wp-content\/uploads\/2019\/09\/cette-annee-jai-cantine-262x300.jpeg 262w, https:\/\/la-licorne-a-lunettes.fr\/wp-content\/uploads\/2019\/09\/cette-annee-jai-cantine.jpeg 600w\" sizes=\"(max-width: 262px) 100vw, 262px\" \/>\u00ab\u00a0Ok c&rsquo;est la rentr\u00e9e, mais quoi, qu&rsquo;est-ce que j&rsquo;entends : il faut que j&rsquo;aille manger \u00e0 la cantine maintenant ? Parce que je suis un grand ? Mouais, \u00e7a sent l&rsquo;entourloupe \u00e7a&#8230; Mes parents ne voudraient-ils pas se d\u00e9barrasser de moi ? Parce que je sais ce que l&rsquo;on raconte sur le r\u00e9fectoire, c&rsquo;est L&rsquo;HORRRREURRRRRR !<\/p>\n<p>Vous tremblez, vous aussi ? \u00a0\u00bb<\/p>\n<p>Mais bon, le jeune brin de gar\u00e7on &#8211; h\u00e9ros de ce d\u00e9licieux et tr\u00e8s digeste album &#8211; n&rsquo;est pas un d\u00e9gonfl\u00e9, il va accepter sa nouvelle mission :&nbsp;combattre le \u00ab\u00a0monstre mythologique\u00a0\u00bb CANTINOZAURUS TERRIFICUS (ben la cantine quoi&#8230;)<\/p>\n<p>Au fil des pages, notre petit aventurier imagine qu&rsquo;il va \u00eatre confront\u00e9 \u00e0 toutes les pires situations possibles, tout droit v\u00e9hicul\u00e9es par un certain imaginaire collectif : on est enferm\u00e9s dans une salle sombre, on doit avaler des serpents bouillis, on vous force \u00e0 vider les assiettes, on mange des gratins d&rsquo;animaux tout bizarre (du dauphin en gratin, oui oui, du gratin dauphinois exactement&#8230; terrible)&#8230;<\/p>\n<p><!--more--><\/p>\n<p><img loading=\"lazy\" class=\"alignleft size-medium wp-image-5442\" src=\"http:\/\/la-licorne-a-lunettes.fr\/wp-content\/uploads\/2019\/09\/20190904_163510-225x300.jpg\" alt=\"\" width=\"225\" height=\"300\" srcset=\"https:\/\/la-licorne-a-lunettes.fr\/wp-content\/uploads\/2019\/09\/20190904_163510-225x300.jpg 225w, https:\/\/la-licorne-a-lunettes.fr\/wp-content\/uploads\/2019\/09\/20190904_163510-768x1024.jpg 768w\" sizes=\"(max-width: 225px) 100vw, 225px\" \/><img loading=\"lazy\" class=\"size-medium wp-image-5445 alignleft\" src=\"http:\/\/la-licorne-a-lunettes.fr\/wp-content\/uploads\/2019\/09\/20190904_163517-225x300.jpg\" alt=\"\" width=\"225\" height=\"300\" srcset=\"https:\/\/la-licorne-a-lunettes.fr\/wp-content\/uploads\/2019\/09\/20190904_163517-225x300.jpg 225w, https:\/\/la-licorne-a-lunettes.fr\/wp-content\/uploads\/2019\/09\/20190904_163517-768x1024.jpg 768w\" sizes=\"(max-width: 225px) 100vw, 225px\" \/><\/p>\n<p>&nbsp;<\/p>\n<p>&nbsp;<\/p>\n<p>&nbsp;<\/p>\n<p>&nbsp;<\/p>\n<p>&nbsp;<\/p>\n<p>&nbsp;<\/p>\n<p>&nbsp;<\/p>\n<p>&nbsp;<\/p>\n<p>&nbsp;<\/p>\n<p>Alors qu&rsquo;en fait ce n&rsquo;est pas si \u00e9pouvantable que \u00e7a : la pi\u00e8ce est claire et color\u00e9e, les enfants rient, chacun a son plateau et on peut s&rsquo;asseoir avec tous ses copains \u00e0 une table ronde, \u00ab\u00a0comme une f\u00eate d&rsquo;anniversaire mais sans les parents qui surveillent en coin\u00a0\u00bb.<\/p>\n<p>Le d\u00e9but de la libert\u00e9 et de l&rsquo;autonomie en somme non ? Forc\u00e9ment, vu comme \u00e7a, ce petit explorateur est ravi de sa d\u00e9couverte, on peut manger en s&rsquo;amusant, sans bien s\u00fbr mettre (trop) le bazar dans le r\u00e9fectoire&#8230; Mieux que les p\u00e2tes\/poulet carbo(nis\u00e9) et la cr\u00e8me (extra) br\u00fbl\u00e9e de sa m\u00e8re&#8230; Et en plus, curry, cumin, \u00e9pices et plats des quatre coins du globe (haha, d\u00e9sol\u00e9e c&rsquo;est mon humour qui m&rsquo;a forc\u00e9), le menu change tous les jours : \u00ab\u00a0la cantine, \u00e7a fait voyager! \u00a0\u00bb<\/p>\n<p><img loading=\"lazy\" class=\"size-medium wp-image-5443 alignleft\" src=\"http:\/\/la-licorne-a-lunettes.fr\/wp-content\/uploads\/2019\/09\/20190904_163553-225x300.jpg\" alt=\"\" width=\"225\" height=\"300\" srcset=\"https:\/\/la-licorne-a-lunettes.fr\/wp-content\/uploads\/2019\/09\/20190904_163553-225x300.jpg 225w, https:\/\/la-licorne-a-lunettes.fr\/wp-content\/uploads\/2019\/09\/20190904_163553-768x1024.jpg 768w\" sizes=\"(max-width: 225px) 100vw, 225px\" \/> <img loading=\"lazy\" class=\"size-medium wp-image-5444 alignleft\" src=\"http:\/\/la-licorne-a-lunettes.fr\/wp-content\/uploads\/2019\/09\/20190904_163524-225x300.jpg\" alt=\"\" width=\"225\" height=\"300\" srcset=\"https:\/\/la-licorne-a-lunettes.fr\/wp-content\/uploads\/2019\/09\/20190904_163524-225x300.jpg 225w, https:\/\/la-licorne-a-lunettes.fr\/wp-content\/uploads\/2019\/09\/20190904_163524-768x1024.jpg 768w\" sizes=\"(max-width: 225px) 100vw, 225px\" \/><\/p>\n<p>&nbsp;<\/p>\n<p>&nbsp;<\/p>\n<p>&nbsp;<\/p>\n<p>&nbsp;<\/p>\n<p>&nbsp;<\/p>\n<p>&nbsp;<\/p>\n<p>&nbsp;<\/p>\n<p>&nbsp;<\/p>\n<p>&nbsp;<\/p>\n<p>On retrouve la musique des mots de l&rsquo;excellente Emilie Chazerand (mode Fan ON), humour et po\u00e9sie : le texte joue sur les sonorit\u00e9s pour cr\u00e9er des rimes subtilement envelopp\u00e9es. Les illustrations de Caroline Ayrault ont la part belle pour servir le rythme du r\u00e9cit, m\u00ealant r\u00e9alisme et fantasmagorie : l&rsquo;univers des enfants, tout simplement.<\/p>\n<p>Une histoire pour d\u00e9couvrir qu\u2019il y a du bon \u00e0 fr\u00e9quenter la cantine&nbsp; : rire avec les copains, d\u00e9couvrir de nouveaux aliments, manger avec de vrais couverts et de temps en temps avec les doigts et m\u00eame se servir de l\u2019eau tout seul. Tout \u00e7a sans avoir les parents sur le dos&nbsp; !<\/p>\n<p class=\"p1\">\u00c7a m&rsquo;a donn\u00e9 fin moi dis donc&#8230; Qu&rsquo;est-ce qu&rsquo;on mange ?&nbsp;<\/p>\n<p>&#8212;&#8212;&#8211;<\/p>\n<p><strong>Autrice : <a href=\"https:\/\/www.emiliechazerand.com\/\" target=\"_blank\" rel=\"noopener\">Emilie CHAZERAND<\/a><\/strong><br \/>\n<strong>Illustratrice : Caroline AYRAULT<\/strong><br \/>\n<strong>Edition : <a href=\"https:\/\/www.gautier-languereau.fr\/livre\/cette-annee-jai-cantine-9782017025047\" target=\"_blank\" rel=\"noopener\">Gautier-Languereau<\/a> &#8211; Album &#8211; 32 pages &#8211; 10,95 euros<\/strong><br \/>\n<strong>Ann\u00e9e : Juin 2019<\/strong><\/p>\n<p>&#8211; &#8211; &#8211; &#8211; &#8211; &#8211; &#8211; &#8211; &#8211; &#8211; &#8211; &#8211; &#8211; &#8211; &#8211; &#8211; &#8211; &#8211; &#8211; &#8211; &#8211; &#8211; &#8211; &#8211; &#8211; &#8211; &#8211; &#8211; &#8211; &#8211; &#8211; &#8211;&nbsp;&#8211; &#8211; &#8211; &#8211; &#8211; &#8211; &#8211; &#8211; &#8211; &#8211; &#8211; &#8211; &#8211; &#8211; &#8211; &#8211;<\/p>\n<p><img loading=\"lazy\" class=\"wp-image-3156 alignleft\" src=\"http:\/\/la-licorne-a-lunettes.fr\/wp-content\/uploads\/2017\/08\/chazerand-emilie-225x300.jpg\" alt=\"\" width=\"111\" height=\"147\" srcset=\"https:\/\/la-licorne-a-lunettes.fr\/wp-content\/uploads\/2017\/08\/chazerand-emilie-225x300.jpg 225w, https:\/\/la-licorne-a-lunettes.fr\/wp-content\/uploads\/2017\/08\/chazerand-emilie.jpg 512w\" sizes=\"(max-width: 111px) 100vw, 111px\" \/><\/p>\n<p><strong>LIRE NOTRE INTERVIEW<br \/>\nD&rsquo;EMILIE CHAZERAND<\/strong><\/p>\n<p><a href=\"http:\/\/la-licorne-a-lunettes.fr\/index.php\/2017\/08\/21\/emilie-chazerand-nous-parle-de-son-nouveau-roman-la-fourmi-rouge-et-de-ses-lectures-denfance\/\" target=\"_blank\" rel=\"noopener\">en cliquant ici<\/a><\/p>\n<p>.<\/p>\n<p>&nbsp;<\/p>\n<p>&#8211; &#8211; &#8211; &#8211; &#8211; &#8211; &#8211; &#8211; &#8211; &#8211; &#8211; &#8211; &#8211; &#8211; &#8211; &#8211;&nbsp;&#8211; &#8211; &#8211; &#8211; &#8211; &#8211; &#8211; &#8211; &#8211; &#8211; &#8211; &#8211; &#8211; &#8211; &#8211; &#8211;&nbsp;&#8211; &#8211; &#8211; &#8211; &#8211; &#8211; &#8211; &#8211; &#8211; &#8211; &#8211; &#8211; &#8211; &#8211; &#8211; &#8211;<\/p>\n<p><strong>De la m\u00eame autrice chez Gautier-Languereau :&nbsp;<\/strong><br \/>\n<span style=\"line-height: 1.5;\">&#8211; La soeur des vacances<br \/>\n<\/span><span style=\"line-height: 1.5;\">&#8211; Le b\u00e9b\u00e9 s&rsquo;appelle Repars<br \/>\n<\/span><span style=\"line-height: 1.5;\">&#8211; Quand je serai<\/span> <span style=\"line-height: 1.5;\">reine<br \/>\n<\/span><span style=\"line-height: 1.5;\">&#8211;&nbsp;<\/span><span style=\"line-height: 1.5;\">Les papas de Violette (<a href=\"http:\/\/la-licorne-a-lunettes.fr\/index.php\/2017\/08\/23\/les-papas-de-violette\/\" target=\"_blank\" rel=\"noopener\">chroniqu\u00e9 ici<\/a>)<br \/>\n&#8211; Mon P\u00e9p\u00e9<\/span><\/p>\n<p>Chez Sarbacane :&nbsp;<br \/>\n&#8211; Falalala (\u00e0 para\u00eetre)<br \/>\n&#8211; La Soci\u00e9t\u00e9 des P\u00e9p\u00e9s \u00e0 Adopter<br \/>\n&#8211; Ma vie moisie, Dieu et moi Shirley Banana<br \/>\n&#8211; Les choukachics magiques avec Aur\u00e9lie Guillerey<br \/>\n&#8211; Le g\u00e9nie de la lampe de poche&nbsp;(<a href=\"http:\/\/la-licorne-a-lunettes.fr\/index.php\/2018\/01\/17\/le-genie-de-la-lampe-de-poche\/\" target=\"_blank\" rel=\"noopener\">chroniqu\u00e9 ici<\/a>)<br \/>\n&#8211; La fourmi rouge (<a href=\"http:\/\/la-licorne-a-lunettes.fr\/index.php\/2017\/08\/06\/la-fourmi-rouge\/\" target=\"_blank\" rel=\"noopener\">chroniqu\u00e9 ici<\/a>)<br \/>\n&#8211; Jean-Jean \u00e0 l\u2019envers, avec Aur\u00e9lie GUILLERET<br \/>\n&#8211; La petite sir\u00e8ne \u00e0 l\u2019huile<\/p>\n<p>Et aussi :&nbsp;<br \/>\n\u2013 Le Grizzli Virus&nbsp;avec Amandine Piu chez L\u2019Elan Vert (<a href=\"http:\/\/la-licorne-a-lunettes.fr\/index.php\/2019\/01\/31\/le-grizzli-virus\/\" target=\"_blank\" rel=\"noopener\">chroniqu\u00e9 ici<\/a>)<br \/>\n\u2013 L&rsquo;ours qui ne rentrait plus dans son slip, &nbsp;Edition Benjamin Media (CD audio) avec F\u00e9lix Rousseau<br \/>\n\u2013&nbsp;La v\u00e9rit\u00e9 vraie sur Mireille Marcassin,&nbsp;Edition Benjamin Media (CD audio) avec&nbsp;Amandine Piu<br \/>\n\u2013 La s\u00e9rie Suzon dont : Suzon part en pique-nique &amp;&nbsp;Suzon et la chasse au tr\u00e9sor, avec Amandine Piu chez Gulf Stream<br \/>\n\u2013 <a href=\"http:\/\/la-licorne-a-lunettes.fr\/index.php\/2017\/04\/04\/quel-morfal-ce-gwendal\/\">Quel morfal, ce Gwendal ! <\/a>aux \u00e9ditions Les deux coqs d\u2019or, <a href=\"http:\/\/la-licorne-a-lunettes.fr\/index.php\/2017\/04\/04\/quel-morfal-ce-gwendal\/\">(chroniqu\u00e9 ici)<\/a><br \/>\n\u2013 Moi Pr\u00e9sident, aux \u00e9ditions Les deux coqs d\u2019or<br \/>\n\u2013 Ch\u00e8re Mamie avec Charles Dutertre chez L\u2019Elan Vert<br \/>\n\u2013 L\u2019horrible Madame M\u00e9m\u00e9, avec Amandine Piu chez L\u2019Elan Vert<br \/>\n\u2013 Y en a qui disent, avec&nbsp;Maur\u00e8en Poignonec&nbsp;chez L\u2019Elan Vert<br \/>\n\u2013&nbsp;Apocalypsis, une s\u00e9rie fantasy chez Matagot\/Nouvel Angle.<\/p>\n","protected":false},"excerpt":{"rendered":"<p>\u00ab\u00a0Ok c&rsquo;est la rentr\u00e9e, mais quoi, qu&rsquo;est-ce que j&rsquo;entends : il faut que j&rsquo;aille manger \u00e0 la cantine maintenant ? Parce que je suis un grand ? Mouais, \u00e7a sent l&rsquo;entourloupe \u00e7a&#8230; Mes parents ne voudraient-ils pas se d\u00e9barrasser de moi ? Parce que je sais ce que l&rsquo;on raconte sur le r\u00e9fectoire, c&rsquo;est L&rsquo;HORRRREURRRRRR [&hellip;]<\/p>\n","protected":false},"author":1,"featured_media":0,"comment_status":"open","ping_status":"open","sticky":false,"template":"","format":"standard","meta":{"ngg_post_thumbnail":0},"categories":[17,3,45],"tags":[427,428,56,264,6,429],"_links":{"self":[{"href":"https:\/\/la-licorne-a-lunettes.fr\/index.php\/wp-json\/wp\/v2\/posts\/5433"}],"collection":[{"href":"https:\/\/la-licorne-a-lunettes.fr\/index.php\/wp-json\/wp\/v2\/posts"}],"about":[{"href":"https:\/\/la-licorne-a-lunettes.fr\/index.php\/wp-json\/wp\/v2\/types\/post"}],"author":[{"embeddable":true,"href":"https:\/\/la-licorne-a-lunettes.fr\/index.php\/wp-json\/wp\/v2\/users\/1"}],"replies":[{"embeddable":true,"href":"https:\/\/la-licorne-a-lunettes.fr\/index.php\/wp-json\/wp\/v2\/comments?post=5433"}],"version-history":[{"count":22,"href":"https:\/\/la-licorne-a-lunettes.fr\/index.php\/wp-json\/wp\/v2\/posts\/5433\/revisions"}],"predecessor-version":[{"id":5464,"href":"https:\/\/la-licorne-a-lunettes.fr\/index.php\/wp-json\/wp\/v2\/posts\/5433\/revisions\/5464"}],"wp:attachment":[{"href":"https:\/\/la-licorne-a-lunettes.fr\/index.php\/wp-json\/wp\/v2\/media?parent=5433"}],"wp:term":[{"taxonomy":"category","embeddable":true,"href":"https:\/\/la-licorne-a-lunettes.fr\/index.php\/wp-json\/wp\/v2\/categories?post=5433"},{"taxonomy":"post_tag","embeddable":true,"href":"https:\/\/la-licorne-a-lunettes.fr\/index.php\/wp-json\/wp\/v2\/tags?post=5433"}],"curies":[{"name":"wp","href":"https:\/\/api.w.org\/{rel}","templated":true}]}}