{"id":5277,"date":"2019-05-06T22:05:26","date_gmt":"2019-05-06T21:05:26","guid":{"rendered":"http:\/\/la-licorne-a-lunettes.fr\/?p=5277"},"modified":"2019-05-06T22:57:27","modified_gmt":"2019-05-06T21:57:27","slug":"elma-une-vie-dours-tome-1-et-2","status":"publish","type":"post","link":"https:\/\/la-licorne-a-lunettes.fr\/index.php\/2019\/05\/06\/elma-une-vie-dours-tome-1-et-2\/","title":{"rendered":"Elma, une vie d&rsquo;ours (Tome 1 et 2)"},"content":{"rendered":"<figure id=\"attachment_5281\" aria-describedby=\"caption-attachment-5281\" style=\"width: 300px\" class=\"wp-caption alignleft\"><img loading=\"lazy\" class=\"size-medium wp-image-5281\" src=\"http:\/\/la-licorne-a-lunettes.fr\/wp-content\/uploads\/2019\/05\/elma-vie-dours-T1-et-2-300x212.png\" alt=\"\" width=\"300\" height=\"212\" srcset=\"https:\/\/la-licorne-a-lunettes.fr\/wp-content\/uploads\/2019\/05\/elma-vie-dours-T1-et-2-300x212.png 300w, https:\/\/la-licorne-a-lunettes.fr\/wp-content\/uploads\/2019\/05\/elma-vie-dours-T1-et-2-768x543.png 768w, https:\/\/la-licorne-a-lunettes.fr\/wp-content\/uploads\/2019\/05\/elma-vie-dours-T1-et-2-1024x723.png 1024w, https:\/\/la-licorne-a-lunettes.fr\/wp-content\/uploads\/2019\/05\/elma-vie-dours-T1-et-2.png 1046w\" sizes=\"(max-width: 300px) 100vw, 300px\" \/><figcaption id=\"caption-attachment-5281\" class=\"wp-caption-text\">(c) L. Maz\u00e9<\/figcaption><\/figure>\n<p>Depuis la sortie de <a href=\"http:\/\/la-licorne-a-lunettes.fr\/index.php\/2018\/01\/10\/nora\/\" target=\"_blank\" rel=\"noopener\"><em><strong>Nora<\/strong><\/em><\/a>, je suis une grande fan du travail fabuleux de la talentueuse L\u00e9a Maz\u00e9. <strong><em>Les Croques<\/em> <\/strong>Tome 1 sorti l&rsquo;ann\u00e9e derni\u00e8re promet une suite passionnante, mais aujourd&rsquo;hui, \u00e0 l&rsquo;occasion de la r\u00e9cente sortie du Tome 2 du dyptique <em><strong>Elma, une vie d&rsquo;ours,<\/strong><\/em> je vous parle enfin de mon coup de coeur pour cette petite Elma et son gros Papa Ours.<\/p>\n<p>D\u00e8s la couverture du Tome 1, l&rsquo;\u00e9motion vous saisit et vous \u00eates enti\u00e8rement captiv\u00e9 par cet univers chromatique si particulier. Ce n&rsquo;est pas une simple couverture, c&rsquo;est un tableau, \u00e9nigmatique, magn\u00e9tique. La construction graphique de ces deux personnages blottis l&rsquo;un contre l&rsquo;autre vous impose le silence et l&rsquo;admiration. Un clin d&rsquo;oeil \u00e0 Klimt ? Quant \u00e0 la couverture du Tome 2, elle reproduit, comme en miroir, la masse des deux corps pour en faire une fen\u00eatre ouverte, pla\u00e7ant le lecteur plus en retrait, en voyeur tapi dans la for\u00eat retenant sa respiration pour ne pas alerter les deux complices.<\/p>\n<p>Tout au long des deux albums, le lecteur va \u00eatre berc\u00e9 par ces couleurs compl\u00e9mentaires, ce bleu turquoise quasi mystique et cet orang\u00e9 si r\u00e9confortant. Une couleur froide et une couleur chaude, le parfait \u00e9quilibre, cet \u00e9quilibre fragile qui semble unir ces personnages terriblement attachants&#8230;<\/p>\n<p>Il y a certes deux tomes, mais il s&rsquo;agit d&rsquo;une seule histoire, impossible de ne pas les enchainer donc. L&rsquo;histoire s&rsquo;ouvre sur une for\u00eat lumineuse, on entend au loin un dialogue entre un enfant et un adulte, le premier veut grimper aux arbres, le second l&rsquo;encourage tout en le mettant en garde : l&rsquo;\u00e9ducation bienveillante en somme. Et d\u00e8s la 3e page, le ton est donn\u00e9 \u00ab\u00a0que ferais-je, moi, sans toi ? \u00a0\u00bb Une histoire d&rsquo;amour donc, entre un p\u00e8re et sa fille :&nbsp;Elma, joyeuse, un peu sauvage et plut\u00f4t insouciante, et un Papa Ours qui l&rsquo;a recueilli et \u00e9lev\u00e9 comme son enfant.<\/p>\n<p>Or, ce p\u00e8re affectueux et d\u00e9vou\u00e9 cache un lourd secret qu&rsquo;il ne peut r\u00e9v\u00e9ler encore. Mais l&rsquo;heure tourne, 7 ann\u00e9es se sont \u00e9coul\u00e9es depuis la naissance de la petite et il est d\u00e9sormais temps d&rsquo;entamer un long voyage pour rejoindre l&rsquo;autre c\u00f4t\u00e9 de la montage. Une menace semble sourdre au coeur de la for\u00eat, non perceptible par la gamine espi\u00e8gle sous haut protectorat ursin. L&rsquo;enfant au caract\u00e8re bien tremp\u00e9 s&rsquo;interroge, se r\u00e9volte de devoir avancer sans comprendre, teste l&rsquo;autorit\u00e9 parentale, boude, ronchonne mais suit toujours ce p\u00e8re guid\u00e9 par une urgence inqui\u00e9tante.&nbsp;<\/p>\n<p><!--more--><\/p>\n<figure id=\"attachment_5301\" aria-describedby=\"caption-attachment-5301\" style=\"width: 272px\" class=\"wp-caption alignleft\"><img loading=\"lazy\" class=\"wp-image-5301 \" src=\"http:\/\/la-licorne-a-lunettes.fr\/wp-content\/uploads\/2019\/05\/inter-ELMA-T1-1.jpg\" alt=\"\" width=\"272\" height=\"390\" srcset=\"https:\/\/la-licorne-a-lunettes.fr\/wp-content\/uploads\/2019\/05\/inter-ELMA-T1-1.jpg 460w, https:\/\/la-licorne-a-lunettes.fr\/wp-content\/uploads\/2019\/05\/inter-ELMA-T1-1-209x300.jpg 209w\" sizes=\"(max-width: 272px) 100vw, 272px\" \/><figcaption id=\"caption-attachment-5301\" class=\"wp-caption-text\">(c) LMaz\u00e9<\/figcaption><\/figure>\n<p><img loading=\"lazy\" class=\"alignleft wp-image-5302 \" src=\"http:\/\/la-licorne-a-lunettes.fr\/wp-content\/uploads\/2019\/05\/inter-ELMA-T1-2.jpg\" alt=\"\" width=\"273\" height=\"388\" srcset=\"https:\/\/la-licorne-a-lunettes.fr\/wp-content\/uploads\/2019\/05\/inter-ELMA-T1-2.jpg 468w, https:\/\/la-licorne-a-lunettes.fr\/wp-content\/uploads\/2019\/05\/inter-ELMA-T1-2-211x300.jpg 211w\" sizes=\"(max-width: 273px) 100vw, 273px\" \/><\/p>\n<p>&nbsp;<\/p>\n<p>&nbsp;<\/p>\n<p>&nbsp;<\/p>\n<p>&nbsp;<\/p>\n<p>&nbsp;<\/p>\n<p>&nbsp;<\/p>\n<p>&nbsp;<\/p>\n<p>&nbsp;<\/p>\n<p>&nbsp;<\/p>\n<p>&nbsp;<\/p>\n<p>&nbsp;<\/p>\n<p>Tout d&rsquo;un coup, le danger est l\u00e0, une vague malveillante tente d&#8217;emporter Elma dans les profondeurs. Elle \u00e9chappe \u00e0 la noyade de justesse, gr\u00e2ce au r\u00e9flexe de ce Papa Ours pr\u00eat \u00e0 se sacrifier pour qu&rsquo;elle reste en vie (un clin d&rsquo;oeil \u00e0 Monsieur Madeleine et Cosette ?).<\/p>\n<p>La tension monte d&rsquo;un cran dans l&rsquo;intrigue et le rythme des illustrations s&rsquo;acc\u00e9l\u00e8re. La tonalit\u00e9 des couleurs vire au gris, au sombre, l&rsquo;environnement est envahi par cette pluie diluvienne mena\u00e7ante qui semble annoncer \u00ab\u00a0la fin du monde\u00a0\u00bb. Justement, comment dire \u00e0 cette enfant de pr\u00e8s de 8 ans que le destin de tout un royaume est li\u00e9 \u00e0 son propre destin ?&nbsp;Comment un p\u00e8re aimant peut-il se r\u00e9signer \u00e0 quitter cette gamine espi\u00e8gle qu&rsquo;il consid\u00e8re comme sa fille ? Et pourtant c&rsquo;est sa mission. La fin d&rsquo;une innocence, un d\u00e9chirement.&nbsp;<\/p>\n<blockquote><p>Derri\u00e8re la montagne se cache un village. L\u00e0-bas, tu sauras tout.<br \/>\nTout quoi ?<br \/>\nTout toi.<\/p><\/blockquote>\n<p><img loading=\"lazy\" class=\"alignleft wp-image-5303 \" src=\"http:\/\/la-licorne-a-lunettes.fr\/wp-content\/uploads\/2019\/05\/inter-ELMA-T1-3.jpg\" alt=\"\" width=\"297\" height=\"418\" srcset=\"https:\/\/la-licorne-a-lunettes.fr\/wp-content\/uploads\/2019\/05\/inter-ELMA-T1-3.jpg 475w, https:\/\/la-licorne-a-lunettes.fr\/wp-content\/uploads\/2019\/05\/inter-ELMA-T1-3-213x300.jpg 213w\" sizes=\"(max-width: 297px) 100vw, 297px\" \/><\/p>\n<p><img loading=\"lazy\" class=\"alignleft wp-image-5304 \" src=\"http:\/\/la-licorne-a-lunettes.fr\/wp-content\/uploads\/2019\/05\/inter-ELMA-T1-4.jpg\" alt=\"\" width=\"292\" height=\"421\" srcset=\"https:\/\/la-licorne-a-lunettes.fr\/wp-content\/uploads\/2019\/05\/inter-ELMA-T1-4.jpg 459w, https:\/\/la-licorne-a-lunettes.fr\/wp-content\/uploads\/2019\/05\/inter-ELMA-T1-4-208x300.jpg 208w\" sizes=\"(max-width: 292px) 100vw, 292px\" \/><\/p>\n<p>&nbsp;<\/p>\n<p>&nbsp;<\/p>\n<p>&nbsp;<\/p>\n<p>&nbsp;<\/p>\n<p>&nbsp;<\/p>\n<p>&nbsp;<\/p>\n<p>&nbsp;<\/p>\n<p>&nbsp;<\/p>\n<p>&nbsp;<\/p>\n<p>&nbsp;<\/p>\n<p>&nbsp;<\/p>\n<p>Elma et son Papa Ours vont devoir faire face \u00e0 un parcours sem\u00e9 d&#8217;emb\u00fbches pour rejoindre l&rsquo;autre c\u00f4t\u00e9 de la montagne o\u00f9 la fillette devra affronter son pass\u00e9.&nbsp;Alors que l&rsquo;ours se retrouve diminu\u00e9, gravement bless\u00e9 apr\u00e8s un \u00e9boulement de terrain, Elma devra se confronter \u00e0 la v\u00e9rit\u00e9 sur ses origines et seul l&rsquo;amour qu&rsquo;elle porte \u00e0 son \u00ab&nbsp;papa&nbsp;\u00bb pourra la sauver d&rsquo;un funeste destin&#8230; Je ne vous en dis pas plus, \u00e0 vous de courir d\u00e9vorer ces deux bijoux plein de tendresse !<\/p>\n<p>Encore une fois, le travail de L\u00e9a Maz\u00e9 sur la lumi\u00e8re est magistral. Le rythme cadenc\u00e9, les cadrages inventifs, les jeux de contrastes entre clair et obscur, ombre et soleil, participent \u00e0 cr\u00e9er une \u00e9motion forte \u00e0 la lecture des deux ouvrages, illustrant alternativement tristesse et joie, danger et r\u00e9confort. Les couleurs traduisent les \u00e9motions des personnages, dans les bleus quand la situation est grave et inqui\u00e9tante, dans les orang\u00e9s quand le calme et la s\u00e9r\u00e9nit\u00e9 reviennent. La grande force de L\u00e9a Maz\u00e9 tient \u00e0 son souci du d\u00e9tail d\u00e9licat, \u00e0 son trait fin et \u00e9nergique, \u00e0 son travail sur la place du \u00ab\u00a0blanc\u00a0\u00bb, celle qu&rsquo;elle lui accorde pour donner toujours plus de relief et de force aux situations. Oui, je suis fan !<\/p>\n<p>C\u00f4t\u00e9 texte : humour et complicit\u00e9 dans les dialogues d&rsquo;Ingrid Chabbert, qui traduisent avec beaucoup de pudeur la relation d&rsquo;amour entre ce p\u00e8re et sa fille, leurs moments de doutes, de conflits et de retrouvailles fusionnelles. Chaque p\u00e9rip\u00e9tie est ainsi l&rsquo;occasion de prouver leur attachement l&rsquo;un \u00e0 l&rsquo;autre et de renforcer leur lien. Une touche de po\u00e9sie accompagne le r\u00e9cit page apr\u00e8s page, teintant de magie cet univers imaginaire qui n&rsquo;est pas si loin du n\u00f4tre.&nbsp;<\/p>\n<p>Un message touchant sur cet amour familial plus fort que tout, au-del\u00e0 du sang. Parce que c&rsquo;\u00e9tait lui, parce que c&rsquo;\u00e9tait elle&#8230; Une belle et vibrante histoire de famille illustrant ces liens qui nous unissent et qui tissent au jour le jour cette force qui nous anime, ensemble. Coup de coeur in\u00e9vitable ! Vivement les prochaines oeuvres de L\u00e9a Maz\u00e9 !<\/p>\n<p>&#8212;-<\/p>\n<p>Envie de feuilleter le Tome 1 :&nbsp;<\/p>\n<p><iframe loading=\"lazy\" src=\"https:\/\/www.westory.fr\/dargaud\/lire-en-ligne\/elma-une-vie-d-ours\/1\/elma-une-vie-d-ours-tome-1?token=PdqZFlhMJezMDtaARLC0gdcag7LUPnKe\" width=\"800\" height=\"600\" frameborder=\"0\" scrolling=\"no\" allowfullscreen=\"allowfullscreen\"><\/iframe><\/p>\n<p>Envie de feuilleter le Tome 2 :&nbsp;<\/p>\n<p><iframe loading=\"lazy\" src=\"https:\/\/www.westory.fr\/dargaud\/lire-en-ligne\/elma-une-vie-d-ours\/2\/elma-une-vie-d-ours-tome-2?token=CL2qsV5NicsbiAc8cL2upNImUswqxAk0\" width=\"800\" height=\"600\" frameborder=\"0\" scrolling=\"no\" allowfullscreen=\"allowfullscreen\"><\/iframe><br \/>\n&nbsp;<\/p>\n<p><strong>Sc\u00e9nariste : Ingrid CHABBERT<\/strong><br \/>\n<strong>Dessinatrice : L\u00e9a MAZ\u00c9<\/strong><br \/>\n<strong>Edition : <a href=\"https:\/\/www.dargaud.com\/bd\/Elma-une-vie-d-ours\/Elma-une-vie-d-ours\/Elma-une-vie-d-ours-tome-1-Elma-une-vie-d-ours-Tome-1\" target=\"_blank\" rel=\"noopener\">Dargaud<\/a> &#8211; Tome 1 &amp; 2 &#8211; 40 pages &#8211; 10,95 euros<\/strong><br \/>\n<strong>Ann\u00e9e : Septembre 2018 et Avril 2019<\/strong><\/p>\n<p>&#8212;&#8212;&#8212;&#8212;&#8212;&#8212;&#8212;&#8212;&#8212;-<br \/>\nDe la m\u00eame illustratrice :&nbsp;<br \/>\n&#8211; Les Croques T. 1 &#8211; Editions de la goutti\u00e8re (tr\u00e8s grand coup de coeur !!)<br \/>\n&#8211; Nora (<a href=\"http:\/\/la-licorne-a-lunettes.fr\/index.php\/2018\/01\/10\/nora\/\" target=\"_blank\" rel=\"noopener\">chroniqu\u00e9 ici<\/a>)<br \/>\n&#8211; La porte des pluie avec J\u00e9r\u00e9my Semet, Editions La Marmite \u00e0 mots&nbsp;<\/p>\n<p>De la m\u00eame autrice aux \u00e9ditions Steinkis :<br \/>\n&#8211; Ecumes (roman graphique) avec Carole MAUREL (<a href=\"http:\/\/la-licorne-a-lunettes.fr\/index.php\/2017\/03\/05\/ecumes\/\">chroniqu\u00e9 ici<\/a>)<br \/>\n&#8211; En attendant Bojangles&nbsp;(roman graphique) avec Carole MAUREL&nbsp;<\/p>\n<p>Autres \u00e9diteurs :&nbsp;<br \/>\n&#8211; Ce g\u00e9ant mon ami avec Lili la Baleine &#8211; Maison Eliza (<a href=\"http:\/\/la-licorne-a-lunettes.fr\/index.php\/2018\/05\/06\/ce-geant-mon-ami\/\" target=\"_blank\" rel=\"noopener\">chroniqu\u00e9 ici<\/a>)<br \/>\n\u2013 Moi Albert d\u00e9testateur de livres avec&nbsp;Raul GURIDI &#8211; Frimousse (<a href=\"http:\/\/la-licorne-a-lunettes.fr\/index.php\/2017\/01\/03\/moi-albert-detestateur-de-livres\/\">chroniqu\u00e9 ici<\/a>)<br \/>\n\u2013&nbsp;5 mouches et une trompette avec&nbsp;Raul GURIDI- Frimousse&nbsp;(<a href=\"http:\/\/la-licorne-a-lunettes.fr\/index.php\/2016\/11\/03\/5-mouches-et-une-trompette\/\">chroniqu\u00e9 ici<\/a>)<br \/>\n\u2013 Kadogo (album) &#8211; Des Ronds dans l&rsquo;O (<a href=\"http:\/\/la-licorne-a-lunettes.fr\/index.php\/2017\/04\/02\/kadogo\/\" target=\"_blank\" rel=\"noopener\">chroniqu\u00e9 ici<\/a>)<br \/>\n\u2013 Fais passer ! (album) avec Maureen POIGNONEC &nbsp;&#8211; Frimousse (<a href=\"http:\/\/la-licorne-a-lunettes.fr\/index.php\/2016\/11\/29\/fais-passer\/\" target=\"_blank\" rel=\"noopener\">chroniqu\u00e9 ici<\/a>)<br \/>\n\u2013 Un m\u00e8re \u00e0 Brooklyn (roman) (<a href=\"http:\/\/la-licorne-a-lunettes.fr\/index.php\/2017\/04\/06\/une-mere-a-brooklyn\/\" target=\"_blank\" rel=\"noopener\">chroniqu\u00e9 ici<\/a>)<br \/>\n\u2013 Tine et Junior (BD) avec Brice FOLLET<br \/>\n\u2013 Si tu ne ranges pas ta chambre avec Severine DUCH\u00caNE&nbsp;<br \/>\n\u2013 Si tu ne manges pas ta soupe avec Severine DUCH\u00caNE<br \/>\n\u2013 Si tu ne vas pas te&nbsp;coucher avec Severine DUCH\u00caNE<br \/>\n\u2013 La revanche des chaussettes qui puent<br \/>\n\u2013 Tout le monde sait faire du v\u00e9lo<br \/>\n\u2013 L\u2019imagier des saisons<br \/>\n\u2013 Les jumelles<br \/>\n\u2013 Artus et Lubin<br \/>\n\u2013 Y a un monstre \u00e0 c\u00f4t\u00e9<br \/>\n\u2013 La tisseuse de nuages<br \/>\n\u2013 La S\u00e9rie des Dinos avec Anne Loyer<br \/>\n\u2013 Le dernier arbre&nbsp;avec&nbsp;Raul GURIDI<br \/>\n\u2013 The day I became a bird&nbsp;avec&nbsp;Raul GURIDI<br \/>\n\u2013 Le loup c\u2019est moi&nbsp;avec&nbsp;Raul GURIDI<br \/>\n\u2013 Le grand m\u00e9chant GRAOU&nbsp;avec&nbsp;Raul GURIDI<br \/>\n\u2013 Edmond avec&nbsp;Raul GURIDI<br \/>\n<a class=\"texte\" href=\"https:\/\/www.desrondsdanslo.com\/Malo.html\">&#8211; Le bateau de Malo<\/a>, illustr\u00e9 par Fabiana Attanasio &#8211;&nbsp;Des ronds dans l\u2019O<br \/>\n&#8211;&nbsp;<a class=\"texte\" href=\"https:\/\/www.desrondsdanslo.com\/MemoireAuxOiseaux.html\">La m\u00e9moire aux oiseaux<\/a>, illustr\u00e9 par Soufie &#8211;&nbsp;Des ronds dans l\u2019O<br \/>\n&#8211;&nbsp;<a class=\"texte\" href=\"https:\/\/www.desrondsdanslo.com\/Tisseuse.html\">La tisseuse de nuages<\/a>, illustr\u00e9 par Virginie Rapiat &#8211;&nbsp;Des ronds dans l\u2019O<br \/>\n&#8211;&nbsp;<a class=\"texte\" href=\"https:\/\/www.desrondsdanslo.com\/LePetitGilet.html\">Le petit gilet beige<\/a>, illustr\u00e9 par Marie Lafrance &#8211; Des ronds dans l\u2019O<br \/>\n&#8211;&nbsp;<a class=\"texte\" href=\"https:\/\/www.desrondsdanslo.com\/LeLivreDeMaman.html\">Le livre de maman<\/a>, illustr\u00e9 par C\u00e9cile Bondon &#8211; Des ronds dans l\u2019O<br \/>\n&#8211;&nbsp;<a class=\"texte\" href=\"https:\/\/www.desrondsdanslo.com\/MonPepe.html\">Mon p\u00e9p\u00e9<\/a>, illustr\u00e9 par Annette Boisnard &#8211; Des ronds dans l\u2019O&nbsp;<br \/>\n\u2013 L\u2019\u00e9trange boutique de Miss Potimary avec Severine LEFEBVRE (Jungle Jeunesse)<br \/>\n\u2013 Poils aux pattes<br \/>\n\u2013 Le parfum des feuilles de th\u00e9 avec C\u00e9lia Chauffrey (La Martini\u00e8re Jeunesse)<br \/>\n\u2013 Titoc avec Marjorie B\u00e9al (Balivernes)<\/p>\n","protected":false},"excerpt":{"rendered":"<p>Depuis la sortie de Nora, je suis une grande fan du travail fabuleux de la talentueuse L\u00e9a Maz\u00e9. Les Croques Tome 1 sorti l&rsquo;ann\u00e9e derni\u00e8re promet une suite passionnante, mais aujourd&rsquo;hui, \u00e0 l&rsquo;occasion de la r\u00e9cente sortie du Tome 2 du dyptique Elma, une vie d&rsquo;ours, je vous parle enfin de mon coup de coeur [&hellip;]<\/p>\n","protected":false},"author":1,"featured_media":0,"comment_status":"open","ping_status":"open","sticky":false,"template":"","format":"standard","meta":{"ngg_post_thumbnail":0},"categories":[3,4,48,61],"tags":[23,7,201,58,153,144,88,379,210,28],"_links":{"self":[{"href":"https:\/\/la-licorne-a-lunettes.fr\/index.php\/wp-json\/wp\/v2\/posts\/5277"}],"collection":[{"href":"https:\/\/la-licorne-a-lunettes.fr\/index.php\/wp-json\/wp\/v2\/posts"}],"about":[{"href":"https:\/\/la-licorne-a-lunettes.fr\/index.php\/wp-json\/wp\/v2\/types\/post"}],"author":[{"embeddable":true,"href":"https:\/\/la-licorne-a-lunettes.fr\/index.php\/wp-json\/wp\/v2\/users\/1"}],"replies":[{"embeddable":true,"href":"https:\/\/la-licorne-a-lunettes.fr\/index.php\/wp-json\/wp\/v2\/comments?post=5277"}],"version-history":[{"count":20,"href":"https:\/\/la-licorne-a-lunettes.fr\/index.php\/wp-json\/wp\/v2\/posts\/5277\/revisions"}],"predecessor-version":[{"id":5311,"href":"https:\/\/la-licorne-a-lunettes.fr\/index.php\/wp-json\/wp\/v2\/posts\/5277\/revisions\/5311"}],"wp:attachment":[{"href":"https:\/\/la-licorne-a-lunettes.fr\/index.php\/wp-json\/wp\/v2\/media?parent=5277"}],"wp:term":[{"taxonomy":"category","embeddable":true,"href":"https:\/\/la-licorne-a-lunettes.fr\/index.php\/wp-json\/wp\/v2\/categories?post=5277"},{"taxonomy":"post_tag","embeddable":true,"href":"https:\/\/la-licorne-a-lunettes.fr\/index.php\/wp-json\/wp\/v2\/tags?post=5277"}],"curies":[{"name":"wp","href":"https:\/\/api.w.org\/{rel}","templated":true}]}}