{"id":5144,"date":"2019-03-18T23:14:43","date_gmt":"2019-03-18T22:14:43","guid":{"rendered":"http:\/\/la-licorne-a-lunettes.fr\/?p=5144"},"modified":"2019-03-24T23:31:05","modified_gmt":"2019-03-24T22:31:05","slug":"lily-a-des-nenes-tome-1","status":"publish","type":"post","link":"https:\/\/la-licorne-a-lunettes.fr\/index.php\/2019\/03\/18\/lily-a-des-nenes-tome-1\/","title":{"rendered":"Lily a des n\u00e9n\u00e9s (Tome 1)"},"content":{"rendered":"<figure id=\"attachment_5147\" aria-describedby=\"caption-attachment-5147\" style=\"width: 224px\" class=\"wp-caption alignleft\"><img loading=\"lazy\" class=\"size-medium wp-image-5147\" src=\"http:\/\/la-licorne-a-lunettes.fr\/wp-content\/uploads\/2019\/03\/Lily-a-des-nenes-T1-224x300.jpg\" alt=\"\" width=\"224\" height=\"300\" srcset=\"https:\/\/la-licorne-a-lunettes.fr\/wp-content\/uploads\/2019\/03\/Lily-a-des-nenes-T1-224x300.jpg 224w, https:\/\/la-licorne-a-lunettes.fr\/wp-content\/uploads\/2019\/03\/Lily-a-des-nenes-T1.jpg 340w\" sizes=\"(max-width: 224px) 100vw, 224px\" \/><figcaption id=\"caption-attachment-5147\" class=\"wp-caption-text\">(c) geoff<\/figcaption><\/figure>\n<p>Grandir, qu&rsquo;est-ce que \u00e7a veut dire ?<\/p>\n<p>Cette couverture avec ce cir\u00e9 jaune et ce bonnet rouge, le tout sur ce maigrichon petit bout de fillette m&rsquo;a attrap\u00e9 le regard direct. Le titre \u00e9nigmatique aussi forc\u00e9ment. Mais c&rsquo;est surtout le trait\u00e9 graphique des pages comme des tableaux aux pastel gras qui m&rsquo;a captiv\u00e9.<\/p>\n<p>SUB-JU-GU\u00c9E !<\/p>\n<p>\u00ab\u00a0<em>Lily a 10 ans. Elle habite un petit village de Bretagne, avec son fr\u00e8re jumeau Titouan. Juste au-dessus de chez eux habite Joshua, un gar\u00e7on inaccessible dont Lily essaye d&rsquo;attirer l&rsquo;attention. Mais la jeune fille a un autre secret : peu \u00e0 peu, elle d\u00e9couvre qu\u2019elle n\u2019est plus tout \u00e0 fait une enfant\u2026\u00a0\u00bb<\/em><\/p>\n<p>Le th\u00e8me : le passage de l&rsquo;enfance \u00e0 la pubert\u00e9, l&rsquo;attirance magn\u00e9tique et inexplicable des debuts de l&rsquo;adolescence, et cette question d&rsquo;identit\u00e9 qui se dessine malgr\u00e9 soi.<\/p>\n<p>Le travail sur la lumi\u00e8re et les couleurs bord de mer est fabuleux. On est dans un univers de peinture bien plus que de la BD. Les tons orageux aux contours flous cr\u00e9ent une atmosph\u00e8re tr\u00e8s particuli\u00e8re, parfois troublante, parfois rassurante, jamais neutre et c&rsquo;est ce qui s\u00e9duit.&nbsp;<\/p>\n<p>Et c&rsquo;est un premier ouvrage&#8230; Tome 2 \u00e0 para\u00eetre en fin d&rsquo;ann\u00e9e.<!--more--><\/p>\n<figure id=\"attachment_5148\" aria-describedby=\"caption-attachment-5148\" style=\"width: 224px\" class=\"wp-caption alignleft\"><img loading=\"lazy\" class=\"size-medium wp-image-5148\" src=\"http:\/\/la-licorne-a-lunettes.fr\/wp-content\/uploads\/2019\/03\/inter-Lyli-1-224x300.jpg\" alt=\"\" width=\"224\" height=\"300\" srcset=\"https:\/\/la-licorne-a-lunettes.fr\/wp-content\/uploads\/2019\/03\/inter-Lyli-1-224x300.jpg 224w, https:\/\/la-licorne-a-lunettes.fr\/wp-content\/uploads\/2019\/03\/inter-Lyli-1.jpg 764w\" sizes=\"(max-width: 224px) 100vw, 224px\" \/><figcaption id=\"caption-attachment-5148\" class=\"wp-caption-text\">(c) geoff<\/figcaption><\/figure>\n<p><img loading=\"lazy\" class=\"alignleft size-medium wp-image-5149\" src=\"http:\/\/la-licorne-a-lunettes.fr\/wp-content\/uploads\/2019\/03\/inter-lily-2-224x300.jpg\" alt=\"\" width=\"224\" height=\"300\" srcset=\"https:\/\/la-licorne-a-lunettes.fr\/wp-content\/uploads\/2019\/03\/inter-lily-2-224x300.jpg 224w, https:\/\/la-licorne-a-lunettes.fr\/wp-content\/uploads\/2019\/03\/inter-lily-2.jpg 764w\" sizes=\"(max-width: 224px) 100vw, 224px\" \/><\/p>\n<p>&nbsp;<\/p>\n<p>&nbsp;<\/p>\n<p>&nbsp;<\/p>\n<p>&nbsp;<\/p>\n<p>&nbsp;<\/p>\n<p>&nbsp;<\/p>\n<p>&nbsp;<\/p>\n<p>&nbsp;<\/p>\n<p>&nbsp;<\/p>\n<p><img loading=\"lazy\" class=\"alignleft size-medium wp-image-5150\" src=\"http:\/\/la-licorne-a-lunettes.fr\/wp-content\/uploads\/2019\/03\/inter-lily-3-224x300.jpg\" alt=\"\" width=\"224\" height=\"300\" srcset=\"https:\/\/la-licorne-a-lunettes.fr\/wp-content\/uploads\/2019\/03\/inter-lily-3-224x300.jpg 224w, https:\/\/la-licorne-a-lunettes.fr\/wp-content\/uploads\/2019\/03\/inter-lily-3.jpg 764w\" sizes=\"(max-width: 224px) 100vw, 224px\" \/> <img loading=\"lazy\" class=\"size-medium wp-image-5152 alignleft\" src=\"http:\/\/la-licorne-a-lunettes.fr\/wp-content\/uploads\/2019\/03\/inter-lily-5-224x300.jpg\" alt=\"\" width=\"224\" height=\"300\" srcset=\"https:\/\/la-licorne-a-lunettes.fr\/wp-content\/uploads\/2019\/03\/inter-lily-5-224x300.jpg 224w, https:\/\/la-licorne-a-lunettes.fr\/wp-content\/uploads\/2019\/03\/inter-lily-5.jpg 764w\" sizes=\"(max-width: 224px) 100vw, 224px\" \/><\/p>\n<p>&nbsp;<\/p>\n<p>&nbsp;<\/p>\n<p>&nbsp;<\/p>\n<p>&nbsp;<\/p>\n<p>&nbsp;<\/p>\n<p>&nbsp;<\/p>\n<p>&nbsp;<\/p>\n<p>&nbsp;<\/p>\n<p>\u00c0 feuilleter ici :&nbsp;<\/p>\n<div id=\"btn-ebook-488348\" class=\"btn-ebook\"><iframe style=\"border: none; margin: 0px; padding: 0px; height: 596px; width: 800px;\" src=\"https:\/\/www.edenlivres.fr\/o\/936\/p\/488348?f=pdf&amp;m=2&amp;e=1\" allowfullscreen=\"allowfullscreen\"><\/iframe><\/div>\n<p>&nbsp;<\/p>\n<p><strong>Auteur \/ Illustrateur : GEOFF<\/strong><br \/>\n<strong>Edition : <a href=\"https:\/\/www.casterman.com\/Bande-dessinee\/Catalogue\/albums-lily-a-des-nenes\/lily-a-des-nenes-1\" target=\"_blank\" rel=\"noopener\">Casterman BD<\/a> &#8211; 66 pages &nbsp;&#8211; 14 euros<\/strong><br \/>\n<strong>Ann\u00e9e : Mars 2019<\/strong><\/p>\n","protected":false},"excerpt":{"rendered":"<p>Grandir, qu&rsquo;est-ce que \u00e7a veut dire ? Cette couverture avec ce cir\u00e9 jaune et ce bonnet rouge, le tout sur ce maigrichon petit bout de fillette m&rsquo;a attrap\u00e9 le regard direct. Le titre \u00e9nigmatique aussi forc\u00e9ment. Mais c&rsquo;est surtout le trait\u00e9 graphique des pages comme des tableaux aux pastel gras qui m&rsquo;a captiv\u00e9. SUB-JU-GU\u00c9E ! [&hellip;]<\/p>\n","protected":false},"author":1,"featured_media":0,"comment_status":"open","ping_status":"open","sticky":false,"template":"","format":"standard","meta":{"ngg_post_thumbnail":0},"categories":[4,48,61],"tags":[100,396,7,87,159,58,360,397],"_links":{"self":[{"href":"https:\/\/la-licorne-a-lunettes.fr\/index.php\/wp-json\/wp\/v2\/posts\/5144"}],"collection":[{"href":"https:\/\/la-licorne-a-lunettes.fr\/index.php\/wp-json\/wp\/v2\/posts"}],"about":[{"href":"https:\/\/la-licorne-a-lunettes.fr\/index.php\/wp-json\/wp\/v2\/types\/post"}],"author":[{"embeddable":true,"href":"https:\/\/la-licorne-a-lunettes.fr\/index.php\/wp-json\/wp\/v2\/users\/1"}],"replies":[{"embeddable":true,"href":"https:\/\/la-licorne-a-lunettes.fr\/index.php\/wp-json\/wp\/v2\/comments?post=5144"}],"version-history":[{"count":9,"href":"https:\/\/la-licorne-a-lunettes.fr\/index.php\/wp-json\/wp\/v2\/posts\/5144\/revisions"}],"predecessor-version":[{"id":5159,"href":"https:\/\/la-licorne-a-lunettes.fr\/index.php\/wp-json\/wp\/v2\/posts\/5144\/revisions\/5159"}],"wp:attachment":[{"href":"https:\/\/la-licorne-a-lunettes.fr\/index.php\/wp-json\/wp\/v2\/media?parent=5144"}],"wp:term":[{"taxonomy":"category","embeddable":true,"href":"https:\/\/la-licorne-a-lunettes.fr\/index.php\/wp-json\/wp\/v2\/categories?post=5144"},{"taxonomy":"post_tag","embeddable":true,"href":"https:\/\/la-licorne-a-lunettes.fr\/index.php\/wp-json\/wp\/v2\/tags?post=5144"}],"curies":[{"name":"wp","href":"https:\/\/api.w.org\/{rel}","templated":true}]}}