{"id":4902,"date":"2017-08-23T18:41:08","date_gmt":"2017-08-23T17:41:08","guid":{"rendered":"http:\/\/la-licorne-a-lunettes.fr\/?p=4902"},"modified":"2018-11-03T18:46:07","modified_gmt":"2018-11-03T17:46:07","slug":"les-papas-de-violette","status":"publish","type":"post","link":"https:\/\/la-licorne-a-lunettes.fr\/index.php\/2017\/08\/23\/les-papas-de-violette\/","title":{"rendered":"Les papas de Violette"},"content":{"rendered":"<p><img loading=\"lazy\" class=\"alignleft size-medium wp-image-4904\" src=\"http:\/\/la-licorne-a-lunettes.fr\/wp-content\/uploads\/2018\/11\/Les-papas-de-violette-262x300.jpeg\" alt=\"\" width=\"262\" height=\"300\" srcset=\"https:\/\/la-licorne-a-lunettes.fr\/wp-content\/uploads\/2018\/11\/Les-papas-de-violette-262x300.jpeg 262w, https:\/\/la-licorne-a-lunettes.fr\/wp-content\/uploads\/2018\/11\/Les-papas-de-violette.jpeg 600w\" sizes=\"(max-width: 262px) 100vw, 262px\" \/>C&rsquo;est une maladie d&rsquo;avoir deux papas ?&nbsp;<br \/>\nN&rsquo;importe quoi, dit Violette.&nbsp;<br \/>\nMes papas, ils s&rsquo;occupent trop bien de moi.&nbsp;<br \/>\nJe les aime tous les deux, et puis c&rsquo;est tout.\u00a0\u00bb<\/p>\n<p>Un album plein d&rsquo;intelligence tout en tendresse et en finesse pour \u00e9voquer les familles homoparentales.<\/p>\n<p>Joli coup de coeur pour ce texte en rimes l\u00e9g\u00e8res mais qui sonnent juste de Emilie Chazerand et le trait subtil des illustrations d\u00e9licates et parfois dr\u00f4les de Ga\u00eblle Souppart.<\/p>\n<p>&nbsp;<\/p>\n<p>&nbsp;<\/p>\n<p><strong>Autrice :Emilie Chazerand<\/strong><br \/>\n<strong>Illustratrice :Ga\u00eblle Souppart<\/strong><br \/>\n<strong>Edition : <a href=\"https:\/\/www.gautier-languereau.fr\/livre\/les-papas-de-violette-9782017024323\" target=\"_blank\" rel=\"noopener\">Gautier-Languereau<\/a> &#8211; 32 Pages &nbsp;&#8211; 10,50 euros<\/strong><br \/>\n<strong>Ann\u00e9e : Mars 2017<\/strong><\/p>\n","protected":false},"excerpt":{"rendered":"<p>C&rsquo;est une maladie d&rsquo;avoir deux papas ?&nbsp; N&rsquo;importe quoi, dit Violette.&nbsp; Mes papas, ils s&rsquo;occupent trop bien de moi.&nbsp; Je les aime tous les deux, et puis c&rsquo;est tout.\u00a0\u00bb Un album plein d&rsquo;intelligence tout en tendresse et en finesse pour \u00e9voquer les familles homoparentales. Joli coup de coeur pour ce texte en rimes l\u00e9g\u00e8res mais [&hellip;]<\/p>\n","protected":false},"author":1,"featured_media":0,"comment_status":"open","ping_status":"open","sticky":false,"template":"","format":"standard","meta":{"ngg_post_thumbnail":0},"categories":[17,45],"tags":[41,87,58,264,369],"_links":{"self":[{"href":"https:\/\/la-licorne-a-lunettes.fr\/index.php\/wp-json\/wp\/v2\/posts\/4902"}],"collection":[{"href":"https:\/\/la-licorne-a-lunettes.fr\/index.php\/wp-json\/wp\/v2\/posts"}],"about":[{"href":"https:\/\/la-licorne-a-lunettes.fr\/index.php\/wp-json\/wp\/v2\/types\/post"}],"author":[{"embeddable":true,"href":"https:\/\/la-licorne-a-lunettes.fr\/index.php\/wp-json\/wp\/v2\/users\/1"}],"replies":[{"embeddable":true,"href":"https:\/\/la-licorne-a-lunettes.fr\/index.php\/wp-json\/wp\/v2\/comments?post=4902"}],"version-history":[{"count":2,"href":"https:\/\/la-licorne-a-lunettes.fr\/index.php\/wp-json\/wp\/v2\/posts\/4902\/revisions"}],"predecessor-version":[{"id":4905,"href":"https:\/\/la-licorne-a-lunettes.fr\/index.php\/wp-json\/wp\/v2\/posts\/4902\/revisions\/4905"}],"wp:attachment":[{"href":"https:\/\/la-licorne-a-lunettes.fr\/index.php\/wp-json\/wp\/v2\/media?parent=4902"}],"wp:term":[{"taxonomy":"category","embeddable":true,"href":"https:\/\/la-licorne-a-lunettes.fr\/index.php\/wp-json\/wp\/v2\/categories?post=4902"},{"taxonomy":"post_tag","embeddable":true,"href":"https:\/\/la-licorne-a-lunettes.fr\/index.php\/wp-json\/wp\/v2\/tags?post=4902"}],"curies":[{"name":"wp","href":"https:\/\/api.w.org\/{rel}","templated":true}]}}