{"id":4757,"date":"2018-11-03T17:21:45","date_gmt":"2018-11-03T16:21:45","guid":{"rendered":"http:\/\/la-licorne-a-lunettes.fr\/?p=4757"},"modified":"2019-03-10T16:30:26","modified_gmt":"2019-03-10T15:30:26","slug":"tu-cherches-lembrouille-nina-panzanouille","status":"publish","type":"post","link":"https:\/\/la-licorne-a-lunettes.fr\/index.php\/2018\/11\/03\/tu-cherches-lembrouille-nina-panzanouille\/","title":{"rendered":"Tu cherches l&#8217;embrouille, Nina Panzanouille !"},"content":{"rendered":"<p><img loading=\"lazy\" class=\"alignleft size-medium wp-image-4758\" src=\"http:\/\/la-licorne-a-lunettes.fr\/wp-content\/uploads\/2018\/10\/Nina-panzanouille-219x300.png\" alt=\"\" width=\"219\" height=\"300\" srcset=\"https:\/\/la-licorne-a-lunettes.fr\/wp-content\/uploads\/2018\/10\/Nina-panzanouille-219x300.png 219w, https:\/\/la-licorne-a-lunettes.fr\/wp-content\/uploads\/2018\/10\/Nina-panzanouille.png 465w\" sizes=\"(max-width: 219px) 100vw, 219px\" \/><\/p>\n<p>Avec un soleil pareil ce samedi (surtout \u00e0 Paris mais pas que), on se serait cru en plein mois de juillet&#8230; Un mois de juillet, au bord de l&rsquo;eau par exemple ? Sur un yatch ? Pourquoi pas, surtout si c&rsquo;est pour suivre les aventures d&rsquo;une petite jeune fille \u00e9prise de libert\u00e9 n\u00e9e sous les mots de Mymi Doinet et sous les pinceaux de Clotka.<\/p>\n<p>Un pr\u00e9nom : Nina. Un nom : Panzanouille. Tout un programme ! Et pas toujours rigolo quand on est l&rsquo;h\u00e9riti\u00e8re des plus grands fabricants de p\u00e2tes au monde et qu&rsquo;on n&rsquo;a le droit de ne rien faire (z&rsquo;avez capt\u00e9 l&rsquo;indice ;-)) Sur le bateau, Nina r\u00eave de libert\u00e9 et, alors que ses parents font la sieste, elle \u00ab\u00a0se jette \u00e0 l&rsquo;eau\u00a0\u00bb, dans tous les sens du terme : un plouf dans la mer et hop direction l&rsquo;Aventure&#8230;&nbsp;<\/p>\n<blockquote><p>Il se passe enfin quelque chose de palpitant dans ma vie !<\/p><\/blockquote>\n<p>Mais notre jeune intr\u00e9pide se retrouve vite dans les emb\u00eatements car elle joue les aventuri\u00e8res un peu inconscientes. Heureusement, elle va trouver sur son chemin une famille du Cirque haute en couleurs o\u00f9 chaque membre a un langage bien \u00e0 lui, une jolie mani\u00e8re pour l&rsquo;autrice qui aime tant tricoter les mots pour des jeux linguistiques qui interpelleront les 7-9 ans.<\/p>\n<p>On retrouve ici encore tout le travail de Mymi Doinet pour offrir aux plus jeunes lecteurs une histoire au vocabulaire accessible, \u00e0 l&rsquo;intrigue originale avec ce petit rien de farfelu qui leur plait. L&rsquo;h\u00e9ro\u00efne prend des initiatives face aux situations compliqu\u00e9es dans lesquelles elle se retrouve.<\/p>\n<p>Comme pour tous ces formats de Premiers Romans, avec une grande typographie, des chapitres courts et des mots adapt\u00e9s, les jeunes lecteurs peuvent lire un livre en entier, tout seul. Un des plus beaux cadeaux quand on commence \u00e0 se plonger dans la lecture, avec plaisir.<!--more--><\/p>\n<p><strong>Autrice : <a href=\"http:\/\/mymidoinet.blogspot.com\/\" target=\"_blank\" rel=\"noopener\">Mymi DOINET<\/a><\/strong><br \/>\n<strong>Illustratrice : CLOTKA<\/strong><br \/>\n<strong>Edition : <a href=\"http:\/\/www.rageot.fr\/livres\/des-enfants-en-or-tu-cherches-lembrouille-nina-panzanouille\/\" target=\"_blank\" rel=\"noopener\">Rageot<\/a> &#8211; Petits Romans &#8211; collection \u00ab\u00a0Des enfants en or\u00a0\u00bb &#8211; 64 pages &#8211; 5,90 euros<\/strong><br \/>\n<strong>Ann\u00e9e : Ao\u00fbt 2018<\/strong><\/p>\n<p>&#8212;&#8212;&#8212;&#8212;&#8212;&#8212;&#8212;&#8212;&#8212;&#8212;&#8212;&#8212;-<\/p>\n<figure id=\"attachment_292\" aria-describedby=\"caption-attachment-292\" style=\"width: 108px\" class=\"wp-caption alignleft\"><img loading=\"lazy\" class=\" wp-image-292\" src=\"http:\/\/la-licorne-a-lunettes.fr\/wp-content\/uploads\/2016\/04\/Photo-salon-Mymi-DOINET-1-224x300.jpg\" alt=\"\" width=\"108\" height=\"145\" srcset=\"https:\/\/la-licorne-a-lunettes.fr\/wp-content\/uploads\/2016\/04\/Photo-salon-Mymi-DOINET-1-224x300.jpg 224w, https:\/\/la-licorne-a-lunettes.fr\/wp-content\/uploads\/2016\/04\/Photo-salon-Mymi-DOINET-1.jpg 717w\" sizes=\"(max-width: 108px) 100vw, 108px\" \/><figcaption id=\"caption-attachment-292\" class=\"wp-caption-text\">Mymi DOINET (c)<\/figcaption><\/figure>\n<p>&nbsp;<\/p>\n<p><strong>INTERVIEW :<\/strong><br \/>\n<strong>Mymi Doinet nous parle de ses livres d&rsquo;enfance<\/strong><\/p>\n<p><strong><a href=\"http:\/\/la-licorne-a-lunettes.fr\/index.php\/2016\/04\/23\/interview-lauteure-mymi-doinet-nous-parle-de-ses-livres-denfance\/\" target=\"_blank\" rel=\"noopener\">Cliquez ici<\/a><\/strong><\/p>\n<p>&nbsp;<\/p>\n<p>&nbsp;<\/p>\n<hr>\n<p><img loading=\"lazy\" class=\" wp-image-293\" src=\"http:\/\/la-licorne-a-lunettes.fr\/wp-content\/uploads\/2016\/04\/lou-petitchien-225x300.jpg\" alt=\"Nathan (c)\" width=\"97\" height=\"129\" srcset=\"https:\/\/la-licorne-a-lunettes.fr\/wp-content\/uploads\/2016\/04\/lou-petitchien-225x300.jpg 225w, https:\/\/la-licorne-a-lunettes.fr\/wp-content\/uploads\/2016\/04\/lou-petitchien.jpg 600w\" sizes=\"(max-width: 97px) 100vw, 97px\" \/><img loading=\"lazy\" class=\"alignleft wp-image-158\" src=\"http:\/\/la-licorne-a-lunettes.fr\/wp-content\/uploads\/2016\/03\/tour-eiffel-ailes-224x300.jpg\" alt=\"tour eiffel ailes\" width=\"91\" height=\"122\" srcset=\"https:\/\/la-licorne-a-lunettes.fr\/wp-content\/uploads\/2016\/03\/tour-eiffel-ailes-224x300.jpg 224w, https:\/\/la-licorne-a-lunettes.fr\/wp-content\/uploads\/2016\/03\/tour-eiffel-ailes.jpg 597w\" sizes=\"(max-width: 91px) 100vw, 91px\" \/><img loading=\"lazy\" class=\"wp-image-2384 alignleft\" src=\"http:\/\/la-licorne-a-lunettes.fr\/wp-content\/uploads\/2017\/02\/anouk-benjo-chaperon-225x300.jpg\" alt=\"anouk benjo chaperon\" width=\"92\" height=\"123\" srcset=\"https:\/\/la-licorne-a-lunettes.fr\/wp-content\/uploads\/2017\/02\/anouk-benjo-chaperon-225x300.jpg 225w, https:\/\/la-licorne-a-lunettes.fr\/wp-content\/uploads\/2017\/02\/anouk-benjo-chaperon.jpg 600w\" sizes=\"(max-width: 92px) 100vw, 92px\" \/><a href=\"https:\/\/www.nathan.fr\/catalogue\/fiche-produit.asp?ean13=9782092545690\"><img loading=\"lazy\" class=\"wp-image-2385 alignleft\" src=\"http:\/\/la-licorne-a-lunettes.fr\/wp-content\/uploads\/2017\/02\/pas-touche-a-charly-224x300.jpg\" alt=\"pas touche a charly\" width=\"92\" height=\"123\" srcset=\"https:\/\/la-licorne-a-lunettes.fr\/wp-content\/uploads\/2017\/02\/pas-touche-a-charly-224x300.jpg 224w, https:\/\/la-licorne-a-lunettes.fr\/wp-content\/uploads\/2017\/02\/pas-touche-a-charly.jpg 598w\" sizes=\"(max-width: 92px) 100vw, 92px\" \/><\/a><\/p>\n<hr>\n<p>De la m\u00eame autrice (s\u00e9lection) chez Nathan (bibliographie s\u00e9lective) :&nbsp;<br \/>\n\u2013 Un piano pour Pavel illustr\u00e9 par Amandine Laprun (<a href=\"http:\/\/la-licorne-a-lunettes.fr\/index.php\/2017\/02\/15\/un-piano-pour-pavel\/\" target=\"_blank\" rel=\"noopener\">chroniqu\u00e9 ici<\/a>)&nbsp;<br \/>\n\u2013 La collection Les Copains du CP illustr\u00e9e par Nathalie Choux<br \/>\n\u2013 La s\u00e9rie Les animaux de Lou et Les Docs de Lou illustr\u00e9s M\u00e9lanie Allag (<a href=\"http:\/\/la-licorne-a-lunettes.fr\/index.php\/2016\/04\/16\/les-animaux-de-lou-dou-tu-viens-petit-chien\/\" target=\"_blank\" rel=\"noopener\">chroniqu\u00e9 ici<\/a>)<br \/>\n\u2013 La s\u00e9rie Les aventures&nbsp;d\u2019Anouk et Benji illustr\u00e9e par Glen Chaperon (<a href=\"http:\/\/la-licorne-a-lunettes.fr\/index.php\/2016\/04\/08\/les-aventures-danouk-et-benji-enquete-sur-la-croisette\/\" target=\"_blank\" rel=\"noopener\">chroniqu\u00e9 ici<\/a>)<br \/>\n\u2013 La collection La Tour Eiffel illustr\u00e9e par M\u00e9lanie Roubineau (<a href=\"http:\/\/la-licorne-a-lunettes.fr\/index.php\/2016\/04\/05\/la-tour-eiffel-a-des-ailes\/\" target=\"_blank\" rel=\"noopener\">chroniqu\u00e9 ici<\/a>)<br \/>\n\u2013 Pas touche \u00e0 Charly ! illustr\u00e9 par Glen Chaperon<br \/>\n\u2013 Sauve qui pou avec Ga\u00e9tan Doremus&nbsp;<br \/>\n\u2013 Vive la pluie illustr\u00e9 par Marc Boutavant (<a href=\"http:\/\/la-licorne-a-lunettes.fr\/index.php\/2016\/03\/29\/vive-la-pluie\/\" target=\"_blank\" rel=\"noopener\">chroniqu\u00e9 ici<\/a>)<\/p>\n<p>&nbsp;<\/p>\n<p>De la m\u00eame illustratrice (s\u00e9lection) :&nbsp;<br \/>\n&#8211; La s\u00e9rie La famille Trop d&rsquo;Filles de Susie Morgenstern<\/p>\n","protected":false},"excerpt":{"rendered":"<p>Avec un soleil pareil ce samedi (surtout \u00e0 Paris mais pas que), on se serait cru en plein mois de juillet&#8230; Un mois de juillet, au bord de l&rsquo;eau par exemple ? Sur un yatch ? Pourquoi pas, surtout si c&rsquo;est pour suivre les aventures d&rsquo;une petite jeune fille \u00e9prise de libert\u00e9 n\u00e9e sous les [&hellip;]<\/p>\n","protected":false},"author":1,"featured_media":0,"comment_status":"open","ping_status":"open","sticky":false,"template":"","format":"standard","meta":{"ngg_post_thumbnail":0},"categories":[3,11],"tags":[23,58,190],"_links":{"self":[{"href":"https:\/\/la-licorne-a-lunettes.fr\/index.php\/wp-json\/wp\/v2\/posts\/4757"}],"collection":[{"href":"https:\/\/la-licorne-a-lunettes.fr\/index.php\/wp-json\/wp\/v2\/posts"}],"about":[{"href":"https:\/\/la-licorne-a-lunettes.fr\/index.php\/wp-json\/wp\/v2\/types\/post"}],"author":[{"embeddable":true,"href":"https:\/\/la-licorne-a-lunettes.fr\/index.php\/wp-json\/wp\/v2\/users\/1"}],"replies":[{"embeddable":true,"href":"https:\/\/la-licorne-a-lunettes.fr\/index.php\/wp-json\/wp\/v2\/comments?post=4757"}],"version-history":[{"count":8,"href":"https:\/\/la-licorne-a-lunettes.fr\/index.php\/wp-json\/wp\/v2\/posts\/4757\/revisions"}],"predecessor-version":[{"id":4886,"href":"https:\/\/la-licorne-a-lunettes.fr\/index.php\/wp-json\/wp\/v2\/posts\/4757\/revisions\/4886"}],"wp:attachment":[{"href":"https:\/\/la-licorne-a-lunettes.fr\/index.php\/wp-json\/wp\/v2\/media?parent=4757"}],"wp:term":[{"taxonomy":"category","embeddable":true,"href":"https:\/\/la-licorne-a-lunettes.fr\/index.php\/wp-json\/wp\/v2\/categories?post=4757"},{"taxonomy":"post_tag","embeddable":true,"href":"https:\/\/la-licorne-a-lunettes.fr\/index.php\/wp-json\/wp\/v2\/tags?post=4757"}],"curies":[{"name":"wp","href":"https:\/\/api.w.org\/{rel}","templated":true}]}}