{"id":4218,"date":"2018-05-12T15:57:05","date_gmt":"2018-05-12T14:57:05","guid":{"rendered":"http:\/\/la-licorne-a-lunettes.fr\/?p=4218"},"modified":"2018-05-12T15:58:53","modified_gmt":"2018-05-12T14:58:53","slug":"cest-pour-qui","status":"publish","type":"post","link":"https:\/\/la-licorne-a-lunettes.fr\/index.php\/2018\/05\/12\/cest-pour-qui\/","title":{"rendered":"C&rsquo;est pour qui ?"},"content":{"rendered":"<p><img loading=\"lazy\" class=\"alignleft size-medium wp-image-4224\" src=\"http:\/\/la-licorne-a-lunettes.fr\/wp-content\/uploads\/2018\/05\/cest-pour-qui-300x300.gif\" alt=\"\" width=\"300\" height=\"300\" srcset=\"https:\/\/la-licorne-a-lunettes.fr\/wp-content\/uploads\/2018\/05\/cest-pour-qui-300x300.gif 300w, https:\/\/la-licorne-a-lunettes.fr\/wp-content\/uploads\/2018\/05\/cest-pour-qui-150x150.gif 150w, https:\/\/la-licorne-a-lunettes.fr\/wp-content\/uploads\/2018\/05\/cest-pour-qui-100x100.gif 100w, https:\/\/la-licorne-a-lunettes.fr\/wp-content\/uploads\/2018\/05\/cest-pour-qui-200x200.gif 200w\" sizes=\"(max-width: 300px) 100vw, 300px\" \/><\/p>\n<p>Et une cuill\u00e8re pour maman !<\/p>\n<p>Une pour papa ! Une pour Tata Chaussette ! Une pour TontonRic ! Et une pour M\u00e9m\u00e9 Dentier !&nbsp;<\/p>\n<p>Ahhh le sempiternelle rituel du \u00ab\u00a0so\u00fbper\u00a0\u00bb avec nos bambins ! Un moment de joie et de d\u00e9tente \u00e0 table, n&rsquo;est-ce pas ? \ud83d\ude09<\/p>\n<p>Oui, car voil\u00e0, il s&rsquo;agit bien de manger sa soupe !<\/p>\n<p>La bonne sou-soupe pleine de vitamines pour grandir tout plein (sans arriver au gros plein de soupe, bien s\u00fbr) et&#8230; pouvoir attraper le bocal de bonbons en haut du placard (Hein ? Non ? Ce n&rsquo;est pas pour \u00e7a ? Et alors, ce serait pour quoi sinon ?)<\/p>\n<p>Mais voil\u00e0, l&rsquo;enfant, si parfait soit-il, (clin d&rsquo;oeil aux auteurs en tout subtilit\u00e9), ne veut pas la manger, la-dite sou-soupe.<\/p>\n<p>Incroyable non ?&nbsp;Riposte imparable de la m\u00e8re (et qu&rsquo;on a tous fait, d&rsquo;une mani\u00e8re ou d&rsquo;une autre, si si), LA menace terrible : LE LOUP !<!--more--><\/p>\n<blockquote><p>&#8211; C&rsquo;est pour qui &nbsp;la bonne soupe ?<br \/>\n&#8211; J&rsquo;aime pas la soupe !<br \/>\n&#8211; Go\u00fbte, au moins !&nbsp;<br \/>\n&#8211; J&rsquo;ai pas faim !<\/p><\/blockquote>\n<p><img loading=\"lazy\" class=\"aligncenter wp-image-4246 size-large\" src=\"http:\/\/la-licorne-a-lunettes.fr\/wp-content\/uploads\/2018\/05\/cest-pour-qui-inter1-1024x508.jpg\" alt=\"\" width=\"665\" height=\"330\" srcset=\"https:\/\/la-licorne-a-lunettes.fr\/wp-content\/uploads\/2018\/05\/cest-pour-qui-inter1-1024x508.jpg 1024w, https:\/\/la-licorne-a-lunettes.fr\/wp-content\/uploads\/2018\/05\/cest-pour-qui-inter1-300x149.jpg 300w, https:\/\/la-licorne-a-lunettes.fr\/wp-content\/uploads\/2018\/05\/cest-pour-qui-inter1-768x381.jpg 768w\" sizes=\"(max-width: 665px) 100vw, 665px\" \/><\/p>\n<p>Tremble cuill\u00e8re inactive, frissonne enfant incr\u00e9dule !<\/p>\n<p>Mais l&rsquo;enfant n&rsquo;y croit pas&#8230; M\u00eame pas peur. Tiens, tiens, \u00e7a me rappelle un certain Pierre qui ne voulait pas manger sa soupe et qui n&rsquo;avait pas peur d&rsquo;une effroyable&nbsp;<a href=\"http:\/\/la-licorne-a-lunettes.fr\/index.php\/2016\/10\/23\/cornebidouille\/\" target=\"_blank\" rel=\"noopener\">Cornebidouille<\/a>, mais \u00e7a, c&rsquo;est une autre histoire&#8230; &nbsp;\ud83d\ude09<\/p>\n<p>Toc, toc, toc, mais qui est l\u00e0 ? Le loup qui te mangera, disait Zazie. Et bien voil\u00e0, c&rsquo;est arriv\u00e9, le loup arrive et \u00e7a va barder pour l&rsquo;enfant r\u00e9calcitrant au consomm\u00e9 de l\u00e9gumes vari\u00e9s, je peux te dire ! Ou pas&#8230;<\/p>\n<p>Et si le loup n&rsquo;aimait pas la soupe ? Et s&rsquo;il fallait convoquer l&rsquo;Ogre ? Brrr, on en fr\u00e9mit d&rsquo;avance.<\/p>\n<p><img loading=\"lazy\" class=\"wp-image-4247  alignleft\" src=\"http:\/\/la-licorne-a-lunettes.fr\/wp-content\/uploads\/2018\/05\/cest-pour-qui-inter2-300x165.jpg\" alt=\"\" width=\"287\" height=\"158\" srcset=\"https:\/\/la-licorne-a-lunettes.fr\/wp-content\/uploads\/2018\/05\/cest-pour-qui-inter2-300x165.jpg 300w, https:\/\/la-licorne-a-lunettes.fr\/wp-content\/uploads\/2018\/05\/cest-pour-qui-inter2-768x422.jpg 768w, https:\/\/la-licorne-a-lunettes.fr\/wp-content\/uploads\/2018\/05\/cest-pour-qui-inter2-1024x563.jpg 1024w\" sizes=\"(max-width: 287px) 100vw, 287px\" \/><\/p>\n<p><img loading=\"lazy\" class=\" wp-image-4245 alignleft\" src=\"http:\/\/la-licorne-a-lunettes.fr\/wp-content\/uploads\/2018\/05\/cest-pour-qui-inter-3-300x151.jpg\" alt=\"\" width=\"310\" height=\"156\" srcset=\"https:\/\/la-licorne-a-lunettes.fr\/wp-content\/uploads\/2018\/05\/cest-pour-qui-inter-3-300x151.jpg 300w, https:\/\/la-licorne-a-lunettes.fr\/wp-content\/uploads\/2018\/05\/cest-pour-qui-inter-3-768x387.jpg 768w, https:\/\/la-licorne-a-lunettes.fr\/wp-content\/uploads\/2018\/05\/cest-pour-qui-inter-3-1024x516.jpg 1024w\" sizes=\"(max-width: 310px) 100vw, 310px\" \/><\/p>\n<p>&nbsp;<\/p>\n<p>&nbsp;<\/p>\n<p>&nbsp;<\/p>\n<p>&nbsp;<\/p>\n<p>&nbsp;<\/p>\n<p>On aime ! On adore ! On l&rsquo;a d\u00e9vor\u00e9 !<\/p>\n<p>Encore une r\u00e9ussite de ce couple si cr\u00e9atif : les mots d&rsquo;humour de Micha\u00ebl Escoffier s&rsquo;accordent parfaitement aux illustrations tendres et d&rsquo;une justesse implacable de Mathieu Maudet. Son trait simple, et non simpliste, est si efficace pour croquer les expressions de ces personnages, c&rsquo;est absolument g\u00e9nial ! Ces deux gredins vont bien ensemble et sont bien partis pour nous cr\u00e9er tout un univers d\u00e9sopilant pour les prochaines d\u00e9cennies. On en veut encore !<\/p>\n<p>Un album cartonn\u00e9, tr\u00e8s facile \u00e0 manipuler par les plus petits, avec une vraie histoire, pas quelques pages dessin\u00e9es. C&rsquo;est dr\u00f4le, c&rsquo;est coquin, c&rsquo;est tendre et on en reprend plusieurs fois car le sursaut final est totalement d\u00e9sopilant !<\/p>\n<p class=\"p1\">\u00c0&nbsp;d\u00e9guster matin, midi, go\u00fbter et soir sans aucune mod\u00e9ration, ce r\u00e9gime pour toute la famille ne fera grossir que votre app\u00e9tit pour les ouvrages de ces deux artistes de talent !<\/p>\n<p>Pour savoir dans quel estomac a finit la bonne sou-soupe, je t&rsquo;invite toi lecteur gourmand, \u00e0 te ruer chez ton meilleur libraire au plus vite &#8211; et pas plus tard que maintenant &#8211; pour engloutir la fin de l&rsquo;histoire.<\/p>\n<p>C&rsquo;est fin, c&rsquo;est tr\u00e8s fin, \u00e7a se mange sans fin&#8230; \ud83d\ude09<\/p>\n<p><strong>Auteur : Micha\u00ebl ESCOFFIER<\/strong><br \/>\n<strong>Illustrateur : Mathieu MAUDET<\/strong><br \/>\n<strong>Edition : <a href=\"https:\/\/www.ecoledesloisirs.fr\/livre\/cest-qui-0\" target=\"_blank\" rel=\"noopener\">L&rsquo;\u00e9cole des loisirs<\/a> &#8211; Album cartonn\u00e9 &#8211; Collection Loulou et Cie &#8211; 36 pages &#8211; 10,50 euros<\/strong><br \/>\n<strong>Ann\u00e9e : Mars 2018<\/strong><\/p>\n<p>&#8212;&#8212;&#8212;&#8212;&#8212;&#8212;&#8212;&#8212;&#8212;&#8212;-<\/p>\n<p><img loading=\"lazy\" class=\"wp-image-1265 alignleft\" src=\"http:\/\/la-licorne-a-lunettes.fr\/wp-content\/uploads\/2016\/09\/Michael-Escoffier-230x300.jpg\" alt=\"\" width=\"130\" height=\"170\" srcset=\"https:\/\/la-licorne-a-lunettes.fr\/wp-content\/uploads\/2016\/09\/Michael-Escoffier-230x300.jpg 230w, https:\/\/la-licorne-a-lunettes.fr\/wp-content\/uploads\/2016\/09\/Michael-Escoffier.jpg 380w\" sizes=\"(max-width: 130px) 100vw, 130px\" \/><\/p>\n<p>&nbsp;<\/p>\n<p>&nbsp;<\/p>\n<p>Interview Express de Micha\u00ebl Escoffier qui nous parle de ses lectures d&rsquo;enfance <a href=\"http:\/\/la-licorne-a-lunettes.fr\/index.php\/2016\/09\/13\/michael-escoffier-nous-confie-ou-presque-ses-souvenirs-de-lectures-denfance\/\" target=\"_blank\" rel=\"noopener\">en cliquant ici<\/a><\/p>\n<p>&nbsp;<\/p>\n<p>&nbsp;<\/p>\n<p>&#8212;&#8212;&#8212;&#8212;&#8212;&#8212;&#8212;&#8212;&#8212;&#8212;-<\/p>\n<p>Un petit teaser video sur \u00ab\u00a0C&rsquo;est pour qui ?\u00a0\u00bb<\/p>\n<p><iframe loading=\"lazy\" src=\"https:\/\/www.youtube.com\/embed\/J4ZQbe4CGK4\" width=\"560\" height=\"315\" frameborder=\"0\" allowfullscreen=\"allowfullscreen\"><\/iframe><\/p>\n<p>Voir un interview video de Mathieu Maudet \u00e0 propos du travail de collaboration avec Micha\u00ebl Escoffier pour \u00ab\u00a0Un enfant parfait\u00a0\u00bb (L&rsquo;\u00e9cole des loisirs)<\/p>\n<p><iframe loading=\"lazy\" src=\"https:\/\/www.youtube.com\/embed\/pqeNboMt6bk\" width=\"560\" height=\"315\" frameborder=\"0\" allowfullscreen=\"allowfullscreen\"><\/iframe><\/p>\n<p>&#8212;&#8212;&#8212;&#8212;&#8212;&#8212;&#8212;&#8212;&#8212;&#8212;-<\/p>\n<p>Du m\u00eame duo :&nbsp;<br \/>\n&#8211;&nbsp;Tous les mots n\u2019existent pas&nbsp;chez Frimousse (<a href=\"http:\/\/la-licorne-a-lunettes.fr\/index.php\/2016\/10\/27\/tous-les-mots-nexistent-pas\/\" target=\"_blank\" rel=\"noopener\">chroniqu\u00e9 ici<\/a>)<br \/>\n\u2013 Ab et C\u00e9<br \/>\n\u2013 Un enfant parfait<br \/>\n\u2013 la s\u00e9rie \u201cBonjour\u2026\u201d Bonjour Pompier, Bonjour Facteur\u2026 <iframe loading=\"lazy\" src=\"https:\/\/www.youtube.com\/embed\/Em8ckEoHok8\" width=\"560\" height=\"315\" frameborder=\"0\" allowfullscreen=\"allowfullscreen\"><\/iframe><br \/>\n\u2013 Le \u00e7a<br \/>\n\u2013 Le moustoc<br \/>\n\u2013 L\u2019animaux<br \/>\n\u2013 La crocinelle<br \/>\n\u2013 Au secours<br \/>\n\u2013 Allo V\u00e9nus<br \/>\n\u2013 Un mammouth dans le frigo<\/p>\n<p>Du m\u00eame auteur (s\u00e9lection non exhaustive) :&nbsp;<br \/>\n&#8211; Le jour o\u00f9 j&rsquo;ai perdu mes super-pouvoirs avec Kris di Giacomo \u00e0 L&rsquo;\u00e9cole des loisirs (<a href=\"http:\/\/la-licorne-a-lunettes.fr\/index.php\/2016\/05\/23\/le-jour-ou-jai-perdu-mes-super-pouvoirs\/\" target=\"_blank\" rel=\"noopener\">chroniqu\u00e9 ici<\/a>)<br \/>\n&#8211; Les Groneuneux avec Julia Weber chez Frimousse (<a href=\"http:\/\/la-licorne-a-lunettes.fr\/index.php\/2016\/11\/15\/les-groneuneux\/\" target=\"_blank\" rel=\"noopener\">chroniqu\u00e9 ici<\/a>)<br \/>\n\u2013&nbsp;La mouche qui p\u00e8te<br \/>\n\u2013&nbsp;Grododo<br \/>\n\u2013&nbsp;Sans le A<br \/>\n\u2013&nbsp;La tarte aux f\u00e9es<br \/>\n\u2013&nbsp;Le noeud de la girafe<br \/>\n\u2013&nbsp;Le loup tralala<br \/>\n\u2013 Trois petits rien<br \/>\n\u2013 L\u2019anniversaire<br \/>\n\u2013 L\u2019histoire de la petite fourmi\u2026<\/p>\n<p class=\"p1\">Avec El\u00e9onore THUILLIER<br \/>\n\u2013&nbsp;Le grand Lapin Blanc<br \/>\n\u2013 Le gentil p\u2019tit lapin<br \/>\n\u2013 Le lapin magicien<br \/>\n\u2013 La bo\u00eete au tr\u00e9sor<br \/>\n\u2013&nbsp;Un mammouth dans le frigo<\/p>\n<p>Et encore avec Cl\u00e9ment&nbsp;LEFEVRE<br \/>\n\u2013&nbsp;La ma\u00eetresse vient de Mars<br \/>\n\u2013 Le pitou<br \/>\n\u2013&nbsp;La ma\u00eetresse vient de Mars<\/p>\n<p>&nbsp;<\/p>\n<p><iframe loading=\"lazy\" src=\"https:\/\/www.youtube.com\/embed\/P-zsTBwrQPQ\" width=\"560\" height=\"315\" frameborder=\"0\" allowfullscreen=\"allowfullscreen\"><\/iframe><\/p>\n<p>&nbsp;Du m\u00eame illustrateur (non exhaustif tant il est cr\u00e9atif) :&nbsp;<br \/>\n&#8211; Y a un loup<br \/>\n&#8211; Les chaussettes<br \/>\n&#8211; Le voleur de couleurs<br \/>\n&#8211; J&rsquo;y vais<br \/>\n&#8211; Les trois petits casse-pieds<br \/>\n&#8211; Disparais !<br \/>\n&#8211;&nbsp;\u00c7a n&rsquo;existe pas<br \/>\n\u2013 Le retour de l\u2019ogre<br \/>\n\u2013 Nous, quand on sera grand<br \/>\n\u2013 Les orteils n\u2019ont pas de nom<br \/>\n\u2013 Gros pif<\/p>\n","protected":false},"excerpt":{"rendered":"<p>Et une cuill\u00e8re pour maman ! Une pour papa ! Une pour Tata Chaussette ! Une pour TontonRic ! Et une pour M\u00e9m\u00e9 Dentier !&nbsp; Ahhh le sempiternelle rituel du \u00ab\u00a0so\u00fbper\u00a0\u00bb avec nos bambins ! Un moment de joie et de d\u00e9tente \u00e0 table, n&rsquo;est-ce pas ? \ud83d\ude09 Oui, car voil\u00e0, il s&rsquo;agit bien de [&hellip;]<\/p>\n","protected":false},"author":1,"featured_media":0,"comment_status":"open","ping_status":"open","sticky":false,"template":"","format":"standard","meta":{"ngg_post_thumbnail":0},"categories":[16,17,45,61],"tags":[7,6,184,97,321,320,66],"_links":{"self":[{"href":"https:\/\/la-licorne-a-lunettes.fr\/index.php\/wp-json\/wp\/v2\/posts\/4218"}],"collection":[{"href":"https:\/\/la-licorne-a-lunettes.fr\/index.php\/wp-json\/wp\/v2\/posts"}],"about":[{"href":"https:\/\/la-licorne-a-lunettes.fr\/index.php\/wp-json\/wp\/v2\/types\/post"}],"author":[{"embeddable":true,"href":"https:\/\/la-licorne-a-lunettes.fr\/index.php\/wp-json\/wp\/v2\/users\/1"}],"replies":[{"embeddable":true,"href":"https:\/\/la-licorne-a-lunettes.fr\/index.php\/wp-json\/wp\/v2\/comments?post=4218"}],"version-history":[{"count":18,"href":"https:\/\/la-licorne-a-lunettes.fr\/index.php\/wp-json\/wp\/v2\/posts\/4218\/revisions"}],"predecessor-version":[{"id":4251,"href":"https:\/\/la-licorne-a-lunettes.fr\/index.php\/wp-json\/wp\/v2\/posts\/4218\/revisions\/4251"}],"wp:attachment":[{"href":"https:\/\/la-licorne-a-lunettes.fr\/index.php\/wp-json\/wp\/v2\/media?parent=4218"}],"wp:term":[{"taxonomy":"category","embeddable":true,"href":"https:\/\/la-licorne-a-lunettes.fr\/index.php\/wp-json\/wp\/v2\/categories?post=4218"},{"taxonomy":"post_tag","embeddable":true,"href":"https:\/\/la-licorne-a-lunettes.fr\/index.php\/wp-json\/wp\/v2\/tags?post=4218"}],"curies":[{"name":"wp","href":"https:\/\/api.w.org\/{rel}","templated":true}]}}