{"id":4213,"date":"2017-11-15T15:43:36","date_gmt":"2017-11-15T14:43:36","guid":{"rendered":"http:\/\/la-licorne-a-lunettes.fr\/?p=4213"},"modified":"2018-05-08T15:48:12","modified_gmt":"2018-05-08T14:48:12","slug":"le-petit-chaperon-rouge","status":"publish","type":"post","link":"https:\/\/la-licorne-a-lunettes.fr\/index.php\/2017\/11\/15\/le-petit-chaperon-rouge\/","title":{"rendered":"Le petit chaperon rouge"},"content":{"rendered":"<p><img loading=\"lazy\" class=\"alignleft size-medium wp-image-4214\" src=\"http:\/\/la-licorne-a-lunettes.fr\/wp-content\/uploads\/2018\/05\/Le-petit-chaperon-rouge-240x300.jpg\" alt=\"\" width=\"240\" height=\"300\" srcset=\"https:\/\/la-licorne-a-lunettes.fr\/wp-content\/uploads\/2018\/05\/Le-petit-chaperon-rouge-240x300.jpg 240w, https:\/\/la-licorne-a-lunettes.fr\/wp-content\/uploads\/2018\/05\/Le-petit-chaperon-rouge-768x958.jpg 768w, https:\/\/la-licorne-a-lunettes.fr\/wp-content\/uploads\/2018\/05\/Le-petit-chaperon-rouge-821x1024.jpg 821w, https:\/\/la-licorne-a-lunettes.fr\/wp-content\/uploads\/2018\/05\/Le-petit-chaperon-rouge.jpg 1500w\" sizes=\"(max-width: 240px) 100vw, 240px\" \/>Forc\u00e9ment en fouillant dans les bacs la couverture a fait tilt dans mon (petit) cerveau. \u00ab\u00a0Ohhh mais \u00e7a me rappelle&#8230; Le Mot Interdit&#8230; bon sang mais c&rsquo;est bien s\u00fbr !\u00a0\u00bb (vieux cerveau).<\/p>\n<p>Vous avez s\u00fbrement lu ce fameux J&rsquo;aime Lire \u00e9crit par Nicolas de Hirshching et \u00e9t\u00e9 tourment\u00e9 vous aussi comme Thierry face \u00e0 la soci\u00e9t\u00e9 Tout-Gratis. Un univers fantastique d\u00e9rangeant et qui marque la vie d&rsquo;un jeune lecteur&#8230;<\/p>\n<p>Ici, l&rsquo;illustrateur passe au texte et revisite le conte traditionnel avec ce qu&rsquo;il faut d&rsquo;inqui\u00e9tant. Pour se faire doucement peur mais s\u00fbrement&#8230;<\/p>\n<p>J&rsquo;ai \u00e9t\u00e9 tr\u00e8s troubl\u00e9e par la d\u00e9dicace \u00e0 l&rsquo;ouverture \u00ab\u00a0<em>A la petite fille qui ne viendra pas&#8230;<\/em>\u00a0\u00bb<\/p>\n<p>Ce livre m&rsquo;a appel\u00e9.<\/p>\n<p><strong>Auteur \/&nbsp;Illustrateur : Jean CLAVERIE<\/strong><br \/>\n<strong>Edition : Mijade &#8211; Album &#8211; 32 pages &#8211; 5,20 euros<\/strong><br \/>\n<strong>Ann\u00e9e : 1994<\/strong><\/p>\n","protected":false},"excerpt":{"rendered":"<p>Forc\u00e9ment en fouillant dans les bacs la couverture a fait tilt dans mon (petit) cerveau. \u00ab\u00a0Ohhh mais \u00e7a me rappelle&#8230; Le Mot Interdit&#8230; bon sang mais c&rsquo;est bien s\u00fbr !\u00a0\u00bb (vieux cerveau). Vous avez s\u00fbrement lu ce fameux J&rsquo;aime Lire \u00e9crit par Nicolas de Hirshching et \u00e9t\u00e9 tourment\u00e9 vous aussi comme Thierry face \u00e0 la [&hellip;]<\/p>\n","protected":false},"author":1,"featured_media":0,"comment_status":"open","ping_status":"open","sticky":false,"template":"","format":"standard","meta":{"ngg_post_thumbnail":0},"categories":[17,3,45],"tags":[52,67,97,191],"_links":{"self":[{"href":"https:\/\/la-licorne-a-lunettes.fr\/index.php\/wp-json\/wp\/v2\/posts\/4213"}],"collection":[{"href":"https:\/\/la-licorne-a-lunettes.fr\/index.php\/wp-json\/wp\/v2\/posts"}],"about":[{"href":"https:\/\/la-licorne-a-lunettes.fr\/index.php\/wp-json\/wp\/v2\/types\/post"}],"author":[{"embeddable":true,"href":"https:\/\/la-licorne-a-lunettes.fr\/index.php\/wp-json\/wp\/v2\/users\/1"}],"replies":[{"embeddable":true,"href":"https:\/\/la-licorne-a-lunettes.fr\/index.php\/wp-json\/wp\/v2\/comments?post=4213"}],"version-history":[{"count":1,"href":"https:\/\/la-licorne-a-lunettes.fr\/index.php\/wp-json\/wp\/v2\/posts\/4213\/revisions"}],"predecessor-version":[{"id":4215,"href":"https:\/\/la-licorne-a-lunettes.fr\/index.php\/wp-json\/wp\/v2\/posts\/4213\/revisions\/4215"}],"wp:attachment":[{"href":"https:\/\/la-licorne-a-lunettes.fr\/index.php\/wp-json\/wp\/v2\/media?parent=4213"}],"wp:term":[{"taxonomy":"category","embeddable":true,"href":"https:\/\/la-licorne-a-lunettes.fr\/index.php\/wp-json\/wp\/v2\/categories?post=4213"},{"taxonomy":"post_tag","embeddable":true,"href":"https:\/\/la-licorne-a-lunettes.fr\/index.php\/wp-json\/wp\/v2\/tags?post=4213"}],"curies":[{"name":"wp","href":"https:\/\/api.w.org\/{rel}","templated":true}]}}