{"id":4193,"date":"2018-06-03T22:22:37","date_gmt":"2018-06-03T21:22:37","guid":{"rendered":"http:\/\/la-licorne-a-lunettes.fr\/?p=4193"},"modified":"2018-06-03T22:35:39","modified_gmt":"2018-06-03T21:35:39","slug":"chaque-jour-dracula","status":"publish","type":"post","link":"https:\/\/la-licorne-a-lunettes.fr\/index.php\/2018\/06\/03\/chaque-jour-dracula\/","title":{"rendered":"Chaque jour Dracula"},"content":{"rendered":"<figure id=\"attachment_4194\" aria-describedby=\"caption-attachment-4194\" style=\"width: 226px\" class=\"wp-caption alignleft\"><img loading=\"lazy\" class=\"size-medium wp-image-4194\" src=\"http:\/\/la-licorne-a-lunettes.fr\/wp-content\/uploads\/2018\/05\/chaque-jour-dracula-226x300.jpg\" alt=\"\" width=\"226\" height=\"300\" srcset=\"https:\/\/la-licorne-a-lunettes.fr\/wp-content\/uploads\/2018\/05\/chaque-jour-dracula-226x300.jpg 226w, https:\/\/la-licorne-a-lunettes.fr\/wp-content\/uploads\/2018\/05\/chaque-jour-dracula.jpg 397w\" sizes=\"(max-width: 226px) 100vw, 226px\" \/><figcaption id=\"caption-attachment-4194\" class=\"wp-caption-text\">(c) Delcourt<\/figcaption><\/figure>\n<p>Les histoires de vampires, \u00e7a vous fait peur ? Et si justement, cette histoire l\u00e0, celle du petit Dracula, nous racontait l&rsquo;histoire d&rsquo;une autre peur ? Une peur visc\u00e9rale, difficile \u00e0 nommer, une peur honteuse qu&rsquo;on cherche \u00e0 \u00e9touffer pour essayer de survivre : la peur de la violence des autres \u00e0 son endroit.&nbsp;<\/p>\n<p>C&rsquo;est exactement le sujet que Lo\u00efc Cl\u00e9ment et Cl\u00e9ment Lef\u00e8vre nous pr\u00e9sente dans cette bande dessin\u00e9e pleine de tendresse et d&rsquo;\u00e9motions : le harc\u00e8lement scolaire. Il fallait oser et c&rsquo;est r\u00e9ussi, on est touch\u00e9.<\/p>\n<p>Et si un livre, une BD avec ses images qui montrent sans toujours nommer, permettait d&rsquo;ouvrir la discussion sur un sujet grave et trop souvent tabou ?<!--more--><\/p>\n<p>L&rsquo;acceptation de la diff\u00e9rence, le respect d&rsquo;autrui, le vivre ensemble, des notions parfois abstraites du quotidien de nos bambins : la cour de l&rsquo;\u00e9cole peut vite devenir un enfer pour les plus fragiles, ou du moins, les plus sensibles.<\/p>\n<figure id=\"attachment_4195\" aria-describedby=\"caption-attachment-4195\" style=\"width: 228px\" class=\"wp-caption alignright\"><img loading=\"lazy\" class=\"size-medium wp-image-4195\" src=\"http:\/\/la-licorne-a-lunettes.fr\/wp-content\/uploads\/2018\/05\/chaqueJourDracula-1-228x300.jpg\" alt=\"\" width=\"228\" height=\"300\" srcset=\"https:\/\/la-licorne-a-lunettes.fr\/wp-content\/uploads\/2018\/05\/chaqueJourDracula-1-228x300.jpg 228w, https:\/\/la-licorne-a-lunettes.fr\/wp-content\/uploads\/2018\/05\/chaqueJourDracula-1-768x1012.jpg 768w, https:\/\/la-licorne-a-lunettes.fr\/wp-content\/uploads\/2018\/05\/chaqueJourDracula-1-777x1024.jpg 777w, https:\/\/la-licorne-a-lunettes.fr\/wp-content\/uploads\/2018\/05\/chaqueJourDracula-1.jpg 900w\" sizes=\"(max-width: 228px) 100vw, 228px\" \/><figcaption id=\"caption-attachment-4195\" class=\"wp-caption-text\">(c) Delcourt<\/figcaption><\/figure>\n<p>Et si donc, une figure de l&rsquo;\u00e9pouvante telle que Dracula, cet \u00eatre impressionnant, cachait l&rsquo;histoire d&rsquo;un enfant maltrait\u00e9 par ses petits camarades ? &nbsp;L&rsquo;adorable petite bouille de ce petit \u00eatre \u00e0 la peau diaphane nous emporte dans un univers loin des images grandguignolesques. Il s&rsquo;agit d&rsquo;un conte fantastique, certes, mais teint\u00e9 d&rsquo;une r\u00e9alit\u00e9 tout aussi effroyable, car malheureusement, ces situations arrivent tr\u00e8s fr\u00e9quemment autour de nous.<\/p>\n<p>On suit donc le parcours du jeune Dracula face aux brimades quotidiennes d&rsquo;une petite bande de brutes sans coeur et sans courage. Chaque jour, le petit vampire part \u00e0 l&rsquo;\u00e9cole la boule au ventre, il ne comprend pas pourquoi les autres s&rsquo;acharnent sur lui, et personne ne semble voir la violence gratuite dont il fait les frais. Certes, il est diff\u00e9rent mais est-ce une raison suffisante pour qu\u2019il subisse ce harc\u00e8lement constant ? Comment y rem\u00e9dier ? Le premier r\u00e9flexe est de s&rsquo;enfermer dans le silence.<\/p>\n<blockquote><p>Le mutisme est parfois une fa\u00e7on de laisser le mal \u00e0 l&rsquo;ext\u00e9rieur.<\/p><\/blockquote>\n<p>Mais la douleur s&rsquo;intensifie. Un soir, il franchit le pas et en parle \u00e0 son p\u00e8re. Celui-ci, apr\u00e8s avoir encaiss\u00e9 le coup de cette r\u00e9v\u00e9lation qui le culpabilise, tente de lui conseiller de r\u00e9agir avec plus d&rsquo;intelligence que ses bourreaux.<\/p>\n<blockquote><p>(&#8230;) ceux qui ricanent des autres sont souvent au fond d&rsquo;eux des gens malheureux.<\/p><\/blockquote>\n<p><img loading=\"lazy\" class=\"size-medium wp-image-4196\" src=\"http:\/\/la-licorne-a-lunettes.fr\/wp-content\/uploads\/2018\/05\/chaqueJourDracula-2-228x300.jpg\" alt=\"\" width=\"228\" height=\"300\" srcset=\"https:\/\/la-licorne-a-lunettes.fr\/wp-content\/uploads\/2018\/05\/chaqueJourDracula-2-228x300.jpg 228w, https:\/\/la-licorne-a-lunettes.fr\/wp-content\/uploads\/2018\/05\/chaqueJourDracula-2-768x1012.jpg 768w, https:\/\/la-licorne-a-lunettes.fr\/wp-content\/uploads\/2018\/05\/chaqueJourDracula-2-777x1024.jpg 777w, https:\/\/la-licorne-a-lunettes.fr\/wp-content\/uploads\/2018\/05\/chaqueJourDracula-2.jpg 900w\" sizes=\"(max-width: 228px) 100vw, 228px\" \/>&nbsp;&nbsp;<img loading=\"lazy\" class=\"size-medium wp-image-4197\" style=\"line-height: 1.5;\" src=\"http:\/\/la-licorne-a-lunettes.fr\/wp-content\/uploads\/2018\/05\/chaqueJourDracula-3-228x300.jpg\" alt=\"\" width=\"228\" height=\"300\" srcset=\"https:\/\/la-licorne-a-lunettes.fr\/wp-content\/uploads\/2018\/05\/chaqueJourDracula-3-228x300.jpg 228w, https:\/\/la-licorne-a-lunettes.fr\/wp-content\/uploads\/2018\/05\/chaqueJourDracula-3-768x1012.jpg 768w, https:\/\/la-licorne-a-lunettes.fr\/wp-content\/uploads\/2018\/05\/chaqueJourDracula-3-777x1024.jpg 777w, https:\/\/la-licorne-a-lunettes.fr\/wp-content\/uploads\/2018\/05\/chaqueJourDracula-3.jpg 900w\" sizes=\"(max-width: 228px) 100vw, 228px\" \/><\/p>\n<p>Mais ce n&rsquo;est pas suffisant et le retour de b\u00e2ton est encore plus terrible, au point que Dracula ne veut plus aller \u00e0 l&rsquo;\u00e9cole. Une sonnette d&rsquo;alarme pour son p\u00e8re. Il faut changer de tactique afin de sauver son enfant de cette torture : lui redonner confiance en lui.<\/p>\n<blockquote><p>(&#8230;) l&rsquo;aider \u00e0 croire en lui pour qu&rsquo;il puisse se d\u00e9fendre tout seul.<\/p><\/blockquote>\n<p>C&rsquo;est alors que le livre prend toute sa force : c&rsquo;est un pont, entre les enfants et les adultes, une occasion de lib\u00e9rer la parole sur un sujet qui touche au plus profond de son \u00eatre.<\/p>\n<p><img loading=\"lazy\" class=\"size-medium wp-image-4198 alignright\" src=\"http:\/\/la-licorne-a-lunettes.fr\/wp-content\/uploads\/2018\/05\/chaqueJourDracula-4-228x300.jpg\" alt=\"\" width=\"228\" height=\"300\" srcset=\"https:\/\/la-licorne-a-lunettes.fr\/wp-content\/uploads\/2018\/05\/chaqueJourDracula-4-228x300.jpg 228w, https:\/\/la-licorne-a-lunettes.fr\/wp-content\/uploads\/2018\/05\/chaqueJourDracula-4-768x1012.jpg 768w, https:\/\/la-licorne-a-lunettes.fr\/wp-content\/uploads\/2018\/05\/chaqueJourDracula-4-777x1024.jpg 777w, https:\/\/la-licorne-a-lunettes.fr\/wp-content\/uploads\/2018\/05\/chaqueJourDracula-4.jpg 900w\" sizes=\"(max-width: 228px) 100vw, 228px\" \/><\/p>\n<p>L&rsquo;univers graphique est soign\u00e9, tout comme le travail sur la lumi\u00e8re afin de traduire les diff\u00e9rentes \u00e9motions des personnages. Un sujet grave trait\u00e9 avec subtilit\u00e9 et \u00e0 hauteur d&rsquo;enfant.<\/p>\n<p><strong>Sc\u00e9nario : Lo\u00efc CLEMENT<\/strong><br \/>\n<strong>Dessins &amp; Couleurs : Cl\u00e9ment LEFEVRE<\/strong><br \/>\n<strong>Edition : <a href=\"https:\/\/www.editions-delcourt.fr\/serie\/chaque-jour-dracula.html\" target=\"_blank\" rel=\"noopener\">DELCOURT Jeunesse<\/a>&#8211; BD &#8211; 40 pages &nbsp;&#8211; 10,95 euros<\/strong><br \/>\n<strong>Ann\u00e9e : Avril 2018<\/strong><\/p>\n<p>&#8212;&#8212;&#8212;&#8212;&#8212;-<\/p>\n<p>Du m\u00eame auteur :&nbsp;<br \/>\n&#8211; Chaussette illustr\u00e9 par Anne Montel chez <a href=\"https:\/\/www.editions-delcourt.fr\/serie\/chaussette.html\" target=\"_blank\" rel=\"noopener\">Delcourt<\/a><br \/>\n&#8211; Le voleur de souhaits illustr\u00e9 par Gatignol chez Delcourt<br \/>\n&#8211; Les jours sucr\u00e9s illustr\u00e9 par Anne Montel chez <a href=\"http:\/\/www.dargaud.com\/bd\/Jours-sucres\" target=\"_blank\" rel=\"noopener\">Dargaud<\/a><br \/>\n&#8211; Le temps des mitaines (T1 et 2) illustr\u00e9 parAnne Montel chez <a href=\"http:\/\/www.didier-jeunesse.com\/livre\/le-temps-des-mitaines\/\" target=\"_blank\" rel=\"noopener\">Didier Jeunesse<\/a><\/p>\n<p>Du m\u00eame dessinateur :&nbsp;<br \/>\n&#8211; L&rsquo;\u00e9pouvantable peur d&rsquo;Epiphanie Frayeur de Gauthier chez Editions Soleil<br \/>\n&#8211; Susine et le Dormeveil de Enna chez&nbsp;chez Editions Soleil<\/p>\n","protected":false},"excerpt":{"rendered":"<p>Les histoires de vampires, \u00e7a vous fait peur ? Et si justement, cette histoire l\u00e0, celle du petit Dracula, nous racontait l&rsquo;histoire d&rsquo;une autre peur ? Une peur visc\u00e9rale, difficile \u00e0 nommer, une peur honteuse qu&rsquo;on cherche \u00e0 \u00e9touffer pour essayer de survivre : la peur de la violence des autres \u00e0 son endroit.&nbsp; C&rsquo;est [&hellip;]<\/p>\n","protected":false},"author":1,"featured_media":0,"comment_status":"open","ping_status":"open","sticky":false,"template":"","format":"standard","meta":{"ngg_post_thumbnail":0},"categories":[3,4,48,61],"tags":[315,87,56,313,314],"_links":{"self":[{"href":"https:\/\/la-licorne-a-lunettes.fr\/index.php\/wp-json\/wp\/v2\/posts\/4193"}],"collection":[{"href":"https:\/\/la-licorne-a-lunettes.fr\/index.php\/wp-json\/wp\/v2\/posts"}],"about":[{"href":"https:\/\/la-licorne-a-lunettes.fr\/index.php\/wp-json\/wp\/v2\/types\/post"}],"author":[{"embeddable":true,"href":"https:\/\/la-licorne-a-lunettes.fr\/index.php\/wp-json\/wp\/v2\/users\/1"}],"replies":[{"embeddable":true,"href":"https:\/\/la-licorne-a-lunettes.fr\/index.php\/wp-json\/wp\/v2\/comments?post=4193"}],"version-history":[{"count":14,"href":"https:\/\/la-licorne-a-lunettes.fr\/index.php\/wp-json\/wp\/v2\/posts\/4193\/revisions"}],"predecessor-version":[{"id":4326,"href":"https:\/\/la-licorne-a-lunettes.fr\/index.php\/wp-json\/wp\/v2\/posts\/4193\/revisions\/4326"}],"wp:attachment":[{"href":"https:\/\/la-licorne-a-lunettes.fr\/index.php\/wp-json\/wp\/v2\/media?parent=4193"}],"wp:term":[{"taxonomy":"category","embeddable":true,"href":"https:\/\/la-licorne-a-lunettes.fr\/index.php\/wp-json\/wp\/v2\/categories?post=4193"},{"taxonomy":"post_tag","embeddable":true,"href":"https:\/\/la-licorne-a-lunettes.fr\/index.php\/wp-json\/wp\/v2\/tags?post=4193"}],"curies":[{"name":"wp","href":"https:\/\/api.w.org\/{rel}","templated":true}]}}