{"id":3939,"date":"2018-03-22T00:55:31","date_gmt":"2018-03-21T23:55:31","guid":{"rendered":"http:\/\/la-licorne-a-lunettes.fr\/?p=3939"},"modified":"2018-03-22T00:55:31","modified_gmt":"2018-03-21T23:55:31","slug":"journal-dun-enfant-de-lune","status":"publish","type":"post","link":"https:\/\/la-licorne-a-lunettes.fr\/index.php\/2018\/03\/22\/journal-dun-enfant-de-lune\/","title":{"rendered":"Journal d&rsquo;un enfant de lune"},"content":{"rendered":"<figure id=\"attachment_3940\" aria-describedby=\"caption-attachment-3940\" style=\"width: 225px\" class=\"wp-caption alignleft\"><img loading=\"lazy\" class=\"size-medium wp-image-3940\" src=\"http:\/\/la-licorne-a-lunettes.fr\/wp-content\/uploads\/2018\/02\/Journal-enfant-de-lune-225x300.jpg\" alt=\"\" width=\"225\" height=\"300\" srcset=\"https:\/\/la-licorne-a-lunettes.fr\/wp-content\/uploads\/2018\/02\/Journal-enfant-de-lune-225x300.jpg 225w, https:\/\/la-licorne-a-lunettes.fr\/wp-content\/uploads\/2018\/02\/Journal-enfant-de-lune.jpg 525w\" sizes=\"(max-width: 225px) 100vw, 225px\" \/><figcaption id=\"caption-attachment-3940\" class=\"wp-caption-text\">(c) AL Nalin<\/figcaption><\/figure>\n<p>Sans doute l&rsquo;une des plus belles couvertures que j&rsquo;ai pu admirer depuis quelques temps. Un portrait comme un tableau dont se d\u00e9gage une \u00e9motion forte, pure, si troublante qu&rsquo;on entendrait presque la petite voix int\u00e9rieure de cet \u00eatre obscur, en proie \u00e0 son questionnement&#8230;<\/p>\n<p>Pourquoi ai-je \u00e9t\u00e9 si touch\u00e9e ? Est-ce le myst\u00e8re de ce jeune gar\u00e7on pensif, presque fragile ? Ce jeu de lumi\u00e8re en contre-jour le plongeant de fait dans l&rsquo;ombre ? Est-ce ce titre \u00e9nigmatique convoquant les souvenirs d&rsquo;enfance, les peurs ou les joies, comme un appel au secours&#8230;<\/p>\n<p>J&rsquo;ai pris une grande respiration et j&rsquo;ai tourn\u00e9 la page.<\/p>\n<p><img loading=\"lazy\" class=\"size-medium wp-image-4031 alignright\" src=\"http:\/\/la-licorne-a-lunettes.fr\/wp-content\/uploads\/2018\/03\/inter-journal-enfant-lune-1-219x300.jpg\" alt=\"\" width=\"219\" height=\"300\" srcset=\"https:\/\/la-licorne-a-lunettes.fr\/wp-content\/uploads\/2018\/03\/inter-journal-enfant-lune-1-219x300.jpg 219w, https:\/\/la-licorne-a-lunettes.fr\/wp-content\/uploads\/2018\/03\/inter-journal-enfant-lune-1.jpg 354w\" sizes=\"(max-width: 219px) 100vw, 219px\" \/><\/p>\n<p>Graphiquement, c&rsquo;est un voyage fabuleux qui commence. D\u00e8s la premi\u00e8re page, une illustration pleine page plante le d\u00e9cor, comme une photo de vacances, un souvenir d&rsquo;\u00e9t\u00e9, dans un silence parfait. Pas un bruit, pas un mouvement, pas \u00e2me qui vive&#8230;<\/p>\n<p>Juste le vol lointain de quelques oiseaux. Le calme avant la temp\u00eate&#8230; Car, au fil des cases, les \u00e9l\u00e9ments se mettent en place et le rythme s&rsquo;acc\u00e9l\u00e8re.<!--more--><\/p>\n<p>Morgane, seize ans, vient d&#8217;emm\u00e9nager dans une nouvelle maison, avec ses parents et son petit fr\u00e8re. Mais ce n&rsquo;est pas ce qu&rsquo;elle voulait, et tr\u00e8s vite sa rage se fait sentir.&nbsp;<\/p>\n<blockquote><p>Qu&rsquo;est-ce qu&rsquo;elle a, Morgane, Papa ?<br \/>\nL&rsquo;adolescence, mon fils. L&rsquo;adolescence.<br \/>\nC&rsquo;est grave ?<br \/>\n\u00c7a peut oui.<\/p><\/blockquote>\n<p>Le ton monte, les portes claquent, et la moindre asp\u00e9rit\u00e9 se transforme en cr\u00e9pi des plus abrasif entre elle et ses proches.&nbsp;<\/p>\n<p><img loading=\"lazy\" class=\"aligncenter wp-image-4032 size-full\" src=\"http:\/\/la-licorne-a-lunettes.fr\/wp-content\/uploads\/2018\/03\/inter-journal-enfant-lune-2.jpg\" alt=\"\" width=\"761\" height=\"497\" srcset=\"https:\/\/la-licorne-a-lunettes.fr\/wp-content\/uploads\/2018\/03\/inter-journal-enfant-lune-2.jpg 761w, https:\/\/la-licorne-a-lunettes.fr\/wp-content\/uploads\/2018\/03\/inter-journal-enfant-lune-2-300x196.jpg 300w, https:\/\/la-licorne-a-lunettes.fr\/wp-content\/uploads\/2018\/03\/inter-journal-enfant-lune-2-665x435.jpg 665w\" sizes=\"(max-width: 761px) 100vw, 761px\" \/><\/p>\n<p>&nbsp;<\/p>\n<p>Forc\u00e9e d&rsquo;aider et de d\u00e9baller ses cartons, Morgane finit par s&rsquo;enfermer dans sa nouvelle chambre, sous les toits, et retrouve par hasard un journal intime cach\u00e9 derri\u00e8re un radiateur.<\/p>\n<p>C&rsquo;est celui de Maxime, un jeune homme de dix-sept ans, qui y raconte son \u00e9trange maladie (Xeroderma Pigmentosum), une maladie qui l&#8217;emp\u00eache de vivre \u00e0 la lumi\u00e8re du jour. Ses cellules n&rsquo;arrivent pas \u00e0 reconstruire l&rsquo;\u00e9piderme d\u00e9truit par les UVA \u00e9mis par le soleil, ce qui cause des l\u00e9sions sur la peau. On appelle ces enfants, les enfants de lune&#8230;<\/p>\n<p>D\u00e8s les premi\u00e8res pages, Morgane est prise par l&rsquo;\u00e9motion des confessions de Maxime, ses mots r\u00e9sonnent comme s&rsquo;il \u00e9tait pr\u00e8s d&rsquo;elle, et tr\u00e8s vite elle n&rsquo;a plus qu&rsquo;une seule id\u00e9e en t\u00eate: retrouver la trace de ce jeune homme troublant pour lui rendre son journal oubli\u00e9. Ses pas la conduiront bien plus loin qu&rsquo;elle n&rsquo;aurait pu l&rsquo;imaginer&#8230;<\/p>\n<p>Une histoire d&rsquo;adolescents tourment\u00e9s, en pleine mutation ? Une histoire d&rsquo;acceptation des diff\u00e9rences ? Une histoire d&rsquo;amour et de g\u00e9n\u00e9rosit\u00e9 ? Et bien, c&rsquo;est tout cela \u00e0 la fois, et bien plus que \u00e7a.<\/p>\n<blockquote><p>C&rsquo;est fou ce qu&rsquo;un regard peut faire mal, quand votre corps est diff\u00e9rent.<\/p><\/blockquote>\n<p><img loading=\"lazy\" class=\"aligncenter wp-image-4033 size-full\" src=\"http:\/\/la-licorne-a-lunettes.fr\/wp-content\/uploads\/2018\/03\/inter-journal-enfant-lune-3.jpg\" alt=\"\" width=\"757\" height=\"488\" srcset=\"https:\/\/la-licorne-a-lunettes.fr\/wp-content\/uploads\/2018\/03\/inter-journal-enfant-lune-3.jpg 757w, https:\/\/la-licorne-a-lunettes.fr\/wp-content\/uploads\/2018\/03\/inter-journal-enfant-lune-3-300x193.jpg 300w\" sizes=\"(max-width: 757px) 100vw, 757px\" \/><\/p>\n<p>Les t\u00e2ches de lumi\u00e8re sur les feuilles d\u00e8s les premi\u00e8res pages, les traces de bronzages sur la peau de Morgane, les \u00e9claboussures de peinture sur les parents en plein travaux d&rsquo;am\u00e9nagement&#8230; autant de clins d&rsquo;oeil graphiques qui font subtilement \u00e9cho aux marques sur la peau de Maxime.<\/p>\n<p>Tendre, sinc\u00e8re et \u00e9mouvant ! Des illustrations d&rsquo;une forte intensit\u00e9 avec un travail remarquable sur les couleurs, un superbe traitement de la lumi\u00e8re pour parler de ceux qui ne peuvent vivre sous les rayons du soleil.<\/p>\n<p><img loading=\"lazy\" class=\"alignleft size-medium wp-image-4034\" src=\"http:\/\/la-licorne-a-lunettes.fr\/wp-content\/uploads\/2018\/03\/Verso_journal-enfant-lune-227x300.jpg\" alt=\"\" width=\"227\" height=\"300\" srcset=\"https:\/\/la-licorne-a-lunettes.fr\/wp-content\/uploads\/2018\/03\/Verso_journal-enfant-lune-227x300.jpg 227w, https:\/\/la-licorne-a-lunettes.fr\/wp-content\/uploads\/2018\/03\/Verso_journal-enfant-lune.jpg 650w\" sizes=\"(max-width: 227px) 100vw, 227px\" \/><\/p>\n<p>Tr\u00e8s rythm\u00e9, le sc\u00e9nario embarque le lecteur aux c\u00f4t\u00e9s de Morgane, dans un parcours initiatique alternant des moments introspectifs m\u00ealant r\u00eave et fantasme, et des instants de vives tensions quand elle se heurte \u00e0 la dure r\u00e9alit\u00e9.<\/p>\n<p>Propre \u00e0 cette p\u00e9riode de vie en plein t\u00e2tonnement et de recherche d&rsquo;identit\u00e9, on assiste \u00e0 la m\u00e9tamorphose de Morgane, qui va s&rsquo;ouvrir aux autres en se r\u00e9v\u00e9lant \u00e0 elle-m\u00eame.<\/p>\n<p>Un jeu de reflets, comme face \u00e0 un miroir o\u00f9 cette&nbsp;jeune fille qui se cherche est tiraill\u00e9e entre l&rsquo;enfance et le monde des adultes, en \u00e9quilibre sur cette fronti\u00e8re escarp\u00e9e.<\/p>\n<p>Plongez au coeur du secret de ce journal intime hors du commun et d\u00e9couvrez le parcours de Maxime, cet enfant de lune, \u00e0 travers le regard et les sentiments de Morgane.<\/p>\n<p>&nbsp;<\/p>\n<p>&nbsp;<\/p>\n<div style=\"text-align: center;\">\n<div style=\"margin: 8px 0px 4px;\"><a href=\"http:\/\/www.calameo.com\/books\/00448259525318e2f75ae\" target=\"_blank\" rel=\"noopener\">Lire un extrait \u00ab\u00a0Journal d&rsquo;un enfant de lune\u00a0\u00bb<\/a><\/div>\n<p><iframe loading=\"lazy\" style=\"margin: 0 auto;\" src=\"\/\/v.calameo.com\/?bkcode=00448259525318e2f75ae\" width=\"300\" height=\"194\" frameborder=\"0\" scrolling=\"no\" allowfullscreen=\"allowfullscreen\"><\/iframe><\/p>\n<div style=\"margin: 4px 0px 8px;\"><a href=\"http:\/\/www.calameo.com\/\">Publish at Calameo<\/a><\/div>\n<\/div>\n<p>&nbsp;<\/p>\n<p><strong>Sc\u00e9nariste : Joris CHAMBLAIN<\/strong><br \/>\n<strong>Illustration : Anne-Lise NALIN<\/strong><br \/>\n<strong>Edition : <a href=\"https:\/\/www.kennes-editions.be\/journal-dun-enfant-de-lune\/\" target=\"_blank\" rel=\"noopener\">Keynes<\/a> &#8211; Ensemble &#8211; BD &#8211; 56 pages &#8211; 14,95 euros<\/strong><br \/>\n<strong>Ann\u00e9e : Octobre 2017<\/strong><\/p>\n<p>&#8212;&#8212;&#8212;-<\/p>\n<p>Voir l&rsquo;univers en vid\u00e9o :<\/p>\n<div class=\"olsen-light-responsive-embed\"><iframe loading=\"lazy\" width=\"665\" height=\"374\" src=\"https:\/\/www.youtube.com\/embed\/xPaxRMhecE8?feature=oembed\" frameborder=\"0\" allow=\"autoplay; encrypted-media\" allowfullscreen><\/iframe><\/div>\n<hr>\n<figure id=\"attachment_3966\" aria-describedby=\"caption-attachment-3966\" style=\"width: 115px\" class=\"wp-caption alignleft\"><img loading=\"lazy\" class=\" wp-image-3966\" src=\"http:\/\/la-licorne-a-lunettes.fr\/wp-content\/uploads\/2018\/03\/joris-chamblain-200x300.jpg\" alt=\"\" width=\"115\" height=\"172\" srcset=\"https:\/\/la-licorne-a-lunettes.fr\/wp-content\/uploads\/2018\/03\/joris-chamblain-200x300.jpg 200w, https:\/\/la-licorne-a-lunettes.fr\/wp-content\/uploads\/2018\/03\/joris-chamblain.jpg 250w\" sizes=\"(max-width: 115px) 100vw, 115px\" \/><figcaption id=\"caption-attachment-3966\" class=\"wp-caption-text\">(c) J. Chamblain<\/figcaption><\/figure>\n<p>&nbsp;<\/p>\n<p>LIRE NOTRE INTERVIEW DE JORIS CHAMBLAIN : UN MOMENT D&rsquo;ECHANGE RARE ET PRECIEUX<\/p>\n<p><a href=\"http:\/\/la-licorne-a-lunettes.fr\/index.php\/2018\/03\/22\/interview-joris-chamblain-nous-parle-de-son-metier-de-scenariste-et-de-ses-lectures-denfance\/\" target=\"_blank\" rel=\"noopener\">en cliquant ici<\/a><\/p>\n<p>&nbsp;<\/p>\n<p>&nbsp;<\/p>\n<p>&nbsp;<\/p>\n<hr>\n<p>Du m\u00eame sc\u00e9nariste :&nbsp;<\/p>\n<p><img loading=\"lazy\" class=\"alignleft wp-image-4026\" src=\"http:\/\/la-licorne-a-lunettes.fr\/wp-content\/uploads\/2018\/03\/Carnets-de-Cerise-T5-224x300.jpg\" alt=\"\" width=\"131\" height=\"176\" srcset=\"https:\/\/la-licorne-a-lunettes.fr\/wp-content\/uploads\/2018\/03\/Carnets-de-Cerise-T5-224x300.jpg 224w, https:\/\/la-licorne-a-lunettes.fr\/wp-content\/uploads\/2018\/03\/Carnets-de-Cerise-T5-768x1027.jpg 768w, https:\/\/la-licorne-a-lunettes.fr\/wp-content\/uploads\/2018\/03\/Carnets-de-Cerise-T5-766x1024.jpg 766w, https:\/\/la-licorne-a-lunettes.fr\/wp-content\/uploads\/2018\/03\/Carnets-de-Cerise-T5.jpg 1400w\" sizes=\"(max-width: 131px) 100vw, 131px\" \/><\/p>\n<p><img loading=\"lazy\" class=\"alignleft wp-image-4027\" src=\"http:\/\/la-licorne-a-lunettes.fr\/wp-content\/uploads\/2018\/03\/sorcieres-sorcieres-T4-225x300.jpg\" alt=\"\" width=\"132\" height=\"176\" srcset=\"https:\/\/la-licorne-a-lunettes.fr\/wp-content\/uploads\/2018\/03\/sorcieres-sorcieres-T4-225x300.jpg 225w, https:\/\/la-licorne-a-lunettes.fr\/wp-content\/uploads\/2018\/03\/sorcieres-sorcieres-T4-768x1022.jpg 768w, https:\/\/la-licorne-a-lunettes.fr\/wp-content\/uploads\/2018\/03\/sorcieres-sorcieres-T4-770x1024.jpg 770w, https:\/\/la-licorne-a-lunettes.fr\/wp-content\/uploads\/2018\/03\/sorcieres-sorcieres-T4.jpg 1924w\" sizes=\"(max-width: 132px) 100vw, 132px\" \/><img loading=\"lazy\" class=\"alignleft wp-image-4029\" src=\"http:\/\/la-licorne-a-lunettes.fr\/wp-content\/uploads\/2018\/03\/Lili-Crochette-T3-300x224.jpg\" alt=\"\" width=\"167\" height=\"125\" srcset=\"https:\/\/la-licorne-a-lunettes.fr\/wp-content\/uploads\/2018\/03\/Lili-Crochette-T3-300x224.jpg 300w, https:\/\/la-licorne-a-lunettes.fr\/wp-content\/uploads\/2018\/03\/Lili-Crochette-T3.jpg 500w\" sizes=\"(max-width: 167px) 100vw, 167px\" \/><img loading=\"lazy\" class=\" wp-image-4019\" src=\"http:\/\/la-licorne-a-lunettes.fr\/wp-content\/uploads\/2018\/03\/Enola-T4.jpg\" alt=\"\" width=\"139\" height=\"183\"><\/p>\n<p>&#8211; Les carnets de Cerise (5 tomes) illustr\u00e9 par Aur\u00e9lie Neyret chez Delcourt Soleil<br \/>\n&#8211; <a href=\"http:\/\/la-licorne-a-lunettes.fr\/index.php\/2018\/02\/26\/les-aventures-denola-et-les-animaux-extraordinnaire-t-4-le-yeti-qui-avait-perdu-lappetit\/\" target=\"_blank\" rel=\"noopener\">Enola et les animaux fantastiques<\/a> illustr\u00e9 par Lucile Thibaudier aux \u00e9ditions de la Goutti\u00e8re (4 tomes)<br \/>\n&#8211; Sorci\u00e8res, Sorci\u00e8res illustr\u00e9 par Lucile Thibaudier aux \u00e9ditions Keynnes (4 tomes)&nbsp;<br \/>\n&#8211; Lili Crochette et Monsieur Mouche illustr\u00e9 par Olivier Supiot aux \u00e9ditions de la Goutti\u00e8re (3 tomes)<br \/>\n&#8211; Nanny Mandy aux \u00e9ditions Keynes<br \/>\n&#8211; L\u00e9a Olivier Hors S\u00e9ries aux editions Keynes<br \/>\n&#8211; Yakari illustr\u00e9 par D\u00e9rib aux \u00e9ditions Le Lombard (oct 2016)<\/p>\n","protected":false},"excerpt":{"rendered":"<p>Sans doute l&rsquo;une des plus belles couvertures que j&rsquo;ai pu admirer depuis quelques temps. Un portrait comme un tableau dont se d\u00e9gage une \u00e9motion forte, pure, si troublante qu&rsquo;on entendrait presque la petite voix int\u00e9rieure de cet \u00eatre obscur, en proie \u00e0 son questionnement&#8230; Pourquoi ai-je \u00e9t\u00e9 si touch\u00e9e ? Est-ce le myst\u00e8re de ce [&hellip;]<\/p>\n","protected":false},"author":1,"featured_media":0,"comment_status":"open","ping_status":"open","sticky":false,"template":"","format":"standard","meta":{"ngg_post_thumbnail":0},"categories":[206,4,48,61],"tags":[100,41,7,87,298,300,210],"_links":{"self":[{"href":"https:\/\/la-licorne-a-lunettes.fr\/index.php\/wp-json\/wp\/v2\/posts\/3939"}],"collection":[{"href":"https:\/\/la-licorne-a-lunettes.fr\/index.php\/wp-json\/wp\/v2\/posts"}],"about":[{"href":"https:\/\/la-licorne-a-lunettes.fr\/index.php\/wp-json\/wp\/v2\/types\/post"}],"author":[{"embeddable":true,"href":"https:\/\/la-licorne-a-lunettes.fr\/index.php\/wp-json\/wp\/v2\/users\/1"}],"replies":[{"embeddable":true,"href":"https:\/\/la-licorne-a-lunettes.fr\/index.php\/wp-json\/wp\/v2\/comments?post=3939"}],"version-history":[{"count":16,"href":"https:\/\/la-licorne-a-lunettes.fr\/index.php\/wp-json\/wp\/v2\/posts\/3939\/revisions"}],"predecessor-version":[{"id":4061,"href":"https:\/\/la-licorne-a-lunettes.fr\/index.php\/wp-json\/wp\/v2\/posts\/3939\/revisions\/4061"}],"wp:attachment":[{"href":"https:\/\/la-licorne-a-lunettes.fr\/index.php\/wp-json\/wp\/v2\/media?parent=3939"}],"wp:term":[{"taxonomy":"category","embeddable":true,"href":"https:\/\/la-licorne-a-lunettes.fr\/index.php\/wp-json\/wp\/v2\/categories?post=3939"},{"taxonomy":"post_tag","embeddable":true,"href":"https:\/\/la-licorne-a-lunettes.fr\/index.php\/wp-json\/wp\/v2\/tags?post=3939"}],"curies":[{"name":"wp","href":"https:\/\/api.w.org\/{rel}","templated":true}]}}