{"id":3905,"date":"2018-02-11T21:44:56","date_gmt":"2018-02-11T20:44:56","guid":{"rendered":"http:\/\/la-licorne-a-lunettes.fr\/?p=3905"},"modified":"2018-02-11T21:44:56","modified_gmt":"2018-02-11T20:44:56","slug":"lecole-de-ma-vie","status":"publish","type":"post","link":"https:\/\/la-licorne-a-lunettes.fr\/index.php\/2018\/02\/11\/lecole-de-ma-vie\/","title":{"rendered":"L&rsquo;\u00e9cole de ma vie"},"content":{"rendered":"<figure id=\"attachment_3906\" aria-describedby=\"caption-attachment-3906\" style=\"width: 198px\" class=\"wp-caption alignleft\"><img loading=\"lazy\" class=\"size-medium wp-image-3906\" src=\"http:\/\/la-licorne-a-lunettes.fr\/wp-content\/uploads\/2018\/02\/L-ecole-de-ma-vie-198x300.jpg\" alt=\"\" width=\"198\" height=\"300\" srcset=\"https:\/\/la-licorne-a-lunettes.fr\/wp-content\/uploads\/2018\/02\/L-ecole-de-ma-vie-198x300.jpg 198w, https:\/\/la-licorne-a-lunettes.fr\/wp-content\/uploads\/2018\/02\/L-ecole-de-ma-vie.jpg 340w\" sizes=\"(max-width: 198px) 100vw, 198px\" \/><figcaption id=\"caption-attachment-3906\" class=\"wp-caption-text\">(c) EDL<\/figcaption><\/figure>\n<p>Les vacances, c&rsquo;est sacr\u00e9 ! QUOI ? IL FAUT LIRE ? C&rsquo;EST PAS JUSTE ! Pourquoi doit-on travailler pendant les vacances ?&nbsp;<\/p>\n<p>Eh oui, beaucoup d&rsquo;entre nous l&rsquo;ont prononc\u00e9 cette phrase improbable, \u00e0 7 ans ou m\u00eame 14. \u00ab\u00a0Lire = travailler\u00a0\u00bb. Et, en tant qu&rsquo;adulte, on l&rsquo;a \u00e9galement entendu, tout droit sorti de la bouche de nos bambins, \u00e0 un moment ou \u00e0 un autre. Non ? Allez, avouez !<\/p>\n<p>Comment transmettre le plaisir de la lecture ? Parfois, on ne prend pas le bon chemin, et la force de persuasion s&rsquo;apparente \u00e0 de l&rsquo;injonction, bien loin de l&rsquo;apprivoisement.&nbsp;<\/p>\n<p>Fanta, fra\u00eechement sortie du CP, est invit\u00e9e chez une amie de sa m\u00e8re, Sylvie, pour passer quelques jours \u00e0 la campagne. C&rsquo;est tout nouveau pour elle, et, elle compte bien en profiter. Mais Sylvie souhaite que la petite fille lise tous les jours.<!--more--><\/p>\n<p>Pour Fanta, cette \u00e9preuve quotidienne repr\u00e9sente une punition : elle ne prend aucun plaisir \u00e0 lire car il lui faut encore beaucoup d\u00e9chiffrer les mots, une contrainte bien trop p\u00e9nible, et qu&rsquo;elle essaye d&rsquo;esquiver en apprenant par coeur les histoires.<\/p>\n<blockquote><p>Si je dois lire, c&rsquo;est pas des vacances. (&#8230;)<br \/>\n<span style=\"line-height: inherit;\">Je veux que tu saches bien lire. Je veux que tu sois la plus forte \u00e0 l&rsquo;\u00e9cole.<\/span><\/p><\/blockquote>\n<p>Lire n&rsquo;int\u00e9resse pas Fanta. Hors de la ville, elle d\u00e9couvre la campagne et toute une s\u00e9rie de \u00ab\u00a0premi\u00e8re fois\u00a0\u00bb : un voyage en train, la vie avec les animaux, l&rsquo;observation de la nature, apprendre \u00e0 nager, faire des confitures, composer des bouquets de fleurs odorantes&#8230; Un \u00e9merveillement quotidien, bien loin de ce qu&rsquo;imaginait la jeune fille. Mais Sylvie ne l\u00e2che pas&#8230;<\/p>\n<blockquote><p>Lire me rend triste parce que je suis oblig\u00e9e de faire semblant. (&#8230;)<br \/>\n<span style=\"line-height: inherit;\">Fais un effort, ce n&rsquo;est pas difficile !<\/span><\/p><\/blockquote>\n<p>Avec les mots simples de Fanta, sa vision du haut de ses 8 ans \u00e0 peine, le lecteur s&rsquo;identifie tr\u00e8s vite et souffre en silence avec elle, devant l&rsquo;incompr\u00e9hension des adultes. C&rsquo;est tout le talent de l&rsquo;\u00e9criture fluide et directe de Marie Desplechin, ici, \u00e0 hauteur d&rsquo;enfant. Mais ce voyage initiatique au pays de la nature va vite faire \u00e9voluer Fanta, lui ouvrant le champs des possibles li\u00e9s au pouvoir de lire.<\/p>\n<blockquote><p>Comme je suis couverte d&rsquo;\u00e9toiles filantes, je fais un dernier voeu avant de tomber dans le sommeil. Mais il est sp\u00e9cial et je le garde dans ma t\u00eate : \u00ab\u00a0savoir lire\u00a0\u00bb.<\/p><\/blockquote>\n<p>On retrouve \u00e9galement le style de Glen Chapron, l&rsquo;illustrateur des aventures d&rsquo;Anouk et Benji (<a href=\"http:\/\/la-licorne-a-lunettes.fr\/index.php\/2016\/04\/08\/les-aventures-danouk-et-benji-enquete-sur-la-croisette\/\" target=\"_blank\" rel=\"noopener\">chroniqu\u00e9 ici<\/a>), pour une premi\u00e8re fois \u00e0 l&rsquo;\u00e9cole des loisirs. Ici, un traitement doux aux pastels, un jeu de teintes en contraste, marron et orang\u00e9, ombre et lumi\u00e8re, les deux couleurs \u00e9voqu\u00e9es d\u00e8s la premi\u00e8re page du livre.&nbsp;<\/p>\n<p>Un livre \u00e0 mettre entre les mains des jeunes lecteurs qui trainent un peu les pieds pour se lancer dans la grande aventure de la lecture plaisir. Et, \u00e9galement, entre les mains des \u00ab\u00a0m\u00e9diateurs\u00a0\u00bb, parents, amis, formateurs, pour mieux appr\u00e9hender la vision et le ressenti d&rsquo;un enfant de 8 ans, dont l&rsquo;injonction \u00e0 lire absolument n&rsquo;est pas une m\u00e9thode efficace&#8230;<\/p>\n<p>&nbsp;<\/p>\n<p><strong>Auteure : <a href=\"https:\/\/www.ecoledesloisirs.fr\/auteur\/marie-desplechin\" target=\"_blank\" rel=\"noopener\">Marie DESPLECHIN<\/a><\/strong><br \/>\n<strong>Illustrateur : Glen CHAPRON<\/strong><br \/>\n<strong>Edition : L&rsquo;\u00e9cole des loisirs &#8211; Collection Mouchel &#8211; 80 pages &#8211; 8 euros<\/strong><br \/>\n<strong>Ann\u00e9e : Ao\u00fbt 2017<\/strong><\/p>\n<p>&nbsp;<\/p>\n<p><em>R\u00e9sum\u00e9 :<\/em><br \/>\n<em> \u00c7a y est, c\u2019est les vacances. Fanta en a fini avec le CP, et Sylvie, une amie de sa maman, l\u2019invite \u00e0 la campagne. \u00c0 elle les grandes d\u00e9couvertes! Pour la premi\u00e8re fois de sa vie, Fanta va monter dans un train, observer la nature et les animaux. Elle a bien l\u2019intention de prendre du bon temps. Mais Sylvie veut aussi que Fanta lise tous les jours, et \u00e7a, c\u2019est beaucoup moins dr\u00f4le. Fanta fait tout pour esquiver l\u2019\u00e9preuve quotidienne. Jusqu\u2019au jour o\u00f9 elle va \u00e0 la piscine. Et o\u00f9 l\u2019on s\u2019aper\u00e7oit qu\u2019elle ne sait pas nager. Dr\u00f4les de vacances&nbsp; ! Est-elle toujours oblig\u00e9e d\u2019apprendre quelque chose&nbsp;?<\/em><\/p>\n<p>&#8212;&#8212;&#8212;&#8212;&#8212;&#8212;&#8212;&#8212;&#8212;&#8212;&#8212;&#8212;&#8212;-<img loading=\"lazy\" class=\"alignleft\" src=\"https:\/\/www.ecoledesloisirs.fr\/sites\/default\/files\/styles\/auteur_picto_page\/public\/auteurs\/desplechin_marie-K_Mazloumian.jpg?itok=TGuGqUyV\" width=\"122\" height=\"169\"><\/p>\n<p>Lire l&rsquo;exemplaire de la collection \u00ab\u00a0Mon \u00e9crivain pr\u00e9f\u00e9r\u00e9\u00a0\u00bb&nbsp;(c) L&rsquo;\u00e9cole des loisirs <a href=\"https:\/\/www.ecoledesloisirs.fr\/sites\/default\/files\/auteurs_pdf\/desp.pdf\" target=\"_blank\" rel=\"noopener\">en cliquant ici<\/a><\/p>\n<p>(c)K_Mazloumian<\/p>\n<p>&nbsp;<\/p>\n<p>&#8212;&#8212;&#8212;&#8212;&#8212;&#8212;&#8212;&#8212;&#8212;&#8212;&#8212;&#8212;&#8212;&#8212;&#8212;&#8211;<\/p>\n<p>Voir le r\u00e9sum\u00e9 du livre en images (c) L&rsquo;\u00e9cole des loisirs<\/p>\n<div class=\"olsen-light-responsive-embed\"><iframe loading=\"lazy\" width=\"665\" height=\"374\" src=\"https:\/\/www.youtube.com\/embed\/IsIWbKh89-E?feature=oembed\" frameborder=\"0\" allow=\"autoplay; encrypted-media\" allowfullscreen><\/iframe><\/div>\n<p>&#8212;&#8212;&#8212;&#8212;&#8212;&#8212;&#8212;&#8212;&#8212;&#8212;&#8212;&#8212;&#8212;&#8212;&#8212;&#8211;<\/p>\n<p>De la m\u00eame auteure \u00e0 l&rsquo;\u00e9cole des loisirs :&nbsp;<br \/>\n&#8211;&nbsp;<a href=\"https:\/\/www.ecoledesloisirs.fr\/livre\/sothik\">Sothik<\/a><span class=\"s1\"> 2016<br \/>\n<\/span><span class=\"s2\">&#8211;&nbsp;<a href=\"https:\/\/www.ecoledesloisirs.fr\/livre\/mauve\">Mauve<\/a><\/span> 2014<br \/>\n<span style=\"line-height: inherit;\">&#8211; <\/span><a style=\"line-height: inherit;\" href=\"https:\/\/www.ecoledesloisirs.fr\/livre\/journal-daurore-lintegrale-grand-format\">Journal d&rsquo;Aurore (Le) &#8211; L&rsquo;int\u00e9grale en grand format<\/a><span class=\"s1\" style=\"line-height: inherit;\"> 2011<br \/>\n<\/span><span style=\"line-height: inherit;\">&#8211; <\/span><a style=\"line-height: inherit;\" href=\"https:\/\/www.ecoledesloisirs.fr\/livre\/babyfaces\">Babyfaces<\/a><span class=\"s1\" style=\"line-height: inherit;\"> 2010<br \/>\n&#8211;&nbsp;<\/span><a href=\"https:\/\/www.ecoledesloisirs.fr\/livre\/yeux-dor\">Yeux d&rsquo;or (Les)<\/a><span class=\"s1\"> 2007<br \/>\n&#8211;&nbsp;<\/span><span class=\"s2\"><a href=\"https:\/\/www.ecoledesloisirs.fr\/livre\/pome\">Pome<\/a><\/span> 2007<br \/>\n&#8211;&nbsp;<a href=\"https:\/\/www.ecoledesloisirs.fr\/livre\/satin-grenadine\">Satin grenadine<\/a><span class=\"s1\"> 2004<br \/>\n&#8211;&nbsp;<\/span><a href=\"https:\/\/www.ecoledesloisirs.fr\/livre\/entre-lelfe-fee\">Entre l&rsquo;elfe et la f\u00e9e<\/a><span class=\"s1\"> 2004<br \/>\n&#8211;&nbsp;<\/span><a href=\"https:\/\/www.ecoledesloisirs.fr\/livre\/ma-collection-damours\">Ma collection d&rsquo;amours<\/a><span class=\"s1\"> 2002<br \/>\n&#8211;&nbsp;<\/span><a href=\"https:\/\/www.ecoledesloisirs.fr\/livre\/monde-joseph\">Monde de Joseph (Le)<\/a><span class=\"s1\"> 2000<br \/>\n&#8211;&nbsp;<\/span><a href=\"https:\/\/www.ecoledesloisirs.fr\/livre\/coup-du-kiwi\">Coup du kiwi (Le)<\/a><span class=\"s1\"> 2000<br \/>\n&#8211;&nbsp;<\/span><a href=\"https:\/\/www.ecoledesloisirs.fr\/livre\/prediction-nadia\">Pr\u00e9diction de Nadia (La)<\/a><span class=\"s1\">1997<br \/>\n&#8211;&nbsp;<\/span><a href=\"https:\/\/www.ecoledesloisirs.fr\/livre\/jenvie-ceux-qui-sont-ton-coeur\">J&rsquo;envie ceux qui sont dans ton coeur<\/a> <span class=\"s1\">1997<br \/>\n&#8211;&nbsp;<\/span><span class=\"s2\"><a href=\"https:\/\/www.ecoledesloisirs.fr\/livre\/verte\">Verte<\/a><\/span> 1996<br \/>\n&#8211;&nbsp;<a href=\"https:\/\/www.ecoledesloisirs.fr\/livre\/tu-seras-homme-mon-neveu\">Tu seras un homme, mon neveu<\/a><span class=\"s1\"> 1995<br \/>\n&#8211;&nbsp;<\/span><a href=\"https:\/\/www.ecoledesloisirs.fr\/livre\/vague-damour-lac-damitie\">Vague d&rsquo;amour sur un lac d&rsquo;amiti\u00e9 (Une)<\/a><span class=\"s1\"> 1995<br \/>\n<\/span>&#8211;&nbsp;<a href=\"https:\/\/www.ecoledesloisirs.fr\/livre\/dieu-ca\">Et Dieu dans tout \u00e7a?<\/a><span class=\"s1\"> 1994<br \/>\n<\/span>&#8211;&nbsp;<a href=\"https:\/\/www.ecoledesloisirs.fr\/livre\/sac-a-dos-dalphonse\">Sac \u00e0 dos d&rsquo;Alphonse (Le)<\/a><span class=\"s1\"> 1993<\/span><\/p>\n","protected":false},"excerpt":{"rendered":"<p>Les vacances, c&rsquo;est sacr\u00e9 ! QUOI ? IL FAUT LIRE ? C&rsquo;EST PAS JUSTE ! Pourquoi doit-on travailler pendant les vacances ?&nbsp; Eh oui, beaucoup d&rsquo;entre nous l&rsquo;ont prononc\u00e9 cette phrase improbable, \u00e0 7 ans ou m\u00eame 14. \u00ab\u00a0Lire = travailler\u00a0\u00bb. Et, en tant qu&rsquo;adulte, on l&rsquo;a \u00e9galement entendu, tout droit sorti de la bouche [&hellip;]<\/p>\n","protected":false},"author":1,"featured_media":0,"comment_status":"open","ping_status":"open","sticky":false,"template":"","format":"standard","meta":{"ngg_post_thumbnail":0},"categories":[3,11,19],"tags":[296,58,121,227],"_links":{"self":[{"href":"https:\/\/la-licorne-a-lunettes.fr\/index.php\/wp-json\/wp\/v2\/posts\/3905"}],"collection":[{"href":"https:\/\/la-licorne-a-lunettes.fr\/index.php\/wp-json\/wp\/v2\/posts"}],"about":[{"href":"https:\/\/la-licorne-a-lunettes.fr\/index.php\/wp-json\/wp\/v2\/types\/post"}],"author":[{"embeddable":true,"href":"https:\/\/la-licorne-a-lunettes.fr\/index.php\/wp-json\/wp\/v2\/users\/1"}],"replies":[{"embeddable":true,"href":"https:\/\/la-licorne-a-lunettes.fr\/index.php\/wp-json\/wp\/v2\/comments?post=3905"}],"version-history":[{"count":5,"href":"https:\/\/la-licorne-a-lunettes.fr\/index.php\/wp-json\/wp\/v2\/posts\/3905\/revisions"}],"predecessor-version":[{"id":3911,"href":"https:\/\/la-licorne-a-lunettes.fr\/index.php\/wp-json\/wp\/v2\/posts\/3905\/revisions\/3911"}],"wp:attachment":[{"href":"https:\/\/la-licorne-a-lunettes.fr\/index.php\/wp-json\/wp\/v2\/media?parent=3905"}],"wp:term":[{"taxonomy":"category","embeddable":true,"href":"https:\/\/la-licorne-a-lunettes.fr\/index.php\/wp-json\/wp\/v2\/categories?post=3905"},{"taxonomy":"post_tag","embeddable":true,"href":"https:\/\/la-licorne-a-lunettes.fr\/index.php\/wp-json\/wp\/v2\/tags?post=3905"}],"curies":[{"name":"wp","href":"https:\/\/api.w.org\/{rel}","templated":true}]}}