{"id":3762,"date":"2017-10-22T23:27:02","date_gmt":"2017-10-22T22:27:02","guid":{"rendered":"http:\/\/la-licorne-a-lunettes.fr\/?p=3762"},"modified":"2022-04-29T10:06:26","modified_gmt":"2022-04-29T09:06:26","slug":"charlotte-et-moi-tome-1","status":"publish","type":"post","link":"https:\/\/la-licorne-a-lunettes.fr\/index.php\/2017\/10\/22\/charlotte-et-moi-tome-1\/","title":{"rendered":"Charlotte et moi (Tome 1)"},"content":{"rendered":"<p><img loading=\"lazy\" class=\"alignleft size-medium wp-image-3766\" src=\"http:\/\/la-licorne-a-lunettes.fr\/wp-content\/uploads\/2017\/10\/Charlotte-et-moi-couv-225x300.jpeg\" alt=\"\" width=\"225\" height=\"300\" srcset=\"https:\/\/la-licorne-a-lunettes.fr\/wp-content\/uploads\/2017\/10\/Charlotte-et-moi-couv-225x300.jpeg 225w, https:\/\/la-licorne-a-lunettes.fr\/wp-content\/uploads\/2017\/10\/Charlotte-et-moi-couv-768x1024.jpeg 768w, https:\/\/la-licorne-a-lunettes.fr\/wp-content\/uploads\/2017\/10\/Charlotte-et-moi-couv.jpeg 810w\" sizes=\"(max-width: 225px) 100vw, 225px\" \/>Tr\u00e8s belle p\u00e9pite d\u00e9couverte en biblioth\u00e8que !<\/p>\n<p>Premi\u00e8re BD d&rsquo;Olivier Clert, qui a auparavant r\u00e9alis\u00e9 les story-boards des dessins anim\u00e9s \u00ab\u00a0Un monstre \u00e0 Paris\u00a0\u00bb et \u00ab\u00a0Le Petit Prince\u00a0\u00bb, et qui propose, ici, une histoire tr\u00e8s bien rythm\u00e9e, si bien&#8230; qu&rsquo;IL FAUT VITE LE TOME 2 !!! Car cela s&rsquo;arr\u00eate en plein suspens&#8230; (A priori en avril&#8230; patience, patience&#8230;)<\/p>\n<p>Gus vient de d\u00e9m\u00e9nager avec sa m\u00e8re. Dans l&rsquo;immeuble, il craint de passer \u00e0 l&rsquo;\u00e9tage inf\u00e9rieur o\u00f9 se trouve une imposante femme qui l&rsquo;impressionne beaucoup, Charlotte. Ce changement ne lui plait pas et f\u00e2ch\u00e9 contre sa m\u00e8re, il d\u00e9cide de partir \u00e0 l&rsquo;aventure.<\/p>\n<p>De son c\u00f4t\u00e9, Charlotte est seule, apr\u00e8s la mort de sa grand-m\u00e8re qui l&rsquo;a \u00e9lev\u00e9 un peu en ermite. Retranch\u00e9e d&rsquo;une certaine mani\u00e8re du monde r\u00e9elle, Charlotte est introvertie et ne parle pas ou tr\u00e8s peu. C&rsquo;est une enfant dans un corps d&rsquo;adulte bien trop grand pour elle.<\/p>\n<p>Par un coup du sort incroyable, Gus et Charlotte vont se retrouver ensemble sur la route de Paris, l&rsquo;un pour retrouver son p\u00e8re, l&rsquo;autre pour conna\u00eetre l&rsquo;histoire de sa m\u00e8re.<\/p>\n<p>Une complicit\u00e9 commence \u00e0 na\u00eetre&#8230; Un trait\u00e9 graphique efficace, beaucoup de pudeur et de sensibilit\u00e9, avec un vrai talent de coloriste. Gros coup de coeur !<\/p>\n<p>\u00c0&nbsp;suivre&#8230;<!--more--><\/p>\n<p><strong><img loading=\"lazy\" class=\"alignleft size-medium wp-image-3770\" src=\"http:\/\/la-licorne-a-lunettes.fr\/wp-content\/uploads\/2017\/10\/inter-charlotte-et-moi-T1-228x300.jpg\" alt=\"\" width=\"228\" height=\"300\" srcset=\"https:\/\/la-licorne-a-lunettes.fr\/wp-content\/uploads\/2017\/10\/inter-charlotte-et-moi-T1-228x300.jpg 228w, https:\/\/la-licorne-a-lunettes.fr\/wp-content\/uploads\/2017\/10\/inter-charlotte-et-moi-T1-768x1011.jpg 768w, https:\/\/la-licorne-a-lunettes.fr\/wp-content\/uploads\/2017\/10\/inter-charlotte-et-moi-T1-778x1024.jpg 778w, https:\/\/la-licorne-a-lunettes.fr\/wp-content\/uploads\/2017\/10\/inter-charlotte-et-moi-T1.jpg 1200w\" sizes=\"(max-width: 228px) 100vw, 228px\" \/><\/strong><\/p>\n<figure id=\"attachment_3767\" aria-describedby=\"caption-attachment-3767\" style=\"width: 228px\" class=\"wp-caption alignleft\"><img loading=\"lazy\" class=\"size-medium wp-image-3767\" src=\"http:\/\/la-licorne-a-lunettes.fr\/wp-content\/uploads\/2017\/10\/inter-charlotte-et-moi-T1-2-228x300.jpg\" alt=\"\" width=\"228\" height=\"300\" srcset=\"https:\/\/la-licorne-a-lunettes.fr\/wp-content\/uploads\/2017\/10\/inter-charlotte-et-moi-T1-2-228x300.jpg 228w, https:\/\/la-licorne-a-lunettes.fr\/wp-content\/uploads\/2017\/10\/inter-charlotte-et-moi-T1-2-768x1011.jpg 768w, https:\/\/la-licorne-a-lunettes.fr\/wp-content\/uploads\/2017\/10\/inter-charlotte-et-moi-T1-2-778x1024.jpg 778w, https:\/\/la-licorne-a-lunettes.fr\/wp-content\/uploads\/2017\/10\/inter-charlotte-et-moi-T1-2.jpg 1200w\" sizes=\"(max-width: 228px) 100vw, 228px\" \/><figcaption id=\"caption-attachment-3767\" class=\"wp-caption-text\">(c) OG<\/figcaption><\/figure>\n<p>&nbsp;<\/p>\n<p>&nbsp;<\/p>\n<p>&nbsp;<\/p>\n<p>&nbsp;<\/p>\n<p>&nbsp;<\/p>\n<p>&nbsp;<\/p>\n<p>&nbsp;<\/p>\n<p>&nbsp;<\/p>\n<p>&nbsp;<\/p>\n<p>\u00ab\u00a0Voici le r\u00e9cit, pudique et sensible, de gens qui se croisent sans vraiment se voir, qui se c\u00f4toient sans tisser de liens, fig\u00e9s dans leur solitude et leurs pr\u00e9jug\u00e9s. Mais une succession de hasards et d\u2019incidents va remuer cette petite communaut\u00e9, faisant na\u00eetre une complicit\u00e9 improbable entre Charlotte, une jeune femme introvertie, et Gus, un gar\u00e7onnet aventureux. En effet, tous deux ont choisi de croire en leurs r\u00eaves\u2026\u00a0\u00bb<\/p>\n<p><img loading=\"lazy\" class=\"size-medium wp-image-3768 alignleft\" src=\"http:\/\/la-licorne-a-lunettes.fr\/wp-content\/uploads\/2017\/10\/inter-charlotte-et-moi-T1-3-228x300.jpg\" alt=\"\" width=\"228\" height=\"300\" srcset=\"https:\/\/la-licorne-a-lunettes.fr\/wp-content\/uploads\/2017\/10\/inter-charlotte-et-moi-T1-3-228x300.jpg 228w, https:\/\/la-licorne-a-lunettes.fr\/wp-content\/uploads\/2017\/10\/inter-charlotte-et-moi-T1-3-768x1011.jpg 768w, https:\/\/la-licorne-a-lunettes.fr\/wp-content\/uploads\/2017\/10\/inter-charlotte-et-moi-T1-3-778x1024.jpg 778w, https:\/\/la-licorne-a-lunettes.fr\/wp-content\/uploads\/2017\/10\/inter-charlotte-et-moi-T1-3.jpg 1200w\" sizes=\"(max-width: 228px) 100vw, 228px\" \/><strong><img loading=\"lazy\" class=\"size-medium wp-image-3769 alignleft\" src=\"http:\/\/la-licorne-a-lunettes.fr\/wp-content\/uploads\/2017\/10\/inter-charlotte-et-moi-T1-4-228x300.jpg\" alt=\"\" width=\"228\" height=\"300\" srcset=\"https:\/\/la-licorne-a-lunettes.fr\/wp-content\/uploads\/2017\/10\/inter-charlotte-et-moi-T1-4-228x300.jpg 228w, https:\/\/la-licorne-a-lunettes.fr\/wp-content\/uploads\/2017\/10\/inter-charlotte-et-moi-T1-4-768x1011.jpg 768w, https:\/\/la-licorne-a-lunettes.fr\/wp-content\/uploads\/2017\/10\/inter-charlotte-et-moi-T1-4-778x1024.jpg 778w, https:\/\/la-licorne-a-lunettes.fr\/wp-content\/uploads\/2017\/10\/inter-charlotte-et-moi-T1-4.jpg 1200w\" sizes=\"(max-width: 228px) 100vw, 228px\" \/><br \/>\n<\/strong><\/p>\n<p>&nbsp;<\/p>\n<p>&nbsp;<\/p>\n<p>&nbsp;<\/p>\n<p>&nbsp;<\/p>\n<p>&nbsp;<\/p>\n<p>&nbsp;<\/p>\n<p>&nbsp;<\/p>\n<p>La chronique du Blog Le Petit Carr\u00e9 Jaune a tout dit et tr\u00e8s bien, <a href=\"http:\/\/lecarrejaune.canalblog.com\/archives\/2016\/12\/01\/34633609.html#c73631684\" target=\"_blank\" rel=\"noopener noreferrer\">c&rsquo;est ici<\/a><\/p>\n<p><strong>Auteur \/ Illustrateur :&nbsp;Olivier CLERT<\/strong><br \/>\n<strong> Edition : <a href=\"http:\/\/www.makaka-editions.com\/produit\/charlotte-et-moi-tome-1\/\" target=\"_blank\" rel=\"noopener noreferrer\">Makaka Editions<\/a> &#8211; 142 pages &nbsp;&#8211; 23 euros<\/strong><br \/>\n<strong> Ann\u00e9e : Novembre 2016<\/strong><\/p>\n","protected":false},"excerpt":{"rendered":"<p>Tr\u00e8s belle p\u00e9pite d\u00e9couverte en biblioth\u00e8que ! Premi\u00e8re BD d&rsquo;Olivier Clert, qui a auparavant r\u00e9alis\u00e9 les story-boards des dessins anim\u00e9s \u00ab\u00a0Un monstre \u00e0 Paris\u00a0\u00bb et \u00ab\u00a0Le Petit Prince\u00a0\u00bb, et qui propose, ici, une histoire tr\u00e8s bien rythm\u00e9e, si bien&#8230; qu&rsquo;IL FAUT VITE LE TOME 2 !!! Car cela s&rsquo;arr\u00eate en plein suspens&#8230; (A priori en [&hellip;]<\/p>\n","protected":false},"author":1,"featured_media":0,"comment_status":"open","ping_status":"open","sticky":false,"template":"","format":"standard","meta":{"ngg_post_thumbnail":0},"categories":[3,4,48,202,61],"tags":[52,292,7,87,199],"_links":{"self":[{"href":"https:\/\/la-licorne-a-lunettes.fr\/index.php\/wp-json\/wp\/v2\/posts\/3762"}],"collection":[{"href":"https:\/\/la-licorne-a-lunettes.fr\/index.php\/wp-json\/wp\/v2\/posts"}],"about":[{"href":"https:\/\/la-licorne-a-lunettes.fr\/index.php\/wp-json\/wp\/v2\/types\/post"}],"author":[{"embeddable":true,"href":"https:\/\/la-licorne-a-lunettes.fr\/index.php\/wp-json\/wp\/v2\/users\/1"}],"replies":[{"embeddable":true,"href":"https:\/\/la-licorne-a-lunettes.fr\/index.php\/wp-json\/wp\/v2\/comments?post=3762"}],"version-history":[{"count":13,"href":"https:\/\/la-licorne-a-lunettes.fr\/index.php\/wp-json\/wp\/v2\/posts\/3762\/revisions"}],"predecessor-version":[{"id":6553,"href":"https:\/\/la-licorne-a-lunettes.fr\/index.php\/wp-json\/wp\/v2\/posts\/3762\/revisions\/6553"}],"wp:attachment":[{"href":"https:\/\/la-licorne-a-lunettes.fr\/index.php\/wp-json\/wp\/v2\/media?parent=3762"}],"wp:term":[{"taxonomy":"category","embeddable":true,"href":"https:\/\/la-licorne-a-lunettes.fr\/index.php\/wp-json\/wp\/v2\/categories?post=3762"},{"taxonomy":"post_tag","embeddable":true,"href":"https:\/\/la-licorne-a-lunettes.fr\/index.php\/wp-json\/wp\/v2\/tags?post=3762"}],"curies":[{"name":"wp","href":"https:\/\/api.w.org\/{rel}","templated":true}]}}