{"id":3439,"date":"2017-10-08T15:27:25","date_gmt":"2017-10-08T14:27:25","guid":{"rendered":"http:\/\/la-licorne-a-lunettes.fr\/?p=3439"},"modified":"2017-10-08T15:29:45","modified_gmt":"2017-10-08T14:29:45","slug":"explique-moi-la-pauvrete-la-faim-les-migrants-les-refugies","status":"publish","type":"post","link":"https:\/\/la-licorne-a-lunettes.fr\/index.php\/2017\/10\/08\/explique-moi-la-pauvrete-la-faim-les-migrants-les-refugies\/","title":{"rendered":"Explique moi&#8230; la pauvret\u00e9, la faim, les migrants, les r\u00e9fugi\u00e9s"},"content":{"rendered":"<p><img loading=\"lazy\" class=\"size-medium wp-image-3440 alignleft\" src=\"http:\/\/la-licorne-a-lunettes.fr\/wp-content\/uploads\/2017\/10\/pauvrete-faim-300x297.jpg\" alt=\"\" width=\"300\" height=\"297\" srcset=\"https:\/\/la-licorne-a-lunettes.fr\/wp-content\/uploads\/2017\/10\/pauvrete-faim-300x297.jpg 300w, https:\/\/la-licorne-a-lunettes.fr\/wp-content\/uploads\/2017\/10\/pauvrete-faim-150x150.jpg 150w, https:\/\/la-licorne-a-lunettes.fr\/wp-content\/uploads\/2017\/10\/pauvrete-faim-768x761.jpg 768w, https:\/\/la-licorne-a-lunettes.fr\/wp-content\/uploads\/2017\/10\/pauvrete-faim-100x100.jpg 100w, https:\/\/la-licorne-a-lunettes.fr\/wp-content\/uploads\/2017\/10\/pauvrete-faim.jpg 800w\" sizes=\"(max-width: 300px) 100vw, 300px\" \/><\/p>\n<p><img loading=\"lazy\" class=\"size-medium wp-image-3441 aligncenter\" src=\"http:\/\/la-licorne-a-lunettes.fr\/wp-content\/uploads\/2017\/10\/refugies-migrants-300x297.jpg\" alt=\"\" width=\"300\" height=\"297\" srcset=\"https:\/\/la-licorne-a-lunettes.fr\/wp-content\/uploads\/2017\/10\/refugies-migrants-300x297.jpg 300w, https:\/\/la-licorne-a-lunettes.fr\/wp-content\/uploads\/2017\/10\/refugies-migrants-150x150.jpg 150w, https:\/\/la-licorne-a-lunettes.fr\/wp-content\/uploads\/2017\/10\/refugies-migrants-768x761.jpg 768w, https:\/\/la-licorne-a-lunettes.fr\/wp-content\/uploads\/2017\/10\/refugies-migrants-100x100.jpg 100w, https:\/\/la-licorne-a-lunettes.fr\/wp-content\/uploads\/2017\/10\/refugies-migrants.jpg 800w\" sizes=\"(max-width: 300px) 100vw, 300px\" \/><\/p>\n<p>&nbsp;<\/p>\n<p>Comment parler avec les enfants de ce qui se passe dans le monde ?<\/p>\n<p>Des sujets forts qu&rsquo;il n&rsquo;est pas toujours \u00e9vident d&rsquo;aborder avec les plus jeunes, ni d&rsquo;aborder tout court.<\/p>\n<p>Un livre, c&rsquo;est un passeur, un moyen de transmettre, un lien, une ouverture \u00e0 l&rsquo;autre, une invitation \u00e0 la discussion.<\/p>\n<p>C&rsquo;est ici que se situent ces deux albums, me semble-t-il, \u00e0 mi-chemin entre le p\u00e9dagogique et le philosophique. Les conditions humaines difficiles y sont d\u00e9crites simplement, sans \u00eatre simplistes : \u00ab\u00a0sans inqui\u00e9ter, mais sans rien cacher\u00a0\u00bb.<\/p>\n<p>Le livre tente une explication sous la forme d&rsquo;un r\u00e9cit explicatif, en adresse directe au lecteur, l&rsquo;impliquant peu \u00e0 peu dans le sujet, l&rsquo;invitant \u00e0 la r\u00e9flexion, \u00e0 la prise de distance, \u00e0 la prise de conscience de l&rsquo;autre.<\/p>\n<p>Un bibliographie est propos\u00e9e en fin d&rsquo;ouvrage ainsi qu&rsquo;un glossaire expliquant les termes cl\u00e9s.<!--more--><\/p>\n<blockquote><p>pour expliquer la diff\u00e9rence entre r\u00e9fugi\u00e9s et migrants, les raisons qui conduisent beaucoup de gens sur notre plan\u00e8te \u00e0 quitter leur maison et leur pays, les conditions de leur voyage, et les cons\u00e9quences de ce d\u00e9part parfois volontaire, le plus souvent forc\u00e9, sur leur vie de tous les jours.<\/p>\n<p>pour expliquer pourquoi et comment naissent la pauvret\u00e9 et la faim, les terribles cons\u00e9quences des guerres comme des d\u00e9sastres naturels (tremblements de terre, cyclones\u2026), mais aussi comment on peut chacun aider les gens en d\u00e9tresse.<\/p><\/blockquote>\n<p>Le traitement illustratif un peu na\u00eef et tr\u00e8s po\u00e9tique, dans des tons pastels, pose les situations, apporte une vision. Fil rouge incarn\u00e9, un chat jalonne les pages, comme un point de rep\u00e8re, offrant un point de vue, raccrochant peut-\u00eatre l&rsquo;enfant auditeur\/lecteur \u00e0 un un \u00e9l\u00e9ment de sa r\u00e9alit\u00e9 \u00e0 lui, de son quotidien \u00e0 lui, le rapprochant ainsi peut-\u00eatre des \u00e9v\u00e8nements v\u00e9cus par les protagonistes de l&rsquo;album.<\/p>\n<p><strong>Auteurs : Louise Spilsbury &#8211; Ceri Roberts<\/strong><br \/>\n<strong>Illustrateur : Hanane Kai<\/strong><br \/>\n<strong>Edition : N<a href=\"http:\/\/www.nathan.fr\/catalogue\/fiche-produit.asp?ean13=9782092576267\">athan<\/a> &#8211; Album &#8211; Collection <em>Explique moi<\/em>&#8230; 32 pages &#8211; 12,90 euros<\/strong><br \/>\n<strong>Ann\u00e9e : Septembre 2017<\/strong><\/p>\n","protected":false},"excerpt":{"rendered":"<p>&nbsp; Comment parler avec les enfants de ce qui se passe dans le monde ? Des sujets forts qu&rsquo;il n&rsquo;est pas toujours \u00e9vident d&rsquo;aborder avec les plus jeunes, ni d&rsquo;aborder tout court. Un livre, c&rsquo;est un passeur, un moyen de transmettre, un lien, une ouverture \u00e0 l&rsquo;autre, une invitation \u00e0 la discussion. C&rsquo;est ici que [&hellip;]<\/p>\n","protected":false},"author":1,"featured_media":0,"comment_status":"open","ping_status":"open","sticky":false,"template":"","format":"standard","meta":{"ngg_post_thumbnail":0},"categories":[3,45],"tags":[261,198,179,260,213],"_links":{"self":[{"href":"https:\/\/la-licorne-a-lunettes.fr\/index.php\/wp-json\/wp\/v2\/posts\/3439"}],"collection":[{"href":"https:\/\/la-licorne-a-lunettes.fr\/index.php\/wp-json\/wp\/v2\/posts"}],"about":[{"href":"https:\/\/la-licorne-a-lunettes.fr\/index.php\/wp-json\/wp\/v2\/types\/post"}],"author":[{"embeddable":true,"href":"https:\/\/la-licorne-a-lunettes.fr\/index.php\/wp-json\/wp\/v2\/users\/1"}],"replies":[{"embeddable":true,"href":"https:\/\/la-licorne-a-lunettes.fr\/index.php\/wp-json\/wp\/v2\/comments?post=3439"}],"version-history":[{"count":4,"href":"https:\/\/la-licorne-a-lunettes.fr\/index.php\/wp-json\/wp\/v2\/posts\/3439\/revisions"}],"predecessor-version":[{"id":3447,"href":"https:\/\/la-licorne-a-lunettes.fr\/index.php\/wp-json\/wp\/v2\/posts\/3439\/revisions\/3447"}],"wp:attachment":[{"href":"https:\/\/la-licorne-a-lunettes.fr\/index.php\/wp-json\/wp\/v2\/media?parent=3439"}],"wp:term":[{"taxonomy":"category","embeddable":true,"href":"https:\/\/la-licorne-a-lunettes.fr\/index.php\/wp-json\/wp\/v2\/categories?post=3439"},{"taxonomy":"post_tag","embeddable":true,"href":"https:\/\/la-licorne-a-lunettes.fr\/index.php\/wp-json\/wp\/v2\/tags?post=3439"}],"curies":[{"name":"wp","href":"https:\/\/api.w.org\/{rel}","templated":true}]}}