{"id":3153,"date":"2017-08-21T19:15:51","date_gmt":"2017-08-21T18:15:51","guid":{"rendered":"http:\/\/la-licorne-a-lunettes.fr\/?p=3153"},"modified":"2018-02-13T22:54:37","modified_gmt":"2018-02-13T21:54:37","slug":"emilie-chazerand-nous-parle-de-son-nouveau-roman-la-fourmi-rouge-et-de-ses-lectures-denfance","status":"publish","type":"post","link":"https:\/\/la-licorne-a-lunettes.fr\/index.php\/2017\/08\/21\/emilie-chazerand-nous-parle-de-son-nouveau-roman-la-fourmi-rouge-et-de-ses-lectures-denfance\/","title":{"rendered":"Emilie Chazerand nous parle de son nouveau roman La Fourmi Rouge et de ses lectures d&rsquo;enfance"},"content":{"rendered":"<div dir=\"ltr\">\n<figure id=\"attachment_3156\" aria-describedby=\"caption-attachment-3156\" style=\"width: 225px\" class=\"wp-caption alignleft\"><img loading=\"lazy\" class=\"size-medium wp-image-3156\" src=\"http:\/\/la-licorne-a-lunettes.fr\/wp-content\/uploads\/2017\/08\/chazerand-emilie-225x300.jpg\" alt=\"\" width=\"225\" height=\"300\" srcset=\"https:\/\/la-licorne-a-lunettes.fr\/wp-content\/uploads\/2017\/08\/chazerand-emilie-225x300.jpg 225w, https:\/\/la-licorne-a-lunettes.fr\/wp-content\/uploads\/2017\/08\/chazerand-emilie.jpg 512w\" sizes=\"(max-width: 225px) 100vw, 225px\" \/><figcaption id=\"caption-attachment-3156\" class=\"wp-caption-text\">(c) Sarbacane<\/figcaption><\/figure>\n<p>Oyez, oyez ! \u00c0 l&rsquo;occasion de la sortie du futur bestseller \u00ab\u00a0<a href=\"http:\/\/la-licorne-a-lunettes.fr\/index.php\/2017\/08\/06\/la-fourmi-rouge\/\">La Fourmi Rouge<\/a>\u00a0\u00bb (chroniqu\u00e9 <a href=\"http:\/\/la-licorne-a-lunettes.fr\/index.php\/2017\/08\/06\/la-fourmi-rouge\/\">ici<\/a>) aux \u00e9ditions Sarbacane (J-1 mon ami, si j&rsquo;\u00e9tais toi, j&rsquo;irai de ce pas enlev\u00e9 mais \u00e9l\u00e9gant commander ce fabuleux ouvrage chez ton libraire ch\u00e9ri), Emilie Chazerand nous parle de sa passion pour l&rsquo;\u00e9criture, de son p\u00e9tillant et impertinent personnage Vania Strudel (VANIA POWA !!!), ainsi que de ses lectures d&rsquo;enfances.&nbsp;<\/p>\n<p>Quelques \u00e9l\u00e9ments&nbsp;de pr\u00e9sentation&nbsp;: \u00ab\u00a0<em>Emilie Chazerand vit pr\u00e8s de Strasbourg, o\u00f9 elle a \u00e9t\u00e9 \u00ab\u00a0trouv\u00e9e dans un paquet de nouilles\u00a0\u00bb en 1983. Petite, elle d\u00e9vore les livres. Apr\u00e8s avoir \u00e9t\u00e9&nbsp;infirmi\u00e8re, elle se met \u00e0 \u00e9crire des aventures tarabiscot\u00e9es et peu \u00e0 peu, les livres reprennent la premi\u00e8re place dans sa vie.&nbsp;Elle a une bicyclette hollandaise, deux matous dodus, trois francs six sous, quatre blagues rigolotes, cinq bonnes raisons de se lever le matin, six projets pour quand elle sera vraiment grande et sept vies, comme les chats.\u00a0\u00bb<\/em><\/p>\n<p>De la passion (une tonne), du talent (des tonnes), de l&rsquo;humour (des exatonnes): un cocktail explosif qui va faire du bruit ! &nbsp;<\/p>\n<\/div>\n<div dir=\"ltr\">L\u00e2chez ce que vous \u00eates en train de faire et d\u00e9couvrez l&rsquo;univers de cette auteure \u00e0 la plume bien affut\u00e9e !&nbsp;<\/div>\n<div dir=\"ltr\">&nbsp;<\/div>\n<div dir=\"ltr\">&#8211; &#8211; &#8211; &#8211; &#8211; &#8211; &#8211; &#8211; &#8211; &#8211; &#8211; &#8211; &#8211; &#8211; &#8211; &#8211; &#8211; &#8211; &#8211; &#8211; &#8211; &#8211; &#8211; &#8211;<\/div>\n<div dir=\"ltr\">&nbsp;<\/div>\n<div dir=\"ltr\">\n<p><strong><img loading=\"lazy\" class=\"alignleft wp-image-1432\" src=\"http:\/\/la-licorne-a-lunettes.fr\/wp-content\/uploads\/2016\/10\/microetlivre-230x300.jpg\" alt=\"\" width=\"95\" height=\"123\" srcset=\"https:\/\/la-licorne-a-lunettes.fr\/wp-content\/uploads\/2016\/10\/microetlivre-230x300.jpg 230w, https:\/\/la-licorne-a-lunettes.fr\/wp-content\/uploads\/2016\/10\/microetlivre-768x1001.jpg 768w, https:\/\/la-licorne-a-lunettes.fr\/wp-content\/uploads\/2016\/10\/microetlivre-786x1024.jpg 786w, https:\/\/la-licorne-a-lunettes.fr\/wp-content\/uploads\/2016\/10\/microetlivre.jpg 1278w\" sizes=\"(max-width: 95px) 100vw, 95px\" \/>&#8211; La Licorne \u00e0 Lunettes : <a href=\"http:\/\/la-licorne-a-lunettes.fr\/index.php\/2017\/08\/06\/la-fourmi-rouge\/\">La Fourmi rouge <\/a>vient de sortir, un futur bestseller \u00e0 coup s\u00fbr : quelles ont \u00e9t\u00e9 vos sources d&rsquo;inspiration principales ? Comment est n\u00e9e Vania Strudel ? D&rsquo;o\u00f9 vous vient cet humour d\u00e9capant qu&rsquo;on d\u00e9c\u00e8le dans vos pr\u00e9c\u00e9dents ouvrages (Je suis fan de <a href=\"http:\/\/la-licorne-a-lunettes.fr\/index.php\/2017\/04\/04\/quel-morfal-ce-gwendal\/\">Quel morfal ce Gwendal !<\/a> et Suzon) et qui excelle encore une fois ici dans ce roman si d\u00e9sopilant et impertinent ?<\/strong><\/p>\n<\/div>\n<div dir=\"ltr\">\n<p>Emilie Chazerand : J&rsquo;ai \u00e9crit la Fourmi rouge pendant ma seconde grossesse. C&rsquo;\u00e9tait une p\u00e9riode o\u00f9 je pensais \u00e0 mon pass\u00e9, mon histoire personnelle, et \u00e0 l&rsquo;avenir de mes enfants. J&rsquo;essaie souvent de visualiser l&rsquo;adolescence de ma fille, par exemple. J&rsquo;imagine les choses auxquelles elle sera immanquablement confront\u00e9e et je fr\u00e9mis d\u00e9j\u00e0 pour elle. Je crois que j&rsquo;ai eu envie de lui fabriquer une bonne copine. Quelqu&rsquo;un qu&rsquo;elle pourra retrouver au chaud, dans des pages, et qui la rassurera. \u00c0 cette p\u00e9riode, elle ne viendra certainement pas chercher r\u00e9confort et consolation chez moi. Je serai bien trop vieille, d\u00e9bile et nulle \u00e0 ses yeux. Mais elle aura Vania. Les livres peuvent \u00eatre de merveilleux soutiens, je le sais pertinemment. &nbsp; &nbsp;&nbsp;<br \/>\n&nbsp;&nbsp;<\/p>\n<\/div>\n<p><!--more--><\/p>\n<figure id=\"attachment_3142\" aria-describedby=\"caption-attachment-3142\" style=\"width: 130px\" class=\"wp-caption alignright\"><a href=\"http:\/\/la-licorne-a-lunettes.fr\/index.php\/2017\/08\/06\/la-fourmi-rouge\/\"><img loading=\"lazy\" class=\" wp-image-3142\" src=\"http:\/\/la-licorne-a-lunettes.fr\/wp-content\/uploads\/2017\/08\/lafourmirouge-188x300.jpg\" alt=\"\" width=\"130\" height=\"207\" srcset=\"https:\/\/la-licorne-a-lunettes.fr\/wp-content\/uploads\/2017\/08\/lafourmirouge-188x300.jpg 188w, https:\/\/la-licorne-a-lunettes.fr\/wp-content\/uploads\/2017\/08\/lafourmirouge.jpg 342w\" sizes=\"(max-width: 130px) 100vw, 130px\" \/><\/a><figcaption id=\"caption-attachment-3142\" class=\"wp-caption-text\">(c) Sarbacane<\/figcaption><\/figure>\n<div>En ce qui concerne l&rsquo;humour, je ne sais pas communiquer autrement. Je trouve tout, ou presque, dr\u00f4le. M\u00eame les choses les plus r\u00e9voltantes le sont, quand on prend un peu de recul et qu&rsquo;on les observe sous un autre angle. Dans ma famille, on ne se parlait pas, on se charriait. Les discussions autour du poulet r\u00f4ti pouvaient \u00eatre d&rsquo;une cruaut\u00e9 inou\u00efe mais toujours d\u00e9sopilantes. On compte pas mal de sniper du bon mot, chez moi. Je suis loin d&rsquo;\u00eatre la plus rigolote, d&rsquo;ailleurs. Je ne m&rsquo;\u00e9clate pas du tout \u00e0 \u00e9crire des trucs sombres et lourds. Je respire mal quand je le fais. Personne n&rsquo;a besoin qu&rsquo;on surajoute du drame \u00e0 la r\u00e9alit\u00e9.&nbsp;<\/div>\n<div>&nbsp;<\/div>\n<div><strong>La Licorne \u00e0 Lunettes :&nbsp;Se mettre \u00e0 la place d&rsquo;un adolescent dans l&rsquo;\u00e9criture, cela implique quoi exactement ?<\/strong><\/div>\n<div>\n<p><img loading=\"lazy\" class=\"wp-image-3145 alignleft\" src=\"http:\/\/la-licorne-a-lunettes.fr\/wp-content\/uploads\/2017\/08\/Fourmi-phrase3-300x256.jpg\" alt=\"\" width=\"213\" height=\"181\" srcset=\"https:\/\/la-licorne-a-lunettes.fr\/wp-content\/uploads\/2017\/08\/Fourmi-phrase3-300x256.jpg 300w, https:\/\/la-licorne-a-lunettes.fr\/wp-content\/uploads\/2017\/08\/Fourmi-phrase3-768x654.jpg 768w, https:\/\/la-licorne-a-lunettes.fr\/wp-content\/uploads\/2017\/08\/Fourmi-phrase3.jpg 1008w\" sizes=\"(max-width: 213px) 100vw, 213px\" \/><\/p>\n<p>Emilie Chazerand : Cela implique de s&rsquo;ouvrir un peu. Aux incertitudes, aux doutes, aux questionnements et aux \u00e9motions les plus crues. D&rsquo;\u00eatre honn\u00eate, aussi, je crois. Adultes, on apprend \u00e0 communiquer de fa\u00e7on adapt\u00e9e, avec un tas de filtres. C&rsquo;est important, parce que \u00e7a \u00e9vite des passages \u00e0 l&rsquo;acte sanglants, mais c&rsquo;est extr\u00eamement triste, aussi. Vieillir, c&rsquo;est raboter et polir ce qui d\u00e9borde et d\u00e9passe, pour devenir conforme \u00e0 ce qu&rsquo;on exige de nous. L&rsquo;adolescent est plus libre. Il ne le sait pas mais il est dans la phase la plus audacieuse et authentique de son histoire. Alors quand on \u00e9crit pour eux, il faut tenter de l&rsquo;\u00eatre un minimum.<\/p>\n<\/div>\n<div><strong>La Licorne \u00e0 Lunettes :&nbsp;Le roman d&rsquo;ado prend beaucoup d&rsquo;ampleur aujourd&rsquo;hui, plus diversifi\u00e9, plus qualitatif. Quels sont les auteurs de r\u00e9f\u00e9rence dans ce domaine, selon vous ?<\/strong><\/div>\n<div>\n<p><a href=\"http:\/\/la-licorne-a-lunettes.fr\/index.php\/2016\/05\/15\/hollandais-sans-peine\/\"><img loading=\"lazy\" class=\"wp-image-703 alignright\" src=\"http:\/\/la-licorne-a-lunettes.fr\/wp-content\/uploads\/2016\/05\/hollandais-peine-197x300.jpg\" alt=\"\" width=\"85\" height=\"130\" srcset=\"https:\/\/la-licorne-a-lunettes.fr\/wp-content\/uploads\/2016\/05\/hollandais-peine-197x300.jpg 197w, https:\/\/la-licorne-a-lunettes.fr\/wp-content\/uploads\/2016\/05\/hollandais-peine.jpg 340w\" sizes=\"(max-width: 85px) 100vw, 85px\" \/><\/a><\/p>\n<figure id=\"attachment_3160\" aria-describedby=\"caption-attachment-3160\" style=\"width: 83px\" class=\"wp-caption alignright\"><img loading=\"lazy\" class=\" wp-image-3160\" src=\"http:\/\/la-licorne-a-lunettes.fr\/wp-content\/uploads\/2017\/08\/babysitterblues-196x300.jpg\" alt=\"\" width=\"83\" height=\"127\" srcset=\"https:\/\/la-licorne-a-lunettes.fr\/wp-content\/uploads\/2017\/08\/babysitterblues-196x300.jpg 196w, https:\/\/la-licorne-a-lunettes.fr\/wp-content\/uploads\/2017\/08\/babysitterblues.jpg 340w\" sizes=\"(max-width: 83px) 100vw, 83px\" \/><figcaption id=\"caption-attachment-3160\" class=\"wp-caption-text\">(c) EDL<\/figcaption><\/figure>\n<p><img loading=\"lazy\" class=\"wp-image-3158 alignright\" src=\"http:\/\/la-licorne-a-lunettes.fr\/wp-content\/uploads\/2017\/08\/Oh-boy--300x300.jpg\" alt=\"\" width=\"132\" height=\"132\" srcset=\"https:\/\/la-licorne-a-lunettes.fr\/wp-content\/uploads\/2017\/08\/Oh-boy--300x300.jpg 300w, https:\/\/la-licorne-a-lunettes.fr\/wp-content\/uploads\/2017\/08\/Oh-boy--150x150.jpg 150w, https:\/\/la-licorne-a-lunettes.fr\/wp-content\/uploads\/2017\/08\/Oh-boy--100x100.jpg 100w, https:\/\/la-licorne-a-lunettes.fr\/wp-content\/uploads\/2017\/08\/Oh-boy--200x200.jpg 200w, https:\/\/la-licorne-a-lunettes.fr\/wp-content\/uploads\/2017\/08\/Oh-boy-.jpg 340w\" sizes=\"(max-width: 132px) 100vw, 132px\" \/>Emilie Chazerand :&nbsp;Je vais \u00eatre extr\u00eamement d\u00e9cevante mais je dois avouer que je n&rsquo;ai pas une connaissance encyclop\u00e9dique des auteurs contemporains. Je suis une petite vieille qui porte un masque de trentenaire et j&rsquo;aime beaucoup les \u00e9crivains morts&#8230; Je lis peu de litt\u00e9rature dite \u00ab\u00a0jeunesse\u00a0\u00bb. D\u00e9j\u00e0, parce que je trouve ce cloisonnement un peu d\u00e9bile et assez symptomatique des n\u00e9vroses de notre \u00e9poque. Tout compartimenter, classifier, genrer&#8230; Je suis bien trop bord\u00e9lique pour rentrer dans ce d\u00e9lire.<\/p>\n<p><img loading=\"lazy\" class=\"alignleft wp-image-3163\" src=\"http:\/\/la-licorne-a-lunettes.fr\/wp-content\/uploads\/2017\/08\/couv-Songe-a-la-douceur-620x987-188x300.jpg\" alt=\"\" width=\"94\" height=\"150\" srcset=\"https:\/\/la-licorne-a-lunettes.fr\/wp-content\/uploads\/2017\/08\/couv-Songe-a-la-douceur-620x987-188x300.jpg 188w, https:\/\/la-licorne-a-lunettes.fr\/wp-content\/uploads\/2017\/08\/couv-Songe-a-la-douceur-620x987.jpg 620w\" sizes=\"(max-width: 94px) 100vw, 94px\" \/><\/p>\n<p><img loading=\"lazy\" class=\"alignleft wp-image-3162\" src=\"http:\/\/la-licorne-a-lunettes.fr\/wp-content\/uploads\/2017\/08\/Couv-Les-petites-reines-620x987-188x300.jpg\" alt=\"\" width=\"96\" height=\"154\" srcset=\"https:\/\/la-licorne-a-lunettes.fr\/wp-content\/uploads\/2017\/08\/Couv-Les-petites-reines-620x987-188x300.jpg 188w, https:\/\/la-licorne-a-lunettes.fr\/wp-content\/uploads\/2017\/08\/Couv-Les-petites-reines-620x987.jpg 620w\" sizes=\"(max-width: 96px) 100vw, 96px\" \/><img loading=\"lazy\" class=\"alignleft wp-image-3161\" src=\"http:\/\/la-licorne-a-lunettes.fr\/wp-content\/uploads\/2017\/08\/commedesimagescouv-188x300.jpg\" alt=\"\" width=\"96\" height=\"153\" srcset=\"https:\/\/la-licorne-a-lunettes.fr\/wp-content\/uploads\/2017\/08\/commedesimagescouv-188x300.jpg 188w, https:\/\/la-licorne-a-lunettes.fr\/wp-content\/uploads\/2017\/08\/commedesimagescouv-768x1224.jpg 768w, https:\/\/la-licorne-a-lunettes.fr\/wp-content\/uploads\/2017\/08\/commedesimagescouv-643x1024.jpg 643w, https:\/\/la-licorne-a-lunettes.fr\/wp-content\/uploads\/2017\/08\/commedesimagescouv.jpg 797w\" sizes=\"(max-width: 96px) 100vw, 96px\" \/><\/p>\n<p>&nbsp;<\/p>\n<p>Mais s&rsquo;il faut absolument que je donne des noms, je dirai que j&rsquo;aime beaucoup <a href=\"https:\/\/www.ecoledesloisirs.fr\/auteur\/marie-aude-murail\">Marie-Aude&nbsp;Murail<\/a> et que, selon moi, <a href=\"http:\/\/www.clementinebeauvais.com\/fr\/\">Cl\u00e9mentine Beauvais<\/a> a un cerveau d&rsquo;une beaut\u00e9 \u00e9poustouflante. M\u00eame si c&rsquo;est bizarre de le dire de cette fa\u00e7on.&nbsp;<\/p>\n<\/div>\n<p>&nbsp;<\/p>\n<p>&nbsp;<\/p>\n<div dir=\"ltr\">\n<div><strong>La Licorne \u00e0 Lunettes : C&rsquo;est votre premier roman <em>Exprim&rsquo;<\/em> publi\u00e9 chez Sarbacane, comment s&rsquo;est d\u00e9roul\u00e9e cette collaboration&nbsp;auteure \/ \u00e9diteur avec Tibo B\u00e9rard ? Allez, entrouvons u peu la porte du myst\u00e8re&#8230;<\/strong><\/div>\n<div>\n<p>Emilie Chazerand :&nbsp;Je ne veux me f\u00e2cher avec personne mais, selon moi, Tibo B\u00e9rard a tout compris au m\u00e9tier d&rsquo;\u00e9diteur et en est la version la plus moderne et aboutie. Il est enthousiaste, optimiste, soutenant. Il est touchant dans son investissement. Il aime les histoires, les personnages et, de fait, les auteurs. Je crois sinc\u00e8rement que pour bien faire son travail, on a besoin de reconnaissance, de valorisation et de bienveillance. Et Tibo le sait. (ou alors il fait super bien semblant et c&rsquo;est une crapule de comp\u00e8te.) Il s&rsquo;adapte, pige tr\u00e8s vite les fragilit\u00e9s de son interlocuteur, les compense. Il est perfectionniste, jusqu&rsquo;au-boutiste m\u00eame. Il fouille, creuse, exhume, cherche, avance, revient en arri\u00e8re&#8230; Il est hyper s\u00e9rieux et travailleur tout en \u00e9tant l\u00e9ger et vraiment dr\u00f4le. Il a une \u00e2me d&rsquo;enfant et une cervelle d&rsquo;homme d&rsquo;affaires, en somme. J&rsquo;ai ador\u00e9 bosser avec lui. Et je comprends qu&rsquo;on organise des combats de rue clandestins dans tout Paris pour avoir ce privil\u00e8ge&#8230;&nbsp;<img loading=\"lazy\" class=\"wp-image-3166 alignright\" src=\"http:\/\/la-licorne-a-lunettes.fr\/wp-content\/uploads\/2017\/08\/quand-je-serai-reine-230x300.jpg\" alt=\"\" width=\"162\" height=\"211\" srcset=\"https:\/\/la-licorne-a-lunettes.fr\/wp-content\/uploads\/2017\/08\/quand-je-serai-reine-230x300.jpg 230w, https:\/\/la-licorne-a-lunettes.fr\/wp-content\/uploads\/2017\/08\/quand-je-serai-reine-768x1000.jpg 768w, https:\/\/la-licorne-a-lunettes.fr\/wp-content\/uploads\/2017\/08\/quand-je-serai-reine-786x1024.jpg 786w, https:\/\/la-licorne-a-lunettes.fr\/wp-content\/uploads\/2017\/08\/quand-je-serai-reine.jpg 1254w\" sizes=\"(max-width: 162px) 100vw, 162px\" \/><\/p>\n<\/div>\n<div>\n<p><strong>La Licorne \u00e0 Lunettes : Je vous comprends&#8230; Hum, revenons \u00e0 vous. Vous avez d\u00e9j\u00e0 publi\u00e9 plusieurs albums jeunesse. Comment travaillez-vous avec les illustrateurs\/illustratrices, notamment avec Amandine Piu ? Avez-vous quelques anecdotes ?<\/strong><\/p>\n<\/div>\n<div>Emilie Chazerand :&nbsp;Les illustrateurs ne fonctionnent pas tous de la m\u00eame fa\u00e7on. Certains aiment montrer l&rsquo;\u00e9volution de leurs recherches, en m&rsquo;envoyant des croquis, des essais. Et j&rsquo;adore \u00e7a. C&rsquo;est le cas de <a href=\"http:\/\/www.geraldguerlais.com\/\">G\u00e9rald Guerlais<\/a> et d&rsquo;<a href=\"http:\/\/www.piupiu.fr\/portfolio\/index.php#album=11&amp;photo=434\">Amandine Piu<\/a>, par exemple, qui consid\u00e8rent vraiment ce travail comme un partenariat. Ils ont l&rsquo;esprit d&rsquo;\u00e9quipe \u00e0 fond patates.&nbsp;<\/div>\n<div><img loading=\"lazy\" class=\"wp-image-3174 alignleft\" src=\"http:\/\/la-licorne-a-lunettes.fr\/wp-content\/uploads\/2017\/08\/couv-Jean-Jean-620x818-227x300.jpg\" alt=\"\" width=\"110\" height=\"146\" srcset=\"https:\/\/la-licorne-a-lunettes.fr\/wp-content\/uploads\/2017\/08\/couv-Jean-Jean-620x818-227x300.jpg 227w, https:\/\/la-licorne-a-lunettes.fr\/wp-content\/uploads\/2017\/08\/couv-Jean-Jean-620x818.jpg 620w\" sizes=\"(max-width: 110px) 100vw, 110px\" \/>&nbsp;<img loading=\"lazy\" class=\"wp-image-3176 alignleft\" src=\"http:\/\/la-licorne-a-lunettes.fr\/wp-content\/uploads\/2017\/08\/un-frere-en-bocal-300x300.png\" alt=\"\" width=\"133\" height=\"133\" srcset=\"https:\/\/la-licorne-a-lunettes.fr\/wp-content\/uploads\/2017\/08\/un-frere-en-bocal-300x300.png 300w, https:\/\/la-licorne-a-lunettes.fr\/wp-content\/uploads\/2017\/08\/un-frere-en-bocal-150x150.png 150w, https:\/\/la-licorne-a-lunettes.fr\/wp-content\/uploads\/2017\/08\/un-frere-en-bocal-100x100.png 100w, https:\/\/la-licorne-a-lunettes.fr\/wp-content\/uploads\/2017\/08\/un-frere-en-bocal-200x200.png 200w, https:\/\/la-licorne-a-lunettes.fr\/wp-content\/uploads\/2017\/08\/un-frere-en-bocal.png 500w\" sizes=\"(max-width: 133px) 100vw, 133px\" \/><img loading=\"lazy\" class=\"wp-image-3175 alignleft\" src=\"http:\/\/la-licorne-a-lunettes.fr\/wp-content\/uploads\/2017\/08\/couv-Petite-sirene-a-lhuile-copie-227x300.jpg\" alt=\"\" width=\"105\" height=\"139\" srcset=\"https:\/\/la-licorne-a-lunettes.fr\/wp-content\/uploads\/2017\/08\/couv-Petite-sirene-a-lhuile-copie-227x300.jpg 227w, https:\/\/la-licorne-a-lunettes.fr\/wp-content\/uploads\/2017\/08\/couv-Petite-sirene-a-lhuile-copie.jpg 606w\" sizes=\"(max-width: 105px) 100vw, 105px\" \/>Certains ont parfois des demandes de r\u00e9ajustements sur le texte, en fonction de la mani\u00e8re dont ils veulent le traduire en image, comme <a href=\"https:\/\/www.flickr.com\/photos\/31447641@N05\/\">Aur\u00e9lie Guillerey<\/a> par exemple. Elle est tr\u00e8s exigeante envers elle-m\u00eame et tr\u00e8s soucieuse de la qualit\u00e9 du produit fini. C&rsquo;est une orf\u00e8vre. Elle ne m\u00e9nage pas ses efforts et c&rsquo;est tr\u00e8s enrichissant de bosser avec elle.<\/div>\n<div>\n<p>Avec certains, je fais juste connaissance par mails interpos\u00e9s, et \u00e7a peut \u00eatre tr\u00e8s joyeux et tendre comme rester assez formel mais tr\u00e8s cordial. &nbsp;<\/p>\n<\/div>\n<div>\n<p><img loading=\"lazy\" class=\"wp-image-3168 alignright\" src=\"http:\/\/la-licorne-a-lunettes.fr\/wp-content\/uploads\/2017\/08\/horrible-meme-238x300.jpg\" alt=\"\" width=\"128\" height=\"161\" srcset=\"https:\/\/la-licorne-a-lunettes.fr\/wp-content\/uploads\/2017\/08\/horrible-meme-238x300.jpg 238w, https:\/\/la-licorne-a-lunettes.fr\/wp-content\/uploads\/2017\/08\/horrible-meme.jpg 634w\" sizes=\"(max-width: 128px) 100vw, 128px\" \/><img loading=\"lazy\" class=\"wp-image-3171 alignright\" src=\"http:\/\/la-licorne-a-lunettes.fr\/wp-content\/uploads\/2017\/08\/Suzon-piquenique-300x300.jpg\" alt=\"\" width=\"166\" height=\"166\" srcset=\"https:\/\/la-licorne-a-lunettes.fr\/wp-content\/uploads\/2017\/08\/Suzon-piquenique-300x300.jpg 300w, https:\/\/la-licorne-a-lunettes.fr\/wp-content\/uploads\/2017\/08\/Suzon-piquenique-150x150.jpg 150w, https:\/\/la-licorne-a-lunettes.fr\/wp-content\/uploads\/2017\/08\/Suzon-piquenique-768x768.jpg 768w, https:\/\/la-licorne-a-lunettes.fr\/wp-content\/uploads\/2017\/08\/Suzon-piquenique-100x100.jpg 100w, https:\/\/la-licorne-a-lunettes.fr\/wp-content\/uploads\/2017\/08\/Suzon-piquenique-200x200.jpg 200w, https:\/\/la-licorne-a-lunettes.fr\/wp-content\/uploads\/2017\/08\/Suzon-piquenique.jpg 800w\" sizes=\"(max-width: 166px) 100vw, 166px\" \/><img loading=\"lazy\" class=\"wp-image-3170 alignright\" src=\"http:\/\/la-licorne-a-lunettes.fr\/wp-content\/uploads\/2017\/08\/Mireille-Marcassin-300x300.jpg\" alt=\"\" width=\"162\" height=\"162\" srcset=\"https:\/\/la-licorne-a-lunettes.fr\/wp-content\/uploads\/2017\/08\/Mireille-Marcassin-300x300.jpg 300w, https:\/\/la-licorne-a-lunettes.fr\/wp-content\/uploads\/2017\/08\/Mireille-Marcassin-150x150.jpg 150w, https:\/\/la-licorne-a-lunettes.fr\/wp-content\/uploads\/2017\/08\/Mireille-Marcassin-768x768.jpg 768w, https:\/\/la-licorne-a-lunettes.fr\/wp-content\/uploads\/2017\/08\/Mireille-Marcassin-100x100.jpg 100w, https:\/\/la-licorne-a-lunettes.fr\/wp-content\/uploads\/2017\/08\/Mireille-Marcassin-200x200.jpg 200w, https:\/\/la-licorne-a-lunettes.fr\/wp-content\/uploads\/2017\/08\/Mireille-Marcassin.jpg 800w\" sizes=\"(max-width: 162px) 100vw, 162px\" \/>Amandine, c&rsquo;est encore diff\u00e9rent. On est proches, dans la vie. Elle est la marraine de mon fils, la super copine que j&rsquo;appelle quand je crois que le Monde me hait, le bin\u00f4me avec lequel j&rsquo;invente des histoires pour des livres impubliables.&nbsp;<\/p>\n<\/div>\n<div>Elle est du genre \u00e0 douter, en permanence, \u00e0 faire douze dessins pour une image et \u00e0 me demander de choisir. On teste nos histoires sur son fils a\u00een\u00e9, notre comit\u00e9 de lecture incarn\u00e9, le plus dur de l&rsquo;univers&#8230;&nbsp;<\/div>\n<div>&nbsp;<\/div>\n<div><img loading=\"lazy\" class=\"wp-image-3169 alignleft\" src=\"http:\/\/la-licorne-a-lunettes.fr\/wp-content\/uploads\/2017\/08\/jardin-animaux-zinzins-250x300.jpg\" alt=\"\" width=\"150\" height=\"180\" srcset=\"https:\/\/la-licorne-a-lunettes.fr\/wp-content\/uploads\/2017\/08\/jardin-animaux-zinzins-250x300.jpg 250w, https:\/\/la-licorne-a-lunettes.fr\/wp-content\/uploads\/2017\/08\/jardin-animaux-zinzins.jpg 425w\" sizes=\"(max-width: 150px) 100vw, 150px\" \/>Mon r\u00eave de petite fille \u00e9tait d&rsquo;\u00e9crire un livre pour enfants. Et, quand j&rsquo;\u00e9tais encore infirmi\u00e8re et que je voyais ses cartes postales fleurir partout, chez moi \u00e0 Strasbourg, j&rsquo;ai rajout\u00e9 une condition difficile \u00e0 ce r\u00eave : \u00e9crire un livre pour enfants illustr\u00e9 par Amandine Piu. Je l&rsquo;ai rencontr\u00e9 ensuite, en vrai, et je me suis dit \u00ab\u00a0Et en plus, c&rsquo;est une nana tellement g\u00e9niale !!\u00a0\u00bb. Y a rien \u00e0 jeter, chez Amandine. Je garde tout.<\/div>\n<\/div>\n<div>&nbsp;<\/div>\n<div dir=\"ltr\">\n<div><strong>La Licorne \u00e0 Lunettes : Pour Amandine PIU, je valide !!! L&rsquo;un des livres pr\u00e9f\u00e9r\u00e9s de ma Licornette \u00e9tant petite a \u00e9t\u00e9 \u00ab\u00a0Le jardin des animaux Zinzins.\u00a0\u00bb Son univers est frais et d\u00e9licat, toujours juste.<\/strong><\/div>\n<div>&nbsp;<\/div>\n<div><strong>Justement, \u00e9crire pour les adolescents, en quoi est-ce une d\u00e9marche diff\u00e9rente en termes de narration ? L&rsquo;\u00e9crivain a-t-il un r\u00f4le \/ une mission selon vous ?<\/strong><br \/>\nEmilie Chazerand :&nbsp;Je me m\u00e9fie vachement des gens qui ont des \u00ab\u00a0missions\u00a0\u00bb, moi. J&rsquo;\u00e9cris des histoires, je n&rsquo;ai aucune pr\u00e9tention ni autre ambition que distraire le temps de quelques pages. Bon, si je dois vraiment m&rsquo;en trouver une, je pense que j&rsquo;aimerai donner aux enfants et aux adolescents l&rsquo;envie de continuer \u00e0 lire. De d\u00e9couvrir d&rsquo;autres auteurs, d&rsquo;enrichir leur petite biblioth\u00e8que interne. C&rsquo;est tout. Je ne me prend pas trop au s\u00e9rieux : je m&rsquo;amuse beaucoup en \u00e9crivant, en bidouillant un petit univers. C&rsquo;est mon \u00ab\u00a0truc\u00a0\u00bb. J&rsquo;aurai tout aussi bien pu rempailler des chaises ou faire des sculptures en papier m\u00e2ch\u00e9.&nbsp;<img loading=\"lazy\" class=\"alignleft wp-image-3179\" src=\"http:\/\/la-licorne-a-lunettes.fr\/wp-content\/uploads\/2017\/08\/papaviolette.png\" alt=\"\" width=\"153\" height=\"174\"><\/div>\n<div>&nbsp;<\/div>\n<div>Quand j&rsquo;\u00e9cris un roman, je me sens libre et chez moi. Je ne me pose aucune contrainte, pas la moindre limite. Quand je montre des essais \u00e0 mon mari, il me dit parfois \u00ab\u00a0nan, \u00e7a, l\u00e0, tu ne peux pas le mettre. \u00c7a passera jamais.\u00a0\u00bb Mais \u00e7a passe. L&rsquo;album est plus restrictif, plus contraignant, d\u00e9licat et sensible dans sa forme comme dans son fond. C&rsquo;est un peu plus limitant alors que pour les ados, je fais sauter les barrages.&nbsp;<\/div>\n<div>&nbsp;<\/div>\n<div>&nbsp;<\/div>\n<div><strong>La Licorne \u00e0 Lunettes : Question BIG-BANG. Allongez-vous sur le divan&#8230; Le d\u00e9clic donc ? Y a-t-il un \u00e9crivain, un libraire, une biblioth\u00e9caire, un professeur qui a d\u00e9clench\u00e9 chez vous le go\u00fbt de l&rsquo;\u00e9criture ? Et si oui, pourquoi ?<\/strong><\/div>\n<div><img loading=\"lazy\" class=\"wp-image-3180 alignright\" src=\"http:\/\/la-licorne-a-lunettes.fr\/wp-content\/uploads\/2017\/08\/chien-qui-disait-non-195x300.jpg\" alt=\"\" width=\"129\" height=\"198\" srcset=\"https:\/\/la-licorne-a-lunettes.fr\/wp-content\/uploads\/2017\/08\/chien-qui-disait-non-195x300.jpg 195w, https:\/\/la-licorne-a-lunettes.fr\/wp-content\/uploads\/2017\/08\/chien-qui-disait-non.jpg 340w\" sizes=\"(max-width: 129px) 100vw, 129px\" \/><img loading=\"lazy\" class=\"wp-image-3181 alignright\" src=\"http:\/\/la-licorne-a-lunettes.fr\/wp-content\/uploads\/2017\/08\/meme-les-princesse-doivent-aller-a\u0300-ecole-195x300.jpg\" alt=\"\" width=\"124\" height=\"191\" srcset=\"https:\/\/la-licorne-a-lunettes.fr\/wp-content\/uploads\/2017\/08\/meme-les-princesse-doivent-aller-a\u0300-ecole-195x300.jpg 195w, https:\/\/la-licorne-a-lunettes.fr\/wp-content\/uploads\/2017\/08\/meme-les-princesse-doivent-aller-a\u0300-ecole.jpg 340w\" sizes=\"(max-width: 124px) 100vw, 124px\" \/><img loading=\"lazy\" class=\"wp-image-3182 alignright\" src=\"http:\/\/la-licorne-a-lunettes.fr\/wp-content\/uploads\/2017\/08\/mon-bebe-a-210-francs-194x300.jpg\" alt=\"\" width=\"121\" height=\"187\" srcset=\"https:\/\/la-licorne-a-lunettes.fr\/wp-content\/uploads\/2017\/08\/mon-bebe-a-210-francs-194x300.jpg 194w, https:\/\/la-licorne-a-lunettes.fr\/wp-content\/uploads\/2017\/08\/mon-bebe-a-210-francs.jpg 307w\" sizes=\"(max-width: 121px) 100vw, 121px\" \/>Emilie Chazerand : L&rsquo;\u00e9cole, voyons ! L&rsquo;\u00e9cole est l&rsquo;endroit o\u00f9 tout commence. \u00c0 la maison, il n&rsquo;y a pas de grands liseurs. (oui, ingurgiter toute la collection Harlequin ne fait pas un grand liseur selon moi, pardon toi qui te reconnaitras.)<br \/>\n&nbsp;&nbsp;<\/div>\n<div>Mais, au CE1, je rencontre Mademoiselle Jost (devenue Madame depuis mais pour moi, c&rsquo;est Mademoiselle pour toujours.). Elle est blonde, jolie, elle a un rouge \u00e0 l\u00e8vres rose et elle nous abonne \u00e0 l&rsquo;\u00e9cole des loisirs. Un livre par mois, que j&rsquo;attends comme le messie. Elle pose le carton sur son bureau. On est tous autour d&rsquo;elle. Elle fend le Chatterton avec ses ciseaux en grand \u00e9cart et la magie op\u00e8re. Les livres sont immenses, fins, glac\u00e9s et souples. Magnifiques. Je les ai encore, tous, et l&rsquo;odeur est presque la m\u00eame.<br \/>\n&nbsp;<\/div>\n<div>Apr\u00e8s, au coll\u00e8ge, il y a eu Monsieur Boncourt, prof de fran\u00e7ais. Il \u00e9tait s\u00e9v\u00e8re et cynique et je l&rsquo;aimais terriblement. Et au lyc\u00e9e, Monsieur Fort\u00e9, prof de fran\u00e7ais, toujours. Caustique, moqueur et si galvanisant. \u00c9levant&#8230; \u00c0 la fin d&rsquo;un cours, il m&rsquo;avait dit quelque chose comme \u00ab\u00a0<em>c&rsquo;est dommage que vous soyez une telle glandeuse : vous pourriez \u00eatre un bon \u00e9crivain.<\/em>\u00a0\u00bb J&rsquo;ai parfois envie de lui envoyer un de mes bouquins avec un petit mot qui dirait juste \u00ab\u00a0<em>je suis quand m\u00eame toujours une grosse glandeuse<\/em>.\u00a0\u00bb Ce sont tous trois des enseignants de tr\u00e8s grande qualit\u00e9. Je les aime \u00e0 jamais.<\/div>\n<div>&nbsp;<\/div>\n<div><strong>La Licorne \u00e0 Lunettes :&nbsp;Certains auteurs s&rsquo;enferment pendant des semaines, d&rsquo;autres \u00e9crivent la nuit, d&rsquo;autres encore ont un fauteuil f\u00e9tiche. Et vous, avez-vous un rituel d&rsquo;\u00e9criture ?<\/strong><\/div>\n<div><img loading=\"lazy\" class=\"alignleft wp-image-3189\" src=\"http:\/\/la-licorne-a-lunettes.fr\/wp-content\/uploads\/2017\/08\/bebe-sappelle-repars-262x300.jpeg\" alt=\"\" width=\"151\" height=\"173\" srcset=\"https:\/\/la-licorne-a-lunettes.fr\/wp-content\/uploads\/2017\/08\/bebe-sappelle-repars-262x300.jpeg 262w, https:\/\/la-licorne-a-lunettes.fr\/wp-content\/uploads\/2017\/08\/bebe-sappelle-repars.jpeg 600w\" sizes=\"(max-width: 151px) 100vw, 151px\" \/>Emilie Chazerand : Avoir un rituel d&rsquo;\u00e9criture est un luxe que je ne peux m&rsquo;offrir. \u00c7a signifie que l&rsquo;activit\u00e9 litt\u00e9raire est officielle, reconnue, install\u00e9e et organis\u00e9e. Moi, je suis maman d&rsquo;une fille de trois ans et d&rsquo;un b\u00e9b\u00e9 de neuf mois. Le seul rituel que j&rsquo;arrive \u00e0 maintenir est celui de me brosser les dents&#8230; J&rsquo;\u00e9cris quand je peux, quand j&rsquo;y arrive. Avec mon petit ordinateur sur les genoux, un pied qui actionne la balancelle du b\u00e9b\u00e9, une main qui tente r\u00e9guli\u00e8rement de diminuer le volume de Zig et Sharko. Un jour, peut-\u00eatre, j&rsquo;aurai un vrai rituel d&rsquo;\u00e9criture, comme les vrais auteurs. Esp\u00e9rons qu&rsquo;\u00e0 ce moment-l\u00e0, j&rsquo;aurai encore un peu d&rsquo;inspiration pour que ce soit profitable&#8230;<\/div>\n<div>&nbsp;<\/div>\n<div><strong>La Licorne \u00e0 Lunettes :&nbsp;On en connait un peu plus sur votre c\u00f4t\u00e9 \u00ab auteure\u00bb, entrons maintenant dans le monde de la \u00ab lectrice \u00bb. Hop-l\u00e0, retournons quelques ann\u00e9es en arri\u00e8re (allez c&rsquo;\u00e9tait hier non ? ;)- ) pour d\u00e9couvrir les petites madeleines de Proust en papier de votre enfance. Petit Prince ou Petit Nicolas ? Babar ou Oui-Oui ? Club des Cinq ou Fant\u00f4mette ? Quel a \u00e9t\u00e9 votre h\u00e9ros ou h\u00e9ro\u00efne d&rsquo;enfance pr\u00e9f\u00e9r\u00e9(e) et pourquoi ?<\/strong><\/div>\n<div><img loading=\"lazy\" class=\"wp-image-3193 alignright\" src=\"http:\/\/la-licorne-a-lunettes.fr\/wp-content\/uploads\/2017\/08\/emilie-240x300.jpg\" alt=\"\" width=\"132\" height=\"165\" srcset=\"https:\/\/la-licorne-a-lunettes.fr\/wp-content\/uploads\/2017\/08\/emilie-240x300.jpg 240w, https:\/\/la-licorne-a-lunettes.fr\/wp-content\/uploads\/2017\/08\/emilie.jpg 346w\" sizes=\"(max-width: 132px) 100vw, 132px\" \/><a href=\"http:\/\/www.gallimard-jeunesse.fr\/Catalogue\/GALLIMARD-JEUNESSE\/Folio-Junior\/Catherine-Certitude\/(group)\/author\"><img loading=\"lazy\" class=\"wp-image-3190 alignright\" src=\"http:\/\/la-licorne-a-lunettes.fr\/wp-content\/uploads\/2017\/08\/catherine-certitude-209x300.jpg\" alt=\"\" width=\"115\" height=\"165\" srcset=\"https:\/\/la-licorne-a-lunettes.fr\/wp-content\/uploads\/2017\/08\/catherine-certitude-209x300.jpg 209w, https:\/\/la-licorne-a-lunettes.fr\/wp-content\/uploads\/2017\/08\/catherine-certitude-768x1105.jpg 768w, https:\/\/la-licorne-a-lunettes.fr\/wp-content\/uploads\/2017\/08\/catherine-certitude-712x1024.jpg 712w, https:\/\/la-licorne-a-lunettes.fr\/wp-content\/uploads\/2017\/08\/catherine-certitude.jpg 821w\" sizes=\"(max-width: 115px) 100vw, 115px\" \/><\/a><img loading=\"lazy\" class=\" wp-image-85 alignright\" src=\"http:\/\/la-licorne-a-lunettes.fr\/wp-content\/uploads\/2016\/03\/petit-nicolas-folio-181x300.jpg\" alt=\"Folio\" width=\"101\" height=\"167\" srcset=\"https:\/\/la-licorne-a-lunettes.fr\/wp-content\/uploads\/2016\/03\/petit-nicolas-folio-181x300.jpg 181w, https:\/\/la-licorne-a-lunettes.fr\/wp-content\/uploads\/2016\/03\/petit-nicolas-folio.jpg 411w\" sizes=\"(max-width: 101px) 100vw, 101px\" \/>Emilie Chazerand : Le Petit Nicolas, \u00e9videmment ! Semp\u00e9 est mon dieu personnel. Je suis tellement admirative de son g\u00e9nie que je me demande parfois pourquoi continuer \u00e0 tenter de produire des trucs qui seront fatalement moins bons&#8230; <a href=\"http:\/\/www.gallimard-jeunesse.fr\/Catalogue\/GALLIMARD-JEUNESSE\/Folio-Junior\/Catherine-Certitude\/(group)\/author\">Catherine Certitude<\/a> \u00e9tait ma BFF, quand j&rsquo;\u00e9tais enfant, presque \u00e0 \u00e9galit\u00e9 avec Emilie, de Domitille de Pressens\u00e9 (mais elle avait pour d\u00e9faut un horrible pr\u00e9nom alors que Catherine, c&rsquo;\u00e9tait trop sympa \u00e0 mes yeux). Catherine Certitude m&rsquo;\u00e9pate, encore aujourd&rsquo;hui.&nbsp;<\/div>\n<div><img loading=\"lazy\" class=\"alignleft wp-image-3194\" src=\"http:\/\/la-licorne-a-lunettes.fr\/wp-content\/uploads\/2017\/08\/le-petit-dej-de-la-famille-souris-237x300.jpg\" alt=\"\" width=\"119\" height=\"151\" srcset=\"https:\/\/la-licorne-a-lunettes.fr\/wp-content\/uploads\/2017\/08\/le-petit-dej-de-la-famille-souris-237x300.jpg 237w, https:\/\/la-licorne-a-lunettes.fr\/wp-content\/uploads\/2017\/08\/le-petit-dej-de-la-famille-souris.jpg 340w\" sizes=\"(max-width: 119px) 100vw, 119px\" \/><img loading=\"lazy\" class=\"alignleft wp-image-3195\" src=\"http:\/\/la-licorne-a-lunettes.fr\/wp-content\/uploads\/2017\/08\/soeurs-parker-002116_l-207x300.jpg\" alt=\"\" width=\"104\" height=\"151\" srcset=\"https:\/\/la-licorne-a-lunettes.fr\/wp-content\/uploads\/2017\/08\/soeurs-parker-002116_l-207x300.jpg 207w, https:\/\/la-licorne-a-lunettes.fr\/wp-content\/uploads\/2017\/08\/soeurs-parker-002116_l.jpg 368w\" sizes=\"(max-width: 104px) 100vw, 104px\" \/><img loading=\"lazy\" class=\"alignleft wp-image-3196\" src=\"http:\/\/la-licorne-a-lunettes.fr\/wp-content\/uploads\/2017\/08\/Collectif-Bonjour-Bonsoir-Livre-834353349_L-300x300.jpg\" alt=\"\" width=\"153\" height=\"153\" srcset=\"https:\/\/la-licorne-a-lunettes.fr\/wp-content\/uploads\/2017\/08\/Collectif-Bonjour-Bonsoir-Livre-834353349_L-300x300.jpg 300w, https:\/\/la-licorne-a-lunettes.fr\/wp-content\/uploads\/2017\/08\/Collectif-Bonjour-Bonsoir-Livre-834353349_L-150x150.jpg 150w, https:\/\/la-licorne-a-lunettes.fr\/wp-content\/uploads\/2017\/08\/Collectif-Bonjour-Bonsoir-Livre-834353349_L-100x100.jpg 100w, https:\/\/la-licorne-a-lunettes.fr\/wp-content\/uploads\/2017\/08\/Collectif-Bonjour-Bonsoir-Livre-834353349_L-200x200.jpg 200w, https:\/\/la-licorne-a-lunettes.fr\/wp-content\/uploads\/2017\/08\/Collectif-Bonjour-Bonsoir-Livre-834353349_L.jpg 500w\" sizes=\"(max-width: 153px) 100vw, 153px\" \/>Et puis je lisais Oui-Oui, la collection \u00ab\u00a0j&rsquo;aime lire\u00a0\u00bb, les albums de la famille Souris de Kazuo Iwamura, He\u00efdi, \u00e0 gogo, Sophie et ses malheurs et, dans la biblioth\u00e8que verte, les soeurs Parker, Liz et Ann, dont les aventures me stressaient un max. (c&rsquo;est dire si j&rsquo;\u00e9tais impressionnable&#8230;) Toute petite, j&rsquo;\u00e9tais folle des bouquins de Gyo Fujikawa. C&rsquo;est un ravissement ophtalmique perp\u00e9tuel.<img loading=\"lazy\" class=\" wp-image-3199 alignright\" src=\"http:\/\/la-licorne-a-lunettes.fr\/wp-content\/uploads\/2017\/08\/matilda-173x300.jpg\" alt=\"\" width=\"86\" height=\"149\" srcset=\"https:\/\/la-licorne-a-lunettes.fr\/wp-content\/uploads\/2017\/08\/matilda-173x300.jpg 173w, https:\/\/la-licorne-a-lunettes.fr\/wp-content\/uploads\/2017\/08\/matilda.jpg 236w\" sizes=\"(max-width: 86px) 100vw, 86px\" \/><img loading=\"lazy\" class=\"wp-image-3197 alignright\" src=\"http:\/\/la-licorne-a-lunettes.fr\/wp-content\/uploads\/2017\/08\/patata-la-petite-speakrine-234x300.jpg\" alt=\"\" width=\"116\" height=\"148\" srcset=\"https:\/\/la-licorne-a-lunettes.fr\/wp-content\/uploads\/2017\/08\/patata-la-petite-speakrine-234x300.jpg 234w, https:\/\/la-licorne-a-lunettes.fr\/wp-content\/uploads\/2017\/08\/patata-la-petite-speakrine.jpg 250w\" sizes=\"(max-width: 116px) 100vw, 116px\" \/><img loading=\"lazy\" class=\"wp-image-661 alignright\" src=\"http:\/\/la-licorne-a-lunettes.fr\/wp-content\/uploads\/2016\/05\/Le-Mot-Interdit-364749774_L-300x300.jpg\" alt=\"\" width=\"145\" height=\"145\" srcset=\"https:\/\/la-licorne-a-lunettes.fr\/wp-content\/uploads\/2016\/05\/Le-Mot-Interdit-364749774_L-300x300.jpg 300w, https:\/\/la-licorne-a-lunettes.fr\/wp-content\/uploads\/2016\/05\/Le-Mot-Interdit-364749774_L-150x150.jpg 150w, https:\/\/la-licorne-a-lunettes.fr\/wp-content\/uploads\/2016\/05\/Le-Mot-Interdit-364749774_L-100x100.jpg 100w, https:\/\/la-licorne-a-lunettes.fr\/wp-content\/uploads\/2016\/05\/Le-Mot-Interdit-364749774_L-200x200.jpg 200w, https:\/\/la-licorne-a-lunettes.fr\/wp-content\/uploads\/2016\/05\/Le-Mot-Interdit-364749774_L.jpg 500w\" sizes=\"(max-width: 145px) 100vw, 145px\" \/><\/div>\n<div>&nbsp;<\/div>\n<div>&nbsp;<\/div>\n<div>Plus tard, je raffolais du \u00ab\u00a0mot interdit\u00a0\u00bb de Nicolas de Hirsching ou de \u00ab\u00a0Patata la petite speakerine\u00a0\u00bb de Jean-Pierre Fily. Et tous les Roald Dahl. (j&rsquo;ai voulu appeler mon fils Roald mais mon mari a beugl\u00e9).&nbsp;Tous ces livres sont \u00e9trangement importants pour moi. Je les ai toujours, d&rsquo;ailleurs. Et non, je ne les pr\u00eate pas !&nbsp;<\/div>\n<div>&nbsp;<\/div>\n<div><strong>La Licorne \u00e0 Lunettes : Ahh, l&rsquo;histoire du soir, un moment \u00e0 part. Et pour vous ? Qui vous lisait ces histoires et quel souvenir en gardez vous ?<\/strong><\/div>\n<div>Emilie Chazerand : Ma grand-m\u00e8re me faisait la lecture, docilement. C&rsquo;est le plus beau souvenir de mon enfance. Des moments absolument magiques. Ma parenth\u00e8se enchant\u00e9e du soir. J&rsquo;\u00e9tais insatiable et elle, infatigable. Elle c\u00e9dait invariablement \u00e0 la formule \u00ab\u00a0encore une, s&rsquo;il-te-plait ?\u00a0\u00bb. Elle racontait doucement, lentement et de fa\u00e7on sublime, croyais-je alors. Mais je l&rsquo;ai entendu lire un conte \u00e0 ma fille derni\u00e8rement et elle tr\u00e9buchait sur les mots, ne mettait pas les bonnes intonations, tout \u00e7a. Je lui ai demand\u00e9, presque en tapant du pied, pourquoi elle ne lisait plus comme avant. Elle m&rsquo;a r\u00e9pondu qu&rsquo;elle le faisait. Que c&rsquo;\u00e9tait exactement et absolument comme avant. Que c&rsquo;est mon oreille qui a chang\u00e9. Et elle a raison. Mais si je devais choisir un souvenir d&rsquo;enfance pour y habiter \u00e0 jamais, ce serait un soir de lecture avec elle.<\/div>\n<div>&nbsp;<\/div>\n<div><strong><strong><img loading=\"lazy\" class=\"alignleft wp-image-3200\" src=\"http:\/\/la-licorne-a-lunettes.fr\/wp-content\/uploads\/2017\/08\/quand-je-serai-grand-pere-noel-215x300.jpg\" alt=\"\" width=\"117\" height=\"163\" srcset=\"https:\/\/la-licorne-a-lunettes.fr\/wp-content\/uploads\/2017\/08\/quand-je-serai-grand-pere-noel-215x300.jpg 215w, https:\/\/la-licorne-a-lunettes.fr\/wp-content\/uploads\/2017\/08\/quand-je-serai-grand-pere-noel-768x1074.jpg 768w, https:\/\/la-licorne-a-lunettes.fr\/wp-content\/uploads\/2017\/08\/quand-je-serai-grand-pere-noel-732x1024.jpg 732w, https:\/\/la-licorne-a-lunettes.fr\/wp-content\/uploads\/2017\/08\/quand-je-serai-grand-pere-noel.jpg 1000w\" sizes=\"(max-width: 117px) 100vw, 117px\" \/>La Licorne \u00e0 Lunett<\/strong>es :&nbsp;S\u00e9quence \u00e9motion. Vous souvenez-vous du premier livre que vous avez lu seule et en entier ?<\/strong><\/div>\n<div>Emilie Chazerand : Je suis \u00e0 peu pr\u00e8s certaine que le premier livre que j&rsquo;ai lu enti\u00e8rement, compl\u00e8tement et dans les moindres d\u00e9tails \u00e9tait \u00ab\u00a0<a href=\"https:\/\/www.ecoledesloisirs.fr\/livre\/quand-je-serai-grand-je-serai-pere-noel\">Quand je serai grand, je serai le P\u00e8re No\u00ebl<\/a>\u00a0\u00bb de Solotareff. Ce bouquin, j&rsquo;en parle tout le temps parce que c&rsquo;est un ovni du Livre pour enfants. Du haut de mes cinq ans, je le trouvais sublime, tr\u00e8s dr\u00f4le et g\u00e9nialement angoissant. La preuve tangible qu&rsquo;on peut proposer des histoires farfelues et des illustrations complexes aux petits.&nbsp;<\/div>\n<div>&nbsp;<\/div>\n<div><strong>La Licorne \u00e0 Lunettes :&nbsp;S\u00e9quence frisson. Allez, avouez, un souvenir d&rsquo;avoir lu sous les draps avec une lampe de poche ?&nbsp;<\/strong><\/div>\n<div>Emilie Chazerand : Bah non ! \u00c7a a d\u00fb m&rsquo;arriver de tenter le truc mais plus par imitation que parce que j&rsquo;avais r\u00e9ellement \u00e0 me planquer. J&rsquo;ai \u00e9t\u00e9 \u00e9lev\u00e9e par mes grands-parents. Du moment que je ne foutais pas le feu \u00e0 la baraque, ils me laissaient une paix royale. M\u00eame le soir. Je n&rsquo;avais pas \u00e0 lire en cachette. Parfois, ma grand-m\u00e8re me surprenait en train de bouquiner \u00e0 des heures impossibles et disait \u00ab\u00a0c&rsquo;est encore allum\u00e9, chez toi ?!\u00a0\u00bb Mais, comme je d\u00e9celais plus d&rsquo;admiration pour ma faim de lecture que de col\u00e8re, je me savais autoris\u00e9e \u00e0 poursuivre. Par contre, j&rsquo;ai tent\u00e9 de lire \u00e0 table, une fois, et je m&rsquo;en souviens encore&#8230;<\/div>\n<div>&nbsp;<\/div>\n<div><img loading=\"lazy\" class=\" wp-image-3201 alignright\" src=\"http:\/\/la-licorne-a-lunettes.fr\/wp-content\/uploads\/2017\/08\/journal-ninon-battandier-198x300.jpg\" alt=\"\" width=\"126\" height=\"191\" srcset=\"https:\/\/la-licorne-a-lunettes.fr\/wp-content\/uploads\/2017\/08\/journal-ninon-battandier-198x300.jpg 198w, https:\/\/la-licorne-a-lunettes.fr\/wp-content\/uploads\/2017\/08\/journal-ninon-battandier.jpg 314w\" sizes=\"(max-width: 126px) 100vw, 126px\" \/><\/div>\n<div><strong>La Licorne \u00e0 Lunettes :&nbsp;Qui dit livre d&rsquo;enfance, dit expression mythique conserv\u00e9e de ces lectures. Tout le monde connait \u00ab\u00a0Bachibouzouk\u00a0\u00bb du Capitaine Haddock, \u00ab\u00a0Un rien chouette\u00a0\u00bb du Petit Nicolas ou encore \u00ab \u00e7a me troue \u00bb d&rsquo;Agrippine. Et vous, en avez-vous gard\u00e9 une ?<\/strong><\/div>\n<div>Emilie Chazerand : Une expression qui me travaillait, quand j&rsquo;\u00e9tais enfant, \u00e9tait issue du \u00ab\u00a0Journal de Ninon Battandier\u00a0\u00bb, d&rsquo;Anne Trotereau. Entre autres p\u00e9rip\u00e9ties, un petit gar\u00e7on tyrannisait syst\u00e9matiquement une fillette. Quand il \u00e9tait puni et qu&rsquo;on lui demandait de s&rsquo;excuser, le tortionnaire expliquait invariablement que c&rsquo;\u00e9tait plus fort que lui parce qu&rsquo;il \u00ab\u00a0ne pouvait pas la souffrir\u00a0\u00bb. \u00c7a a \u00e9t\u00e9 une grande \u00e9nigme, \u00e7a. Une r\u00e9elle r\u00e9flexion linguistique. J&rsquo;avais 8 ans et je venais de comprendre la complexit\u00e9 et la beaut\u00e9 de la langue fran\u00e7aise. \u00c7a m&rsquo;arrive de placer cette formule avec un sourire en coin adress\u00e9 \u00e0 l&rsquo;Emilie de 8 ans. \u00ab\u00a0Le facteur, je ne peux pas le souffrir.\u00a0\u00bb<\/div>\n<div>&nbsp;<\/div>\n<div><strong><img loading=\"lazy\" class=\"alignleft wp-image-3202\" src=\"http:\/\/la-licorne-a-lunettes.fr\/wp-content\/uploads\/2017\/08\/merveilleux-voyage-travers-nuit-233x300.jpg\" alt=\"\" width=\"140\" height=\"180\" srcset=\"https:\/\/la-licorne-a-lunettes.fr\/wp-content\/uploads\/2017\/08\/merveilleux-voyage-travers-nuit-233x300.jpg 233w, https:\/\/la-licorne-a-lunettes.fr\/wp-content\/uploads\/2017\/08\/merveilleux-voyage-travers-nuit.jpg 369w\" sizes=\"(max-width: 140px) 100vw, 140px\" \/><\/strong><\/div>\n<div><strong>La Licorne \u00e0 Lunettes :&nbsp;Quand on aime un livre, on aime l&rsquo;offrir pour transmettre le plaisir de l&rsquo;\u00e9vasion mais \u00e9galement pour le coffret de tr\u00e9sors qu&rsquo;il repr\u00e9sente en tant qu&rsquo;objet. Et vous, quel est le livre que vous avez aim\u00e9 petite et que vous avez ensuite rachet\u00e9 pour des proches ?<\/strong><\/div>\n<div>Emilie Chazerand : \u00ab\u00a0Le merveilleux voyage \u00e0 travers la nuit\u00a0\u00bb de Helme Heine. c&rsquo;est un album absolument magnifique. Petite, je l&rsquo;avais d\u00e9soss\u00e9 pour punaiser les pages sur les murs de ma chambre&#8230; Un crime inf\u00e2me. Je l&rsquo;ai rachet\u00e9 depuis, bien s\u00fbr, et je l&rsquo;offre volontiers.&nbsp;<\/div>\n<div>&nbsp;<\/div>\n<div><strong><img loading=\"lazy\" class=\" wp-image-1667 alignright\" src=\"http:\/\/la-licorne-a-lunettes.fr\/wp-content\/uploads\/2016\/11\/Chien-bleu-245x300.jpg\" alt=\"\" width=\"162\" height=\"198\" srcset=\"https:\/\/la-licorne-a-lunettes.fr\/wp-content\/uploads\/2016\/11\/Chien-bleu-245x300.jpg 245w, https:\/\/la-licorne-a-lunettes.fr\/wp-content\/uploads\/2016\/11\/Chien-bleu.jpg 340w\" sizes=\"(max-width: 162px) 100vw, 162px\" \/>La Licorne \u00e0 Lunettes :&nbsp;Parmi tous les livres que vous avez lu et lisez \u00e0 vos enfants, quel a \u00e9t\u00e9 \/ est leur pr\u00e9f\u00e9r\u00e9 ?<\/strong><\/div>\n<div>Emilie Chazerand : Ma fille Iris est une lectrice extr\u00eamement contrariante : quand elle n&rsquo;aime pas passionn\u00e9ment un livre, elle se tire au bout de la premi\u00e8re page. Aucune hypocrisie. Elle est assez radicale et se moque de mes arguments ou de mon enthousiasme. Elle aime des bouquins qui me laissent perplexe, parfois&#8230; Mais d&rsquo;autres, aussi, que je trouve vraiment chouettes. Parmi les livres de mon enfance, elle adore la collection Emilie (la mienne d&rsquo;il y a trente ans !) de Domitille de Pressens\u00e9, les contes classiques, mes Solotareff, la s\u00e9rie de \u00ab\u00a0la famille souris\u00a0\u00bb et \u00ab\u00a0chien bleu\u00a0\u00bb de Nadja qui la fait totalement flipper mais qu&rsquo;elle r\u00e9clame tout de m\u00eame&#8230; Mon fils No\u00ebl se contente pour l&rsquo;instant d&rsquo;assister \u00e0 nos s\u00e9ances de lecture, avec un calme al\u00e9atoire&#8230;<\/div>\n<div>&nbsp;<\/div>\n<div><strong>La Licorne \u00e0 Lunettes :&nbsp;Bon, allez un petit scoop, quel est le livre que vous \u00eates en train de lire, vous ? Ou celui que vous venez d&rsquo;acheter pour l&rsquo;un de vos proches ?<\/strong><\/div>\n<div>Emilie Chazerand : Je viens d&rsquo;entamer \u00ab\u00a0<a href=\"http:\/\/www.gallimard.fr\/Catalogue\/GALLIMARD\/Blanche\/Comment-Baptiste-est-mort\">Comment Baptiste est mort<\/a>\u00a0\u00bb d&rsquo;Alain Blotti\u00e8re. \u00c7a commence bien&#8230;<\/div>\n<div>&nbsp;<\/div>\n<div><strong><img loading=\"lazy\" class=\"alignleft wp-image-3204\" src=\"http:\/\/la-licorne-a-lunettes.fr\/wp-content\/uploads\/2017\/08\/emilie-feuilles-du-jardin-240x300.jpg\" alt=\"\" width=\"165\" height=\"206\" srcset=\"https:\/\/la-licorne-a-lunettes.fr\/wp-content\/uploads\/2017\/08\/emilie-feuilles-du-jardin-240x300.jpg 240w, https:\/\/la-licorne-a-lunettes.fr\/wp-content\/uploads\/2017\/08\/emilie-feuilles-du-jardin.jpg 346w\" sizes=\"(max-width: 165px) 100vw, 165px\" \/>La Licorne \u00e0 Lunettes : Je tente de creuser un peu plus profond dans la caverne \u00ab\u00a0fan de lecture\u00a0\u00bb. Avez-vous eu la chance de rencontrer l&rsquo;un de vos auteurs \/ illustrateurs d&rsquo;enfance favoris, et si oui, quel souvenir en gardez-vous ?<\/strong><\/div>\n<div>Emilie Chazerand : J&rsquo;ai rencontr\u00e9 Domitille de Pressens\u00e9 au salon de Montreuil, il y a six ans environ, et je lui ai fait signer un exemplaire de \u00ab\u00a0Emilie et les feuilles du jardin\u00a0\u00bb (beaucoup d&rsquo;intrigue, un peu de violence et un cliffhanger rare en litt\u00e9rature enfantine, je dois dire&#8230;) Bref. Je me suis sentie comme une gamine de cinq ans. Je sautillais litt\u00e9ralement. Et elle m&rsquo;a effectivement trait\u00e9 exactement comme une toute jeune lectrice, en me faisant une jolie d\u00e9dicace, un petit dessin et en me parlant gentiment de sa douce voix pos\u00e9e. C&rsquo;\u00e9tait trop trop bien !&nbsp;<\/div>\n<div>Mais, plus s\u00e9rieusement, je ne suis pas certaine qu&rsquo;il soit bon de rencontrer ses idoles. La r\u00e9alit\u00e9 est toujours d\u00e9cevante alors je pr\u00e9f\u00e8re continuer \u00e0 idol\u00e2trer dans mon coin, personnellement.<\/div>\n<div>&nbsp;<\/div>\n<div><strong>La Licorne \u00e0 Lunettes : L\u00e2chons-nous un brin ! Vania m&rsquo;a rappel\u00e9 l&rsquo;univers de Mireille Laplanche dans <em>Les Petites Reines<\/em> de Cl\u00e9mentine Beauvais. Quels sont, selon vous, leurs points communs (rapport au p\u00e8re\/m\u00e8re, recherche d&rsquo;identit\u00e9, anti-h\u00e9ro\u00efne, auto-d\u00e9rision manifeste ?) et leurs diff\u00e9rences ? Si Vania rencontrait Mireille au Coll\u00e8ge, que se diraient-elles ?<\/strong><\/div>\n<div>Emilie Chazerand : Je pense que Mireille, tout comme Vania, sait \u00ab\u00a0faire contre mauvaise fortune, bon coeur\u00a0\u00bb. Ce sont des filles qui ne partent pas gagnantes mais qui ont toute latitude pour cr\u00e9er la bonne surprise, du coup. Je sens Mireille plus combattive que Vania, qui a une l\u00e9g\u00e8re tendance \u00e0 l&rsquo;auto-apitoiement&#8230; Je ne peux pas parler \u00e0 la place de Cl\u00e9mentine mais je pense que nos deux nanas ont tout pour \u00eatre de tr\u00e8s bonnes copines. Sauf que Vania n&rsquo;aurait jamais accompagn\u00e9 Mireille sur les routes : elle est vraiment nulle, sportivement parlant, et un peu nonchalante alors que Mireille a des mollets et un mental d&rsquo;acier. Victoire, par contre, aurait enfourch\u00e9 son v\u00e9lo avec fougue et excitation ! (Laissant un l\u00e9ger fumet iod\u00e9 dans son sillage&#8230;)<\/div>\n<div>&nbsp;<\/div>\n<div><strong>La Licorne \u00e0 Lunettes : Et si, vous, vous rencontriez Vania \u00e0 30 ans, qu&rsquo;aimeriez-vous qu&rsquo;elle vous dise ?<\/strong><\/div>\n<div>Emilie Chazerand : J&rsquo;aimerai qu&rsquo;elle me donne des nouvelles de Gottfried, d\u00e9j\u00e0. Je crois que ce serait ma premi\u00e8re question : \u00ab\u00a0comment va ton p\u00e8re ?\u00a0\u00bb. J&rsquo;adorerai qu&rsquo;elle ait fait plein de trucs auxquels je ne m&rsquo;attendais pas et qu&rsquo;elle soit heureuse, \u00e0 l&rsquo;aise avec son ptosis et son pass\u00e9. Oh et qu&rsquo;elle m&rsquo;annonce qu&rsquo;elle est enceinte, que c&rsquo;est une fille et qu&rsquo;elle va l&rsquo;appeler Marie-Nour ou Anne-Dalila&#8230; Je verserai certainement une petite larme, l\u00e0.<\/div>\n<div>&nbsp;<\/div>\n<div><strong><img loading=\"lazy\" class=\"wp-image-3205 alignright\" src=\"http:\/\/la-licorne-a-lunettes.fr\/wp-content\/uploads\/2017\/08\/apocalypsis-196x300.jpg\" alt=\"\" width=\"125\" height=\"191\">La Licorne \u00e0 Lunettes :&nbsp;Lors de s\u00e9ances de d\u00e9dicaces, vous avez l&rsquo;occasion de rencontrer vos lecteurs, les petits comme les grands, avez-vous une petite anecdote croustillante&nbsp;\u00e0 nous raconter ?<\/strong><\/div>\n<div>Emilie Chazerand : J&rsquo;ai fait tr\u00e8s peu de rencontres et salons. Je suis all\u00e9e dans un coll\u00e8ge en Normandie, pour Apocalypsis, il y a quelques ann\u00e9es d\u00e9j\u00e0. C&rsquo;\u00e9tait vraiment passionnant, d&rsquo;ailleurs. Et je me souviens parfaitement d&rsquo;un \u00e9l\u00e8ve qui m&rsquo;a sorti \u00ab\u00a0J&rsquo;aime trop Edo (aka le h\u00e9ros du tome 2 de la s\u00e9rie) parce que c&rsquo;est vraiment un bon gros b\u00e2tard !\u00a0\u00bb Il me le disait en souriant jusqu&rsquo;aux oreilles et je n&rsquo;ai pu que le remercier pour cette analyse \u00e9minemment juste. Une jeune fille m&rsquo;a aussi demand\u00e9 si je pouvais marcher tranquillement dans la rue, sans fan ni journaliste, maintenant que j&rsquo;avais publi\u00e9 un livre. J&rsquo;ai trouv\u00e9 cette question lunaire vraiment attendrissante !<\/div>\n<div>&nbsp;<\/div>\n<div>\n<figure id=\"attachment_3206\" aria-describedby=\"caption-attachment-3206\" style=\"width: 179px\" class=\"wp-caption alignleft\"><img loading=\"lazy\" class=\" wp-image-3206\" src=\"http:\/\/la-licorne-a-lunettes.fr\/wp-content\/uploads\/2017\/08\/couv-Le-ge\u0301nie-de-la-lampe-de-poche-620x930-200x300.jpg\" alt=\"\" width=\"179\" height=\"269\" srcset=\"https:\/\/la-licorne-a-lunettes.fr\/wp-content\/uploads\/2017\/08\/couv-Le-ge\u0301nie-de-la-lampe-de-poche-620x930-200x300.jpg 200w, https:\/\/la-licorne-a-lunettes.fr\/wp-content\/uploads\/2017\/08\/couv-Le-ge\u0301nie-de-la-lampe-de-poche-620x930.jpg 620w\" sizes=\"(max-width: 179px) 100vw, 179px\" \/><figcaption id=\"caption-attachment-3206\" class=\"wp-caption-text\">(c) Sarbacane<\/figcaption><\/figure>\n<p><strong>La Licorne \u00e0 Lunettes :&nbsp;Deux livres pour la rentr\u00e9e, rien que \u00e7a ! <a href=\"http:\/\/la-licorne-a-lunettes.fr\/index.php\/2017\/08\/06\/la-fourmi-rouge\/\">La Fourmi rouge <\/a>et <a href=\"http:\/\/editions-sarbacane.com\/le-genie-de-la-lampe-de-poche\/\">Le g\u00e9nie de la lampe de poche<\/a>, tous deux chez Sarbacane. Allez un petit scoop pour nos lecteurs, Vania 2 le retour, \u00e7a va le faire ? Non, plus s\u00e9rieusement, quel est le nouveau projet sur lequel vous travaillez actuellement ?<\/strong><\/p>\n<\/div>\n<div>Emilie Chazerand : Ouh la, je suis incapable de parler de mes projets en cours. J&rsquo;ai toujours peur de ne pas aller jusqu&rsquo;au bout, de changer d&rsquo;avis, de d\u00e9cevoir et gnagnagna. Je ne parle \u00e0 personne de ce que je traficote. Il faut que le truc soit termin\u00e9, abouti et lisible pour que je le soumette \u00e0 mes \u00e9diteurs. Je ne peux pas fonctionner autrement. Et puis, on ne sait jamais quel livre sera le dernier&#8230; Alors : surprise !&nbsp;<\/div>\n<\/div>\n<div>&nbsp;<\/div>\n<div>&nbsp;<\/div>\n<div>&nbsp;<\/div>\n<div>&nbsp;<\/div>\n<div><strong>&nbsp;<\/strong><\/div>\n<div><strong>Un \u00e9norme merci \u00e0 Emilie Chazerand pour ce riche entretien et ces confidences \u00e9mouvantes&nbsp;de lectrice passionn\u00e9e ! Retrouvez l&rsquo;article sur <em>La Fourmi rouge<\/em> <a href=\"http:\/\/la-licorne-a-lunettes.fr\/index.php\/2017\/08\/06\/la-fourmi-rouge\/\">en cliquant ici<\/a>&nbsp;et courrez lire ses livres !<\/strong><\/div>\n","protected":false},"excerpt":{"rendered":"<p>Oyez, oyez ! \u00c0 l&rsquo;occasion de la sortie du futur bestseller \u00ab\u00a0La Fourmi Rouge\u00a0\u00bb (chroniqu\u00e9 ici) aux \u00e9ditions Sarbacane (J-1 mon ami, si j&rsquo;\u00e9tais toi, j&rsquo;irai de ce pas enlev\u00e9 mais \u00e9l\u00e9gant commander ce fabuleux ouvrage chez ton libraire ch\u00e9ri), Emilie Chazerand nous parle de sa passion pour l&rsquo;\u00e9criture, de son p\u00e9tillant et impertinent personnage [&hellip;]<\/p>\n","protected":false},"author":1,"featured_media":0,"comment_status":"open","ping_status":"open","sticky":false,"template":"","format":"standard","meta":{"ngg_post_thumbnail":0},"categories":[64],"tags":[94,242,114,185],"_links":{"self":[{"href":"https:\/\/la-licorne-a-lunettes.fr\/index.php\/wp-json\/wp\/v2\/posts\/3153"}],"collection":[{"href":"https:\/\/la-licorne-a-lunettes.fr\/index.php\/wp-json\/wp\/v2\/posts"}],"about":[{"href":"https:\/\/la-licorne-a-lunettes.fr\/index.php\/wp-json\/wp\/v2\/types\/post"}],"author":[{"embeddable":true,"href":"https:\/\/la-licorne-a-lunettes.fr\/index.php\/wp-json\/wp\/v2\/users\/1"}],"replies":[{"embeddable":true,"href":"https:\/\/la-licorne-a-lunettes.fr\/index.php\/wp-json\/wp\/v2\/comments?post=3153"}],"version-history":[{"count":42,"href":"https:\/\/la-licorne-a-lunettes.fr\/index.php\/wp-json\/wp\/v2\/posts\/3153\/revisions"}],"predecessor-version":[{"id":3949,"href":"https:\/\/la-licorne-a-lunettes.fr\/index.php\/wp-json\/wp\/v2\/posts\/3153\/revisions\/3949"}],"wp:attachment":[{"href":"https:\/\/la-licorne-a-lunettes.fr\/index.php\/wp-json\/wp\/v2\/media?parent=3153"}],"wp:term":[{"taxonomy":"category","embeddable":true,"href":"https:\/\/la-licorne-a-lunettes.fr\/index.php\/wp-json\/wp\/v2\/categories?post=3153"},{"taxonomy":"post_tag","embeddable":true,"href":"https:\/\/la-licorne-a-lunettes.fr\/index.php\/wp-json\/wp\/v2\/tags?post=3153"}],"curies":[{"name":"wp","href":"https:\/\/api.w.org\/{rel}","templated":true}]}}