{"id":2784,"date":"2017-04-12T16:46:47","date_gmt":"2017-04-12T15:46:47","guid":{"rendered":"http:\/\/la-licorne-a-lunettes.fr\/?p=2784"},"modified":"2017-04-12T17:57:45","modified_gmt":"2017-04-12T16:57:45","slug":"le-dernier-pisteur-la-caverne-aux-araignees-t1","status":"publish","type":"post","link":"https:\/\/la-licorne-a-lunettes.fr\/index.php\/2017\/04\/12\/le-dernier-pisteur-la-caverne-aux-araignees-t1\/","title":{"rendered":"Le Dernier Pisteur : La caverne aux araign\u00e9es (T1)"},"content":{"rendered":"<figure id=\"attachment_2785\" aria-describedby=\"caption-attachment-2785\" style=\"width: 204px\" class=\"wp-caption alignleft\"><img loading=\"lazy\" class=\"size-medium wp-image-2785\" src=\"http:\/\/la-licorne-a-lunettes.fr\/wp-content\/uploads\/2017\/04\/dernier-pisteur-T1-204x300.jpg\" alt=\"\" width=\"204\" height=\"300\" srcset=\"https:\/\/la-licorne-a-lunettes.fr\/wp-content\/uploads\/2017\/04\/dernier-pisteur-T1-204x300.jpg 204w, https:\/\/la-licorne-a-lunettes.fr\/wp-content\/uploads\/2017\/04\/dernier-pisteur-T1-768x1129.jpg 768w, https:\/\/la-licorne-a-lunettes.fr\/wp-content\/uploads\/2017\/04\/dernier-pisteur-T1-697x1024.jpg 697w, https:\/\/la-licorne-a-lunettes.fr\/wp-content\/uploads\/2017\/04\/dernier-pisteur-T1.jpg 1386w\" sizes=\"(max-width: 204px) 100vw, 204px\" \/><figcaption id=\"caption-attachment-2785\" class=\"wp-caption-text\">(c) Auzou<\/figcaption><\/figure>\n<p>Vous qui entrouvrez la porte de ce livre, vous qui vous aventurez sur les terres de l\u2019\u00e9nigmatique royaume de Sombresecret, sachez que l&rsquo;exp\u00e9rience que vous aller vivre sera forte en \u00e9motions. Une fois entr\u00e9 dans l\u2019univers de Zak, ce jeune pisteur de 11 ans au don exceptionnel, vous ne voudrez plus en sortir.<\/p>\n<p>Depuis l\u2019av\u00e8nement du tyrannique Nokta, les habitants des contr\u00e9es de Sombresecret vivent dans la peur, une terreur entretenue par un escadron de hy\u00e8nes cruelles. Seul survivant du clan des pisteurs &#8211; ces humains capables de tenir \u00e0 distance les cr\u00e9atures les plus effroyables gr\u00e2ce \u00e0 un pouvoir particulier \u2013 Sisyphe continue la lutte. Pour l\u2019aider dans son combat, il a pris sous son aile Zak, un apprenti tr\u00e8s prometteur. Capable d&rsquo;\u00e9tablir lui-aussi ce Lien mental avec les animaux, celui-ci doit s&rsquo;entra\u00eener pour ma\u00eetriser son don.<!--more--><\/p>\n<blockquote><p><span style=\"font-family: Georgia; line-height: 1.5;\">Je suis le pass\u00e9. Lui, c\u2019est l\u2019avenir ! Ses choix permettraient \u00e0 Sombresecret de retrouver la paix. Mais il est si puissant et si fragile \u00e0 la fois.<\/span><\/p><\/blockquote>\n<p>Mais lorsque son mentor, empoisonn\u00e9, se retrouve entre la vie et la mort, Zak doit partir \u00e0 la recherche d\u2019un antidote pour le sauver. Dans sa qu\u00eate initiatique, il peut compter sur l\u2019aide de Lyka, une ourse bless\u00e9e, fraichement apprivois\u00e9e gr\u00e2ce au Lien leur permettant de communiquer, qui va se r\u00e9v\u00e9ler \u00eatre une pr\u00e9cieuse et fid\u00e8le alli\u00e9e.<\/p>\n<blockquote><p>Ils se connaissaient \u00e0 peine. Mais le Lien les unissait \u00e0 la vie \u00e0 la mort.<\/p><\/blockquote>\n<p>Face \u00e0 l\u2019arm\u00e9e d\u2019arachnides qu\u2019ils doivent affronter, plus dangereuses les unes que les autres, ils ne seront pas trop de deux\u2026<\/p>\n<blockquote>\n<p style=\"line-height: 18.0pt;\">L&rsquo;entr\u00e9e de la caverne aux araign\u00e9es n&rsquo;\u00e9tait pas sombre, tout au contraire. Des toiles tapissaient de blanc les rochers saillants et leurs fils collants scintillaient d&rsquo;une lueur \u00e9trange, offrant \u00e0 la lumi\u00e8re l&rsquo;occasion de s&rsquo;inviter.<\/p>\n<\/blockquote>\n<p style=\"line-height: 18.0pt;\">Quel rythme ! D\u00e8s les premi\u00e8res lignes, on est embarqu\u00e9 dans une aventure \u00e0 perdre haleine o\u00f9 la tension de l&rsquo;intrigue est palpable \u00e0 chaque page. Impossible de l\u00e2cher le livre !<\/p>\n<p style=\"line-height: 18.0pt;\">Dans ce premier tome, tous les ingr\u00e9dients du roman d&rsquo;initiation sont habilement r\u00e9unis pour permettre au lecteur d&rsquo;accrocher \u00e0 la s\u00e9rie. La structure narrative est construite comme une qu\u00eate m\u00ealant action en temps r\u00e9el et souvenirs fa\u00e7on flashbacks. Tr\u00e8s cin\u00e9matographique. En collectant progressivement des indices sur l&rsquo;intrigue et les diff\u00e9rents protagonistes, le lecteur suit les aventures de ce jeune h\u00e9ros sympathique, encore un peu fragile mais tr\u00e8s courageux (un peu dans l&rsquo;esprit du jeune \u00e9cuyer Moustic alias Arthur dans Merlin l&rsquo;enchanteur version dessin-anim\u00e9), tr\u00e8s vite confront\u00e9 au fait de devoir se battre pour la survie de son ma\u00eetre au p\u00e9ril de sa vie. Rapidement immerg\u00e9 dans cet univers fantastique riche en rebondissements, le lecteur peut facilement s&rsquo;identifier et affronter aux c\u00f4t\u00e9s de Zak les diff\u00e9rentes \u00e9preuves pour triompher contre les forces du Mal (berk, berk, d\u00e9cid\u00e9ment je n&rsquo;aime vraiment pas les araign\u00e9es !) Si passionnant et haletant qu&rsquo;il faudra vite trouver les Tome 2 et 3 pour d\u00e9couvrir la suite. Arghhh, il me les faut, vite &nbsp;!<\/p>\n<blockquote>\n<p style=\"line-height: 18.0pt;\"><span style=\"font-size: 12.0pt; font-family: Georgia; color: #333333;\">La l\u00e9gende de Sombresecret ne faisait que commencer\u2026 C\u2019\u00e9tait l\u2019histoire d\u2019un jeune gar\u00e7on au don unique.<\/span><\/p>\n<\/blockquote>\n<p>Le style est&nbsp;fluide, les dialogues sont enlev\u00e9s et teint\u00e9s d&rsquo;humour, le choix d&rsquo;un vocabulaire adapt\u00e9 au jeune lecteur ne&nbsp;sacrifie aucun d\u00e9tail aux&nbsp;descriptions des p\u00e9rip\u00e9ties ni \u00e0 la retranscription des \u00e9motions des personnages. On est totalement immerg\u00e9 dans l&rsquo;esprit de Zak, pris avec lui dans sa course folle&nbsp;\u00e0 la recherche de l&rsquo;ingr\u00e9dient vital&nbsp;dans l&rsquo;\u00e9laboration de l&rsquo;antidote qui sauvera son ma\u00eetre Sisyphe, et intrigu\u00e9 par cette&nbsp;myst\u00e9rieuse force int\u00e9rieure qui br\u00fble en lui ? &nbsp;Saura-il la maitriser ?&nbsp;\u00c0 suivre&#8230;<\/p>\n<p><strong>Auteur : <a href=\"http:\/\/www.pascalbrissy.com\/\">Pascal BRISSY<br \/>\n<\/a>Illustratrice : Maud&nbsp;BIHAN<\/strong><br \/>\n<strong>Edition : <a href=\"http:\/\/www.auzou.fr\/romans\/877-le-dernier-pisteur-la-caverne-aux-araignees-9782733843536.html\">Auzou romans<\/a>, collection Pas de g\u00e9ant, 96&nbsp;pages &#8211; 5,50 euros<\/strong><br \/>\n<strong>Ann\u00e9e : Janvier&nbsp;2017<\/strong><\/p>\n<hr>\n<figure id=\"attachment_2829\" aria-describedby=\"caption-attachment-2829\" style=\"width: 129px\" class=\"wp-caption alignleft\"><img loading=\"lazy\" class=\" wp-image-2829\" src=\"http:\/\/la-licorne-a-lunettes.fr\/wp-content\/uploads\/2017\/04\/pascal-brissy-300x300.jpg\" alt=\"\" width=\"129\" height=\"129\" srcset=\"https:\/\/la-licorne-a-lunettes.fr\/wp-content\/uploads\/2017\/04\/pascal-brissy-300x300.jpg 300w, https:\/\/la-licorne-a-lunettes.fr\/wp-content\/uploads\/2017\/04\/pascal-brissy-150x150.jpg 150w, https:\/\/la-licorne-a-lunettes.fr\/wp-content\/uploads\/2017\/04\/pascal-brissy-100x100.jpg 100w, https:\/\/la-licorne-a-lunettes.fr\/wp-content\/uploads\/2017\/04\/pascal-brissy-200x200.jpg 200w, https:\/\/la-licorne-a-lunettes.fr\/wp-content\/uploads\/2017\/04\/pascal-brissy.jpg 360w\" sizes=\"(max-width: 129px) 100vw, 129px\" \/><figcaption id=\"caption-attachment-2829\" class=\"wp-caption-text\">(c) DR<\/figcaption><\/figure>\n<p>&nbsp;<\/p>\n<p>Lire <a href=\"http:\/\/la-licorne-a-lunettes.fr\/index.php\/2017\/04\/12\/interview-pascal-brissy-nous-parle-de-son-nouveau-roman-et-de-ses-lectures-denfance\/\">l&rsquo;interview de Pascal BRISSY (en cliquant ici) <\/a>qui nous parle du Dernier Pisteur ainsi que de ses lectures d&rsquo;enfance et sa passion pour l&rsquo;\u00e9criture.<\/p>\n<p>&nbsp;<\/p>\n<p>&nbsp;<\/p>\n<hr>\n<p>Du m\u00eame auteur :<\/p>\n<p><img loading=\"lazy\" class=\" wp-image-2786\" src=\"http:\/\/la-licorne-a-lunettes.fr\/wp-content\/uploads\/2017\/04\/dernier-pisteur-T2-204x300.jpg\" alt=\"\" width=\"116\" height=\"171\" srcset=\"https:\/\/la-licorne-a-lunettes.fr\/wp-content\/uploads\/2017\/04\/dernier-pisteur-T2-204x300.jpg 204w, https:\/\/la-licorne-a-lunettes.fr\/wp-content\/uploads\/2017\/04\/dernier-pisteur-T2-768x1129.jpg 768w, https:\/\/la-licorne-a-lunettes.fr\/wp-content\/uploads\/2017\/04\/dernier-pisteur-T2-697x1024.jpg 697w, https:\/\/la-licorne-a-lunettes.fr\/wp-content\/uploads\/2017\/04\/dernier-pisteur-T2.jpg 1386w\" sizes=\"(max-width: 116px) 100vw, 116px\" \/><\/p>\n<p>Aux Editions Auzou :<br \/>\n&#8211; Le Dernier Pisteur (T2 et T3) (\u00e0 venir) avec Bonnie Pang<br \/>\n&#8211; La s\u00e9rie <em>Cosmos Express&nbsp;<\/em>aec Oriol Vidal<br \/>\n&nbsp; &nbsp;&#8211; Plan\u00e8te Interdite<br \/>\n&nbsp; &nbsp;&#8211; Le Crok-plan\u00e8te<\/p>\n<p>Aux Editions Nathan :<br \/>\n&#8211; Une biblioth\u00e8que en voyage (avec Frederic Benaglia)<\/p>\n<p>Aux <a href=\"http:\/\/www.editions-hatier.fr\/auteur\/pascal-brissy\">Editions Hatier<\/a>&nbsp;:<br \/>\n&#8211; La collection <em>Hercule Carotte, d\u00e9tective<\/em> avec Guillaume Trannoy<br \/>\n&nbsp; &nbsp; &nbsp;&#8211; Vol sur le Nil<br \/>\n&nbsp; &nbsp; &nbsp;&#8211; Un fant\u00f4me \u00e0 Trouillebleue<br \/>\n&nbsp; &nbsp; &nbsp;&#8211; Myst\u00e8re \u00e0 la Tour Eiffel<br \/>\n&nbsp; &nbsp; &nbsp;&#8211; Le message Top secret<br \/>\n&nbsp; &nbsp; &nbsp;&#8211; L&rsquo;\u00e9nigme de l&rsquo;Orient Express<br \/>\n&nbsp; &nbsp; &nbsp;&#8211; Panique au Mus\u00e9e du Louvre<\/p>\n<p>&#8211; La collection <em>Au Galop Silver !&nbsp;<\/em>avec Evelyne Duverne<br \/>\n&nbsp; &nbsp;&#8211; Mes deux cavali\u00e8res au concours de saut<br \/>\n&nbsp; &nbsp;&#8211; Un poney star dans mon box<br \/>\n&nbsp; &nbsp;&#8211; Ma sortie de tous les dangers<br \/>\n&nbsp; &nbsp;&#8211; Le myst\u00e9rieux Cheval noir<br \/>\n&nbsp; &nbsp;&#8211; Surprise \u00e0 l&rsquo;\u00e9preuve de Cross<\/p>\n<p>-La collection <em>Monsieur Loup et Cie<\/em> avec Joelle Dreidemy<br \/>\n&nbsp; &nbsp; &#8211; Mission Petite Souris<br \/>\n&nbsp; &nbsp; &#8211; &nbsp;Trop bon le dinausore<br \/>\n&nbsp; &nbsp; &#8211; Monsieur Loup n&rsquo;a m\u00eame pas peur&nbsp;!<br \/>\n&nbsp; &nbsp; &#8211; Monsieur Loup super-pompier<br \/>\n&nbsp; &nbsp; &#8211; SOS Pere No\u00ebl<br \/>\n&nbsp; &nbsp; &#8211; Attention Ouistiti<br \/>\n&nbsp; &nbsp; &#8211; Une nounou d&rsquo;enfer<\/p>\n<p>&#8211; La collection U<em>ne aventure de Tom et Ninon<\/em><br \/>\n&nbsp; &nbsp;&#8211; La princesse et le chevalier<br \/>\n&nbsp; &nbsp;&#8211;&nbsp;La ferme<br \/>\n&nbsp; &nbsp;&#8211; Les pompiers<\/p>\n<p>&#8211; Au dodo Tomi<br \/>\n&#8211; Tomi et les v\u00e9hicules<br \/>\n&#8211; Au bain, Tomi<\/p>\n<p>Aux Editions Milan&nbsp;:<br \/>\n&#8211; Boucle d&rsquo;ogre et les trois ours (avec Lyhda Corazza)<br \/>\n&#8211; Le chevalier id\u00e9al (avec Frederic Pillot)<br \/>\n&#8211; La tarte au secret (avec Florence Langlois)<br \/>\n&#8211; Le livre des histoires du soir<br \/>\n&#8211; Le livre des histoires de No\u00ebl<br \/>\n&#8211; La biblioth\u00e8que du P\u00e8re No\u00ebl<br \/>\n&#8211; Mon livre d&rsquo;histoires et son CD<\/p>\n<p>Aux Editions Utopique :<br \/>\n&#8211; Mais quelle id\u00e9e !<\/p>\n<p>Aux Editions Lito :<br \/>\n&#8211; La collection Les Ptits Amis avec&nbsp;Charlotte Ameling<\/p>\n","protected":false},"excerpt":{"rendered":"<p>Vous qui entrouvrez la porte de ce livre, vous qui vous aventurez sur les terres de l\u2019\u00e9nigmatique royaume de Sombresecret, sachez que l&rsquo;exp\u00e9rience que vous aller vivre sera forte en \u00e9motions. Une fois entr\u00e9 dans l\u2019univers de Zak, ce jeune pisteur de 11 ans au don exceptionnel, vous ne voudrez plus en sortir. Depuis l\u2019av\u00e8nement [&hellip;]<\/p>\n","protected":false},"author":1,"featured_media":0,"comment_status":"open","ping_status":"open","sticky":false,"template":"","format":"standard","meta":{"ngg_post_thumbnail":0},"categories":[4,19,61],"tags":[52,30,214,23,215,7,221,222],"_links":{"self":[{"href":"https:\/\/la-licorne-a-lunettes.fr\/index.php\/wp-json\/wp\/v2\/posts\/2784"}],"collection":[{"href":"https:\/\/la-licorne-a-lunettes.fr\/index.php\/wp-json\/wp\/v2\/posts"}],"about":[{"href":"https:\/\/la-licorne-a-lunettes.fr\/index.php\/wp-json\/wp\/v2\/types\/post"}],"author":[{"embeddable":true,"href":"https:\/\/la-licorne-a-lunettes.fr\/index.php\/wp-json\/wp\/v2\/users\/1"}],"replies":[{"embeddable":true,"href":"https:\/\/la-licorne-a-lunettes.fr\/index.php\/wp-json\/wp\/v2\/comments?post=2784"}],"version-history":[{"count":32,"href":"https:\/\/la-licorne-a-lunettes.fr\/index.php\/wp-json\/wp\/v2\/posts\/2784\/revisions"}],"predecessor-version":[{"id":2857,"href":"https:\/\/la-licorne-a-lunettes.fr\/index.php\/wp-json\/wp\/v2\/posts\/2784\/revisions\/2857"}],"wp:attachment":[{"href":"https:\/\/la-licorne-a-lunettes.fr\/index.php\/wp-json\/wp\/v2\/media?parent=2784"}],"wp:term":[{"taxonomy":"category","embeddable":true,"href":"https:\/\/la-licorne-a-lunettes.fr\/index.php\/wp-json\/wp\/v2\/categories?post=2784"},{"taxonomy":"post_tag","embeddable":true,"href":"https:\/\/la-licorne-a-lunettes.fr\/index.php\/wp-json\/wp\/v2\/tags?post=2784"}],"curies":[{"name":"wp","href":"https:\/\/api.w.org\/{rel}","templated":true}]}}