{"id":2699,"date":"2017-04-02T18:51:34","date_gmt":"2017-04-02T17:51:34","guid":{"rendered":"http:\/\/la-licorne-a-lunettes.fr\/?p=2699"},"modified":"2017-04-02T18:54:27","modified_gmt":"2017-04-02T17:54:27","slug":"kadogo","status":"publish","type":"post","link":"https:\/\/la-licorne-a-lunettes.fr\/index.php\/2017\/04\/02\/kadogo\/","title":{"rendered":"Kadogo"},"content":{"rendered":"<figure id=\"attachment_2703\" aria-describedby=\"caption-attachment-2703\" style=\"width: 226px\" class=\"wp-caption alignleft\"><img loading=\"lazy\" class=\"wp-image-2703 size-medium\" src=\"http:\/\/la-licorne-a-lunettes.fr\/wp-content\/uploads\/2017\/04\/Kadogo-226x300.jpg\" alt=\"\" width=\"226\" height=\"300\" srcset=\"https:\/\/la-licorne-a-lunettes.fr\/wp-content\/uploads\/2017\/04\/Kadogo-226x300.jpg 226w, https:\/\/la-licorne-a-lunettes.fr\/wp-content\/uploads\/2017\/04\/Kadogo.jpg 504w\" sizes=\"(max-width: 226px) 100vw, 226px\" \/><figcaption id=\"caption-attachment-2703\" class=\"wp-caption-text\">(c) Des ronds dans l&rsquo;O<\/figcaption><\/figure>\n<p class=\"p1\">\u00c0 quoi r\u00eave un enfant de 11 ans le jour de son anniversaire ?<\/p>\n<p class=\"p1\">Jouer au foot dehors avec ses copains ? Aller au cin\u00e9ma pour voir les exploits des super-h\u00e9ros ? Faire la f\u00eate en famille autour d&rsquo;un g\u00e2teau en forme de guitare ? Sauter dans l&rsquo;eau depuis un spot vertigineux ? Sans doute des milliers de choses, tr\u00e8s diff\u00e9rentes, au quatre coins du monde. Des r\u00eaves d&rsquo;enfant.<\/p>\n<p>Ce jour-l\u00e0, Gabriel f\u00eate justement ses 11 ans. Ambiance de f\u00eate dans son village, chants et danses de joie, tout le monde semble se r\u00e9jouir de ce moment si particulier marquant le passage \u00e0 l&rsquo;\u00e2ge adulte. Un peu t\u00f4t sans doute. Pour Gabriel, rien n&rsquo;a chang\u00e9 pourtant.<\/p>\n<p><img loading=\"lazy\" class=\"wp-image-2710 size-medium alignright\" src=\"http:\/\/la-licorne-a-lunettes.fr\/wp-content\/uploads\/2017\/04\/inter-kadogo-300x225.jpg\" alt=\"\" width=\"300\" height=\"225\" srcset=\"https:\/\/la-licorne-a-lunettes.fr\/wp-content\/uploads\/2017\/04\/inter-kadogo-300x225.jpg 300w, https:\/\/la-licorne-a-lunettes.fr\/wp-content\/uploads\/2017\/04\/inter-kadogo-768x576.jpg 768w, https:\/\/la-licorne-a-lunettes.fr\/wp-content\/uploads\/2017\/04\/inter-kadogo-1024x768.jpg 1024w, https:\/\/la-licorne-a-lunettes.fr\/wp-content\/uploads\/2017\/04\/inter-kadogo.jpg 1600w\" sizes=\"(max-width: 300px) 100vw, 300px\" \/>Autour de son oncle, des amis parlementent, ils ont un cadeau pour lui. La musique s&rsquo;arr\u00eate, Gabriel doit ouvrir son pr\u00e9sent. La tension est \u00e0 son comble. Un objet brillant, tr\u00e8s lourd, envelopp\u00e9 dans une toile de jute : une kalachnikov !<!--more--><\/p>\n<blockquote><p>Il ne pouvait pas r\u00eaver mieux pour ses 11&nbsp;ans !<\/p><\/blockquote>\n<p>Et&nbsp;la situation tourne vite au cauchemar pour Gabriel qui, la nuit m\u00eame, est projet\u00e9 sans m\u00e9nagement \u00e0 l&rsquo;arri\u00e8re d&rsquo;une jeep d\u00e9marrant en trombe. Tremblant de peur, il d\u00e9couvre sa destination : un camp d&rsquo;entra\u00eenement pour enfants soldats, les Kadogo (signifiant \u00ab&nbsp;encore petit&nbsp;\u00bb en swahili). Adieu la libert\u00e9 et l&rsquo;innocence, finie la douceur de l&rsquo;enfance. Gabriel est confront\u00e9 \u00e0 l&rsquo;horreur de la guerre o\u00f9 r\u00e8gne la brutalit\u00e9 et la violence.&nbsp;Tuer ou \u00eatre tuer&#8230;<\/p>\n<blockquote><p>L&rsquo;air est lourd, charg\u00e9 de cette peur qui circule entre eux.<\/p><\/blockquote>\n<p>C&rsquo;est une histoire qu&rsquo;on ne devrait pas lire, une r\u00e9alit\u00e9 qu&rsquo;on ne devrait pas vivre : l&#8217;embrigadement des enfants pour faire la guerre.<\/p>\n<p>Les mots d&rsquo;Ingrid Chabbert sont simples, directs et vous d\u00e9chirent le&nbsp;coeur. L&rsquo;injustice hurle fort dans cet album, un cri de r\u00e9volte contre l&rsquo;impensable, l&rsquo;inhumain : des enfants tueurs. Les illustrations \u00e0 l&rsquo;aquarelle de Jo\u00ebl Alessandra tissent une ambiance moite, sombre, parsem\u00e9es de petites touches de lumi\u00e8re blanche, soulignant l&rsquo;\u00e9clat du&nbsp;regard effray\u00e9 de Gabriel.<\/p>\n<p>La lecture de cet album m&rsquo;a brutalement&nbsp;renvoy\u00e9 \u00e0 l&rsquo;univers du <em>Killer Kid<\/em> de Claude Klotz (1989), et de ces deux enfants confront\u00e9s \u00e0 l&rsquo;horreur du&nbsp;conflit au&nbsp;Moyen-Orient. La couverture m&rsquo;avait parue tellement d\u00e9cal\u00e9e \u00e0 l&rsquo;\u00e9poque.<\/p>\n<figure id=\"attachment_2711\" aria-describedby=\"caption-attachment-2711\" style=\"width: 102px\" class=\"wp-caption alignright\"><img loading=\"lazy\" class=\"wp-image-2711 \" src=\"http:\/\/la-licorne-a-lunettes.fr\/wp-content\/uploads\/2017\/04\/killer-kid-194x300.jpg\" alt=\"\" width=\"102\" height=\"158\" srcset=\"https:\/\/la-licorne-a-lunettes.fr\/wp-content\/uploads\/2017\/04\/killer-kid-194x300.jpg 194w, https:\/\/la-licorne-a-lunettes.fr\/wp-content\/uploads\/2017\/04\/killer-kid-768x1188.jpg 768w, https:\/\/la-licorne-a-lunettes.fr\/wp-content\/uploads\/2017\/04\/killer-kid-662x1024.jpg 662w, https:\/\/la-licorne-a-lunettes.fr\/wp-content\/uploads\/2017\/04\/killer-kid.jpg 1293w\" sizes=\"(max-width: 102px) 100vw, 102px\" \/><figcaption id=\"caption-attachment-2711\" class=\"wp-caption-text\">(c) A Michel<\/figcaption><\/figure>\n<blockquote><p>C\u2019est un 9&nbsp;mm \u00e0 canon court et crosse quadrill\u00e9e, on a livr\u00e9 la s\u00e9curit\u00e9 du chargeur.<br \/>\nJe l\u2019aime bien.<br \/>\nJe suis tellement habitu\u00e9 \u00e0 lui qu\u2019il vient tout seul dans ma main.<br \/>\nC\u2019est avec lui que je vais tuer.<br \/>\nJ\u2019esp\u00e8re que je m\u2019en sortirais, parce que sinon, je n\u2019aurais vraiment pas beaucoup v\u00e9cu.<\/p>\n<p>Je dois avoir 11&nbsp;ans.<\/p><\/blockquote>\n<p>Cette co\u00e9dition avec Amnesty International r\u00e9veille les consciences et rappelle la lutte contre le drame de l&rsquo;enr\u00f4lement d&rsquo;enfants soldats&nbsp;! Un album au sujet dur \u00e0 lire accompagn\u00e9, pour inviter \u00e0 la r\u00e9flexion.<\/p>\n<p><strong>Auteure : Ingrid Chabbert<\/strong><br \/>\n<strong> Illustrateur : Jo\u00ebl Alessandra<\/strong><br \/>\n<strong> Edition : <a href=\"https:\/\/www.desrondsdanslo.com\/Kadogo.html\">Des ronds dans l&rsquo;O<\/a> &#8211; Album &#8211; 36 pages &#8211; 13,50 euros<\/strong><br \/>\n<strong> Ann\u00e9e : Mars 2017<\/strong><\/p>\n<hr>\n<p>De la m\u00eame auteure chez Des ronds dans l&rsquo;O :<\/p>\n<ul>\n<li><a class=\"texte\" href=\"https:\/\/www.desrondsdanslo.com\/Malo.html\">Le bateau de Malo<\/a>, illustr\u00e9 par Fabiana Attanasio<\/li>\n<li><a class=\"texte\" href=\"https:\/\/www.desrondsdanslo.com\/MemoireAuxOiseaux.html\">La m\u00e9moire aux oiseaux<\/a>, illustr\u00e9 par Soufie<\/li>\n<li><a class=\"texte\" href=\"https:\/\/www.desrondsdanslo.com\/Tisseuse.html\">La tisseuse de nuages<\/a>, illustr\u00e9 par Virginie Rapiat<\/li>\n<li><a class=\"texte\" href=\"https:\/\/www.desrondsdanslo.com\/LePetitGilet.html\">Le petit gilet beige<\/a>, illustr\u00e9 par Marie Lafrance<\/li>\n<li><a class=\"texte\" href=\"https:\/\/www.desrondsdanslo.com\/LeLivreDeMaman.html\">Le livre de maman<\/a>, illustr\u00e9 par C\u00e9cile Bondon<\/li>\n<li><a class=\"texte\" href=\"https:\/\/www.desrondsdanslo.com\/MonPepe.html\">Mon p\u00e9p\u00e9<\/a>, illustr\u00e9 par Annette Boisnard<\/li>\n<\/ul>\n<p>Du m\u00eame illustrateur :&nbsp;<\/p>\n<p>D\u2019Ingrid Chabbert aux \u00e9ditions Frimousse :<br \/>\n&#8211; Moi Albert d\u00e9testateur de livres avec&nbsp;Raul GURIDI (<a href=\"http:\/\/la-licorne-a-lunettes.fr\/index.php\/2017\/01\/03\/moi-albert-detestateur-de-livres\/\">chroniqu\u00e9 ici<\/a>)<br \/>\n&#8211;&nbsp;5 mouches et une trompetteavec&nbsp;Raul GURIDI<strong>&nbsp;<\/strong>(<a href=\"http:\/\/la-licorne-a-lunettes.fr\/index.php\/2016\/11\/03\/5-mouches-et-une-trompette\/\">chroniqu\u00e9 ici<\/a>)<br \/>\n&#8211; Tine et Junior (BD) avec Brice FOLLET<br \/>\n&#8211;&nbsp;Fais passer avec Maureen POIGNONEC (<a href=\"http:\/\/la-licorne-a-lunettes.fr\/index.php\/2016\/11\/29\/fais-passer\/\">chroniqu\u00e9 ici<\/a>)<br \/>\n&#8211; Si tu ne ranges pas ta chambre avec Severine DUCH\u00caNE&nbsp;<br \/>\n&#8211; Si tu ne manges pas ta soupe avec Severine DUCH\u00caNE<br \/>\n&#8211; Si tu ne vas pas te&nbsp;coucher avec Severine DUCH\u00caNE<br \/>\n&#8211; Le dernier arbre&nbsp;avec&nbsp;Raul GURIDI<br \/>\n&#8211; The day I became a bird&nbsp;avec&nbsp;Raul GURIDI<br \/>\n&#8211; Le loup c\u2019est moi&nbsp;avec&nbsp;Raul GURIDI<br \/>\n&#8211; Le grand m\u00e9chant GRAOU&nbsp;avec&nbsp;Raul GURIDI<br \/>\n&#8211; Edmond avec&nbsp;Raul GURIDI<\/p>\n<p>et aux \u00e9ditions Steinkis :<br \/>\n-Ecumes (roman graphique) avec Carole MAUREL (<a href=\"http:\/\/la-licorne-a-lunettes.fr\/index.php\/2017\/03\/05\/ecumes\/\">chroniqu\u00e9 ici<\/a>)<\/p>\n<p>Quelques autres ouvrages :<br \/>\n&#8211; L\u2019\u00e9trange boutique de Miss Potimary avec Severine LEFEBVRE (Jungle Jeunesse)<br \/>\n&#8211; Poils aux pattes<br \/>\n&#8211; Le parfum des feuilles de th\u00e9 avec C\u00e9lia Chauffrey (La Martini\u00e8re Jeunesse)<br \/>\n&#8211; Titoc avec Marjorie B\u00e9al (Balivernes)<br \/>\n&#8211; La revanche des chaussettes qui puent<br \/>\n&#8211; Tout le monde sait faire du v\u00e9lo<br \/>\n&#8211; L\u2019imagier des saisons<br \/>\n&#8211; L\u2019imagier de la nuit<br \/>\n&#8211;&nbsp;Les jumelles<br \/>\n&#8211; Artus et Lubin<br \/>\n&#8211; Y a un monstre \u00e0 c\u00f4t\u00e9<br \/>\n&#8211; Boubouh<\/p>\n","protected":false},"excerpt":{"rendered":"<p>\u00c0 quoi r\u00eave un enfant de 11 ans le jour de son anniversaire ? Jouer au foot dehors avec ses copains ? Aller au cin\u00e9ma pour voir les exploits des super-h\u00e9ros ? Faire la f\u00eate en famille autour d&rsquo;un g\u00e2teau en forme de guitare ? Sauter dans l&rsquo;eau depuis un spot vertigineux ? Sans doute [&hellip;]<\/p>\n","protected":false},"author":1,"featured_media":0,"comment_status":"open","ping_status":"open","sticky":false,"template":"","format":"standard","meta":{"ngg_post_thumbnail":0},"categories":[206,4,45],"tags":[189,205,116,156,204],"_links":{"self":[{"href":"https:\/\/la-licorne-a-lunettes.fr\/index.php\/wp-json\/wp\/v2\/posts\/2699"}],"collection":[{"href":"https:\/\/la-licorne-a-lunettes.fr\/index.php\/wp-json\/wp\/v2\/posts"}],"about":[{"href":"https:\/\/la-licorne-a-lunettes.fr\/index.php\/wp-json\/wp\/v2\/types\/post"}],"author":[{"embeddable":true,"href":"https:\/\/la-licorne-a-lunettes.fr\/index.php\/wp-json\/wp\/v2\/users\/1"}],"replies":[{"embeddable":true,"href":"https:\/\/la-licorne-a-lunettes.fr\/index.php\/wp-json\/wp\/v2\/comments?post=2699"}],"version-history":[{"count":11,"href":"https:\/\/la-licorne-a-lunettes.fr\/index.php\/wp-json\/wp\/v2\/posts\/2699\/revisions"}],"predecessor-version":[{"id":2714,"href":"https:\/\/la-licorne-a-lunettes.fr\/index.php\/wp-json\/wp\/v2\/posts\/2699\/revisions\/2714"}],"wp:attachment":[{"href":"https:\/\/la-licorne-a-lunettes.fr\/index.php\/wp-json\/wp\/v2\/media?parent=2699"}],"wp:term":[{"taxonomy":"category","embeddable":true,"href":"https:\/\/la-licorne-a-lunettes.fr\/index.php\/wp-json\/wp\/v2\/categories?post=2699"},{"taxonomy":"post_tag","embeddable":true,"href":"https:\/\/la-licorne-a-lunettes.fr\/index.php\/wp-json\/wp\/v2\/tags?post=2699"}],"curies":[{"name":"wp","href":"https:\/\/api.w.org\/{rel}","templated":true}]}}