{"id":2006,"date":"2016-12-12T22:49:11","date_gmt":"2016-12-12T21:49:11","guid":{"rendered":"http:\/\/la-licorne-a-lunettes.fr\/?p=2006"},"modified":"2017-03-15T10:46:34","modified_gmt":"2017-03-15T09:46:34","slug":"le-fantome-de-carmen","status":"publish","type":"post","link":"https:\/\/la-licorne-a-lunettes.fr\/index.php\/2016\/12\/12\/le-fantome-de-carmen\/","title":{"rendered":"Le fant\u00f4me de Carmen"},"content":{"rendered":"<figure id=\"attachment_2007\" aria-describedby=\"caption-attachment-2007\" style=\"width: 192px\" class=\"wp-caption alignleft\"><img loading=\"lazy\" class=\"size-medium wp-image-2007\" src=\"http:\/\/la-licorne-a-lunettes.fr\/wp-content\/uploads\/2016\/12\/Le-fantome-de-Carmen-620x969-192x300.jpg\" alt=\"(c) Sarbacane\" width=\"192\" height=\"300\" srcset=\"https:\/\/la-licorne-a-lunettes.fr\/wp-content\/uploads\/2016\/12\/Le-fantome-de-Carmen-620x969-192x300.jpg 192w, https:\/\/la-licorne-a-lunettes.fr\/wp-content\/uploads\/2016\/12\/Le-fantome-de-Carmen-620x969.jpg 620w\" sizes=\"(max-width: 192px) 100vw, 192px\" \/><figcaption id=\"caption-attachment-2007\" class=\"wp-caption-text\">(c) Sarbacane<\/figcaption><\/figure>\n<p>Prend garde \u00e0 toi, si tu ne \u00e9cout\u00e9lis pas ce magnifique conte musical cr\u00e9\u00e9 par Pierre Cr\u00e9ac&rsquo;h !<\/p>\n<p>Attention, talent ! Attention, magie de la musique et du coup de crayon ! La couverture inspire d\u00e9j\u00e0 le respect devant un ouvrage d&rsquo;une telle qualit\u00e9&#8230; C&rsquo;est du bel ouvrage, \u00e7a Madame !<\/p>\n<p>Plus s\u00e9rieusement, si vous aimez l&rsquo;histoire et l&rsquo;Op\u00e9ra de Georges Bizet, Carmen, vous allez adorer. Si vous n&rsquo;aimez pas l&rsquo;op\u00e9ra en g\u00e9n\u00e9ral, vous allez aimez quand m\u00eame, c&rsquo;est oblig\u00e9. Si vous avez 3 ans ou 83 ans et que vous n&rsquo;y connaissez rien en musique, vous allez \u00eatre s\u00e9duits. Si vous n&rsquo;aimez pas qu&rsquo;on vous embarque dans une fabuleuse histoire quasi magique, presque mystique, berc\u00e9e par l&rsquo;envo\u00fbtante voix de Yolande Moreau, alors l\u00e0 je ne sais pas ce qu&rsquo;on va faire de vous. Ou alors, vous \u00eates une tortue sourde ou Bubulle le poisson rouge.<\/p>\n<p>Installez-vous et \u00e9coutez bien. <!--more-->C&rsquo;est l&rsquo;histoire de Louis, le petit preneur de son du <a href=\"http:\/\/editions-sarbacane.com\/le-silence-de-lopera\/\">Silence de l&rsquo;Op\u00e9ra<\/a> qui va assister \u00e0 un spectacle exceptionnel : le c\u00e9l\u00e8bre op\u00e9ra Carmen, \u00e0 l&rsquo;Op\u00e9ra de Paris. Seulement, alors que la r\u00e9p\u00e9tition g\u00e9n\u00e9rale doit commencer, le voil\u00e0 confront\u00e9 \u00e0 un des fant\u00f4mes-op\u00e9ra : une grande madr\u00e9 espagnole qui cherche d\u00e9sesp\u00e9r\u00e9ment&nbsp;les personnages de Carmen.<\/p>\n<figure id=\"attachment_2020\" aria-describedby=\"caption-attachment-2020\" style=\"width: 300px\" class=\"wp-caption alignright\"><img loading=\"lazy\" class=\"size-medium wp-image-2020\" src=\"http:\/\/la-licorne-a-lunettes.fr\/wp-content\/uploads\/2016\/12\/inter-Le-fantome-de-Carmen-p8-9-300x237.jpg\" alt=\"(c) P. Creac'h\" width=\"300\" height=\"237\" srcset=\"https:\/\/la-licorne-a-lunettes.fr\/wp-content\/uploads\/2016\/12\/inter-Le-fantome-de-Carmen-p8-9-300x237.jpg 300w, https:\/\/la-licorne-a-lunettes.fr\/wp-content\/uploads\/2016\/12\/inter-Le-fantome-de-Carmen-p8-9-768x607.jpg 768w, https:\/\/la-licorne-a-lunettes.fr\/wp-content\/uploads\/2016\/12\/inter-Le-fantome-de-Carmen-p8-9.jpg 1013w\" sizes=\"(max-width: 300px) 100vw, 300px\" \/><figcaption id=\"caption-attachment-2020\" class=\"wp-caption-text\">(c) P. Creac&rsquo;h<\/figcaption><\/figure>\n<blockquote><p>O\u00f9 \u00eates-vouuuuus ? Petits, petits ! Hou hou !<\/p><\/blockquote>\n<p>Ils ont disparus et ce soir n&rsquo;est pas un soir comme les autres : la famille royale d&rsquo;Espagne sera dans la salle. C&rsquo;est une catastrophe. Furieux, le Directeur de l&rsquo;Op\u00e9ra menace la fant\u00f4matique Madr\u00e9 d&rsquo;\u00eatre retir\u00e9e du r\u00e9pertoire et de retourner \u00e0 l&rsquo;Op\u00e9ra Comique si tout ne rentre pas dans l&rsquo;ordre d&rsquo;ici ce soir.<\/p>\n<blockquote><p>Je suis l&rsquo;Op\u00e9ra le plus jou\u00e9 au monde et vous me donner des ordres ? Je fais gr\u00e8ve !<\/p><\/blockquote>\n<p>Le Directeur est pr\u00eat \u00e0 offrir 6 mois de vacances pour \u00e9viter le scandale. Louis et la madr\u00e9 partent alors en qu\u00eate des personnages perdus. Au fil des pages aux remarquables illustrations \u00e0 la mine de plomb, les deux amis remontent le cours de l&rsquo;histoire de Carmen et r\u00e9cup\u00e8rent au fur et \u00e0 mesure les personnages.<\/p>\n<p>Chaque tableau, chaque sc\u00e8ne est rythm\u00e9e par des extraits de l&rsquo;Op\u00e9ra qui permettent d&rsquo;osciller avec gr\u00e2ce entre la magie du conte lu et l&rsquo;\u00e9merveillement de la musique de Georges Bizet. Ce conte est construit comme une v\u00e9ritable enqu\u00eate pleine de rebondissements, une course poursuite apr\u00e8s Carmen et tous les personnages : Mica\u00ebla, Don Jose, Escamillo, les enfants-soldats, les brigadiers, les danseuses, le capitaine Zuniga, des chevaux et m\u00eame un taureau&#8230;<\/p>\n<p>L&rsquo;heure tourne et il manque toujours cette coquine et insaisissable gitane rebelle. Et que ce passe-t-il quand un personnage rencontre son interpr\u00e8te ? Des \u00e9tincelles !!! C&rsquo;est souvent dr\u00f4le, toujours exaltant, tellement entra\u00eenant. Un talentueux musicien doubl\u00e9 d&rsquo;un fabuleux dessinateur, que demander de mieux. Bravo l&rsquo;artiste, quelle Cr\u00e9ac&rsquo;hivit\u00e9 !<\/p>\n<p>Pour savoir si Carmen acceptera de retourner sur la sc\u00e8ne et si l&rsquo;\u00e2me de cet op\u00e9ra si c\u00e9l\u00e8bre resplendira, il faut aller acheter ce livre-\u00e9crin de toute urgence. Quelle chance, c&rsquo;est bient\u00f4t No\u00ebl.<\/p>\n<p>D&rsquo;ailleurs, aux petits chanceux qui trouveront un ticket d&rsquo;or dans leur exemplaire, une soir\u00e9e \u00e0 l&rsquo;op\u00e9ra leur sera offerte. Savouricieuse id\u00e9e, M. l&rsquo;\u00e9diteur !&nbsp;<\/p>\n<p><img loading=\"lazy\" class=\"alignleft size-medium wp-image-2021\" src=\"http:\/\/la-licorne-a-lunettes.fr\/wp-content\/uploads\/2016\/12\/dedicace-fantome-carmen-211x300.jpg\" alt=\"dedicace-fantome-carmen\" width=\"211\" height=\"300\" srcset=\"https:\/\/la-licorne-a-lunettes.fr\/wp-content\/uploads\/2016\/12\/dedicace-fantome-carmen-211x300.jpg 211w, https:\/\/la-licorne-a-lunettes.fr\/wp-content\/uploads\/2016\/12\/dedicace-fantome-carmen-768x1094.jpg 768w, https:\/\/la-licorne-a-lunettes.fr\/wp-content\/uploads\/2016\/12\/dedicace-fantome-carmen-719x1024.jpg 719w\" sizes=\"(max-width: 211px) 100vw, 211px\" \/>Petit bonus pour moi au Salon de Montreuil : une jolie d\u00e9dicace pour la Licorne \u00e0 Lunettes !<\/p>\n<p>Clin d&rsquo;oeil de l&rsquo;auteur&nbsp;: si vous \u00eates attentif et un peu curieux, vous chercherez aussi tout au long des pages les petits chats cach\u00e9s&#8230; Malicieux !<\/p>\n<p><strong>Auteur \/ Illustrateur : Pierre CREAC&rsquo;H<\/strong><br \/>\n<strong> Edition : Sarbacane &#8211; Livre CD &#8211; 112 pages &#8211; 29,90 euros<\/strong><br \/>\n<strong> Ann\u00e9e : Octobre 2016<\/strong><\/p>\n<p>Du m\u00eame auteur :&nbsp;<br \/>\n&#8211; Le silence de l&rsquo;op\u00e9ra, racont\u00e9 par Jean Rochefort<br \/>\n&#8211; Le ch\u00e2teau des pianos, racont\u00e9 par Pierre Arditi.<\/p>\n<p>&nbsp;<\/p>\n<p>&nbsp;<\/p>\n<div class=\"olsen-light-responsive-embed\"><iframe loading=\"lazy\" src=\"https:\/\/player.vimeo.com\/video\/187046258\" width=\"665\" height=\"490\" frameborder=\"0\" title=\"Le fantome de Carmen\" webkitallowfullscreen mozallowfullscreen allowfullscreen><\/iframe><\/div>\n","protected":false},"excerpt":{"rendered":"<p>Prend garde \u00e0 toi, si tu ne \u00e9cout\u00e9lis pas ce magnifique conte musical cr\u00e9\u00e9 par Pierre Cr\u00e9ac&rsquo;h ! Attention, talent ! Attention, magie de la musique et du coup de crayon ! La couverture inspire d\u00e9j\u00e0 le respect devant un ouvrage d&rsquo;une telle qualit\u00e9&#8230; C&rsquo;est du bel ouvrage, \u00e7a Madame ! Plus s\u00e9rieusement, si vous [&hellip;]<\/p>\n","protected":false},"author":1,"featured_media":0,"comment_status":"open","ping_status":"open","sticky":false,"template":"","format":"standard","meta":{"ngg_post_thumbnail":0},"categories":[17,3,4,39],"tags":[147,67,37,146,71,145,185],"_links":{"self":[{"href":"https:\/\/la-licorne-a-lunettes.fr\/index.php\/wp-json\/wp\/v2\/posts\/2006"}],"collection":[{"href":"https:\/\/la-licorne-a-lunettes.fr\/index.php\/wp-json\/wp\/v2\/posts"}],"about":[{"href":"https:\/\/la-licorne-a-lunettes.fr\/index.php\/wp-json\/wp\/v2\/types\/post"}],"author":[{"embeddable":true,"href":"https:\/\/la-licorne-a-lunettes.fr\/index.php\/wp-json\/wp\/v2\/users\/1"}],"replies":[{"embeddable":true,"href":"https:\/\/la-licorne-a-lunettes.fr\/index.php\/wp-json\/wp\/v2\/comments?post=2006"}],"version-history":[{"count":10,"href":"https:\/\/la-licorne-a-lunettes.fr\/index.php\/wp-json\/wp\/v2\/posts\/2006\/revisions"}],"predecessor-version":[{"id":2340,"href":"https:\/\/la-licorne-a-lunettes.fr\/index.php\/wp-json\/wp\/v2\/posts\/2006\/revisions\/2340"}],"wp:attachment":[{"href":"https:\/\/la-licorne-a-lunettes.fr\/index.php\/wp-json\/wp\/v2\/media?parent=2006"}],"wp:term":[{"taxonomy":"category","embeddable":true,"href":"https:\/\/la-licorne-a-lunettes.fr\/index.php\/wp-json\/wp\/v2\/categories?post=2006"},{"taxonomy":"post_tag","embeddable":true,"href":"https:\/\/la-licorne-a-lunettes.fr\/index.php\/wp-json\/wp\/v2\/tags?post=2006"}],"curies":[{"name":"wp","href":"https:\/\/api.w.org\/{rel}","templated":true}]}}